{"id":295637,"date":"2025-08-04T11:39:16","date_gmt":"2025-08-04T11:39:16","guid":{"rendered":"https:\/\/www.europesays.com\/fr\/295637\/"},"modified":"2025-08-04T11:39:16","modified_gmt":"2025-08-04T11:39:16","slug":"anthony-delon-met-les-points-sur-les-i-au-sujet-de-son-dernier-projet","status":"publish","type":"post","link":"https:\/\/www.europesays.com\/fr\/295637\/","title":{"rendered":"Anthony Delon met les points sur les \u00ab\u00a0i\u00a0\u00bb au sujet de son dernier projet"},"content":{"rendered":"<p>Anthony Delon se ressource <a href=\"https:\/\/www.20minutes.fr\/arts-stars\/people\/4116776-20241021-anthony-delon-tres-emu-lors-hommage-pere-aimerait-faire-douchy-musee\" target=\"_blank\" class=\"color-ultramarine c-link\" rel=\"noopener\">\u00e0 Douchy<\/a>, comme en t\u00e9moignent ses derni\u00e8res stories Instagram. Entre deux tranches de gigot d\u2019agneau d\u00e9coup\u00e9es par ses soins, gr\u00e2ce au \u00ab\u00a0coup de lame d\u2019un fils de charcutier\u00a0\u00bb, pour les convives d\u2019un brunch dominical, celui dont l\u2019illustre p\u00e8re a travaill\u00e9 dans ses jeunes ann\u00e9es chez un commer\u00e7ant boucher-charcutier est en pleine \u00e9criture.<\/p>\n<p>\u00ab\u00a0Il faut maintenant rester silencieux\u00a0\u00bb<\/p>\n<p>Dans une <a href=\"https:\/\/www.instagram.com\/p\/DMui9TlIH7x\/?hl=fr\" rel=\"nofollow noopener\" target=\"_blank\" class=\"color-ultramarine c-link\">vid\u00e9o<\/a>, il a pr\u00e9sent\u00e9 <a href=\"https:\/\/www.20minutes.fr\/arts-stars\/people\/4157932-20250611-anthony-delon-refugie-douchy-bucher-nouveau-projet-piece-theatre\" target=\"_blank\" class=\"color-ultramarine c-link\" rel=\"noopener\">le projet sur lequel il planche<\/a> dans cet environnement inspirant. Torse nu, depuis une pi\u00e8ce de la maison de Douchy o\u00f9 l\u2019on aper\u00e7oit des gants de boxe accroch\u00e9s derri\u00e8re lui, il fait \u00ab\u00a0un point sur l\u2019\u00e9criture de (s) a pi\u00e8ce\u00a0\u00bb.<\/p>\n<p>L\u2019occasion de couper court aux all\u00e9gations, notant que \u00ab\u00a0c\u2019est une pure fiction\u00a0\u00bb, qui \u00ab\u00a0n\u2019est pas une adaptation de Bastingage\u00a0\u00bb, son dernier roman, \u00ab\u00a0et encore moins l\u2019histoire de notre famille, de ce qui a pu se passer ici cette derni\u00e8re ann\u00e9e ou ces derniers deux ans\u00a0\u00bb.<\/p>\n<p>Le demi-fr\u00e8re d\u2019Alain-Fabien et <a href=\"https:\/\/www.20minutes.fr\/arts-stars\/people\/4155095-20250523-anthony-delon-blesse-testament-fait-anouchka-delon-unique-heritiere-droit-moral-pere-alain\" target=\"_blank\" class=\"color-ultramarine c-link\" rel=\"noopener\">Anouchka Delon<\/a> estime \u00ab\u00a0d\u2019ailleurs que \u00e7a n\u2019int\u00e9resse plus personne\u00a0\u00bb.<\/p>\n<p>\u00ab\u00a0\u00c0 ce sujet, puisqu\u2019on approche la date fatidique, je pense qu\u2019il faut maintenant rester silencieux\u00a0\u00bb, insiste-t-il en r\u00e9f\u00e9rence au premier anniversaire de la mort d\u2019Alain Delon, le 18\u00a0ao\u00fbt prochain, et des d\u00e9chirements qu\u2019a d\u00e9clench\u00e9s sa fin de vie au sein du clan familial.<\/p>\n<p>L\u2019hommage de la commune<\/p>\n<p>Le maire de Douchy a tout de m\u00eame pr\u00e9vu de rendre hommage \u00e0 Alain Delon en baptisant le stade local de son nom et avec la projection d\u2019un documentaire d\u00e9di\u00e9 \u00e0 l\u2019attachement du com\u00e9dien de La piscine \u00e0 la r\u00e9gion. Un \u00e9v\u00e9nement cr\u00e9\u00e9 \u00ab\u00a0avec l\u2019accord des enfants\u00a0\u00bb Delon, comme l\u2019a pr\u00e9cis\u00e9 Anthony <a href=\"https:\/\/www.francebleu.fr\/infos\/societe\/premier-anniversaire-de-la-mort-d-alain-delon-une-ceremonie-en-hommage-a-l-acteur-prevu-a-douchy-2663401\" rel=\"nofollow noopener\" target=\"_blank\" class=\"color-ultramarine c-link\">\u00e0 l\u2019AFP<\/a>, m\u00eame si leur pr\u00e9sence n\u2019est pour l\u2019instant pas assur\u00e9e.<\/p>\n<p>Quant \u00e0 la pi\u00e8ce de th\u00e9\u00e2tre en pleine gen\u00e8se, Anthony Delon devrait avoir \u00ab\u00a0termin\u00e9 une premi\u00e8re version fin ao\u00fbt\u00a0\u00bb, annonce-t-il, promettant d\u2019en dire \u00ab\u00a0plus, naturellement\u00a0\u00bb, \u00e0 son public le moment venu.<\/p>\n<p><script async src=\"\/\/www.instagram.com\/embed.js\"><\/script><\/p>\n","protected":false},"excerpt":{"rendered":"Anthony Delon se ressource \u00e0 Douchy, comme en t\u00e9moignent ses derni\u00e8res stories Instagram. Entre deux tranches de gigot&hellip;\n","protected":false},"author":2,"featured_media":295638,"comment_status":"","ping_status":"","sticky":false,"template":"","format":"standard","meta":{"footnotes":""},"categories":[1354],"tags":[253,5960,22608,3983,58,2005,59,1346,1011,27,1360,973,133],"class_list":{"0":"post-295637","1":"post","2":"type-post","3":"status-publish","4":"format-standard","5":"has-post-thumbnail","7":"category-films","8":"tag-acteur","9":"tag-alain-delon","10":"tag-anthony-delon","11":"tag-deces","12":"tag-divertissement","13":"tag-ecrivain","14":"tag-entertainment","15":"tag-films","16":"tag-fr","17":"tag-france","18":"tag-movies","19":"tag-people","20":"tag-video"},"share_on_mastodon":{"url":"https:\/\/pubeurope.com\/@fr\/114970307082361750","error":""},"_links":{"self":[{"href":"https:\/\/www.europesays.com\/fr\/wp-json\/wp\/v2\/posts\/295637","targetHints":{"allow":["GET"]}}],"collection":[{"href":"https:\/\/www.europesays.com\/fr\/wp-json\/wp\/v2\/posts"}],"about":[{"href":"https:\/\/www.europesays.com\/fr\/wp-json\/wp\/v2\/types\/post"}],"author":[{"embeddable":true,"href":"https:\/\/www.europesays.com\/fr\/wp-json\/wp\/v2\/users\/2"}],"replies":[{"embeddable":true,"href":"https:\/\/www.europesays.com\/fr\/wp-json\/wp\/v2\/comments?post=295637"}],"version-history":[{"count":0,"href":"https:\/\/www.europesays.com\/fr\/wp-json\/wp\/v2\/posts\/295637\/revisions"}],"wp:featuredmedia":[{"embeddable":true,"href":"https:\/\/www.europesays.com\/fr\/wp-json\/wp\/v2\/media\/295638"}],"wp:attachment":[{"href":"https:\/\/www.europesays.com\/fr\/wp-json\/wp\/v2\/media?parent=295637"}],"wp:term":[{"taxonomy":"category","embeddable":true,"href":"https:\/\/www.europesays.com\/fr\/wp-json\/wp\/v2\/categories?post=295637"},{"taxonomy":"post_tag","embeddable":true,"href":"https:\/\/www.europesays.com\/fr\/wp-json\/wp\/v2\/tags?post=295637"}],"curies":[{"name":"wp","href":"https:\/\/api.w.org\/{rel}","templated":true}]}}