{"id":295642,"date":"2025-08-04T11:42:10","date_gmt":"2025-08-04T11:42:10","guid":{"rendered":"https:\/\/www.europesays.com\/fr\/295642\/"},"modified":"2025-08-04T11:42:10","modified_gmt":"2025-08-04T11:42:10","slug":"alice-belaidi-prete-a-donner-50-de-son-salaire-aux-migrants","status":"publish","type":"post","link":"https:\/\/www.europesays.com\/fr\/295642\/","title":{"rendered":"Alice Bela\u00efdi pr\u00eate \u00e0 \u00ab\u00a0donner 50% de son salaire\u00a0\u00bb aux migrants"},"content":{"rendered":"<p>Alice Bela\u00efdi n\u2019a pas m\u00e2ch\u00e9 ses mots. Lors d\u2019un entretien au<br \/>\npodcast Pause avec Alexandre Mars, l\u2019actrice de 38 ans a \u00e9t\u00e9<br \/>\ninterrog\u00e9e sur son rapport \u00e0 la notori\u00e9t\u00e9 et \u00e0 l&rsquo;argent. C&rsquo;est \u00e0<br \/>\ncette occasion qu&rsquo;elle a exprim\u00e9 sans d\u00e9tour son opinion sur<br \/>\nl&rsquo;imp\u00f4t et la solidarit\u00e9, notamment envers les migrants.<br \/>\n<strong>(voir la vid\u00e9o ci-dessous)<\/strong><\/p>\n<p>Connue pour ses r\u00f4les dans des com\u00e9dies populaires comme<br \/>\n<a href=\"https:\/\/www.mariefrance.fr\/news-people\/artus-ptit-truc-plus-prend-au-telethon-1046153.html\" target=\"_blank\" rel=\"noopener nofollow\">\u00ab\u00a0Un pt&rsquo;tit truc en plus\u00a0\u00bb<\/a> ou \u00ab\u00a0Les<br \/>\nKa\u00efra\u00a0\u00bb, l\u2019actrice de 38 ans a abord\u00e9 frontalement la question de<br \/>\nl\u2019accueil des personnes migrantes en France. \u00ab\u00a0Moi, \u00e7a ne me d\u00e9range<br \/>\npas du tout de donner 50% de mon gros salaire \u00e0 l&rsquo;\u00c9tat pour qu&rsquo;on<br \/>\naide ces gens-l\u00e0, qu&rsquo;on tende la main \u00e0 ces mecs qui traversent la<br \/>\nM\u00e9diterran\u00e9e avec leurs gosses parce qu&rsquo;ils cr\u00e8vent chez eux\u00a0\u00bb,<br \/>\na-t-elle d\u00e9clar\u00e9 dans la vid\u00e9o.<\/p>\n<p>\u00ab\u00a0Ils vont me voler mon pain, ils vont<br \/>\nme voler ma terre&#8230;\u00a0\u00bb<\/p>\n<p>Alice Bela\u00efdi a poursuivi avec un message fort destin\u00e9 \u00e0 ceux<br \/>\nqui s\u2019opposent \u00e0 l\u2019accueil des r\u00e9fugi\u00e9s. \u00ab\u00a0Rien que \u00e7a, de me dire :<br \/>\n&lsquo;Ils vont me voler mon pain, ils vont me voler ma terre&#8230;&rsquo; Je<br \/>\nn&rsquo;arrive pas \u00e0 comprendre. Qu&rsquo;est-ce que vous n&rsquo;avez pas dans le<br \/>\nc\u0153ur pour ne pas avoir envie d&rsquo;aider l&rsquo;opprim\u00e9 ?\u00a0\u00bb<\/p>\n<p>Ce positionnement tranch\u00e9 a imm\u00e9diatement d\u00e9clench\u00e9 une vague de<br \/>\ncommentaires sur les r\u00e9seaux sociaux donc X (anciennement Twitter).<br \/>\nSi certains saluent son courage, d&rsquo;autres l&rsquo;accusent de d\u00e9connexion<br \/>\navec la r\u00e9alit\u00e9 sociale de nombreux Fran\u00e7ais.<\/p>\n<blockquote class=\"twitter-tweet\"><p><a class=\"twitter-link\" rel=\"noindex, nofollow noopener\" href=\"https:\/\/twitter.com\/destinationcine\/status\/1951639552638017590\" target=\"_blank\"><\/p><\/blockquote>\n<p><script async src=\"https:\/\/platform.twitter.com\/widgets.js\" charset=\"utf-8\"><\/script><\/p>\n","protected":false},"excerpt":{"rendered":"Alice Bela\u00efdi n\u2019a pas m\u00e2ch\u00e9 ses mots. Lors d\u2019un entretien au podcast Pause avec Alexandre Mars, l\u2019actrice de&hellip;\n","protected":false},"author":2,"featured_media":295643,"comment_status":"","ping_status":"","sticky":false,"template":"","format":"standard","meta":{"footnotes":""},"categories":[8],"tags":[21303,58,59,1011,27,43274],"class_list":{"0":"post-295642","1":"post","2":"type-post","3":"status-publish","4":"format-standard","5":"has-post-thumbnail","7":"category-divertissement","8":"tag-buzz_nonli","9":"tag-divertissement","10":"tag-entertainment","11":"tag-fr","12":"tag-france","13":"tag-ga1"},"share_on_mastodon":{"url":"https:\/\/pubeurope.com\/@fr\/114970318861077754","error":""},"_links":{"self":[{"href":"https:\/\/www.europesays.com\/fr\/wp-json\/wp\/v2\/posts\/295642","targetHints":{"allow":["GET"]}}],"collection":[{"href":"https:\/\/www.europesays.com\/fr\/wp-json\/wp\/v2\/posts"}],"about":[{"href":"https:\/\/www.europesays.com\/fr\/wp-json\/wp\/v2\/types\/post"}],"author":[{"embeddable":true,"href":"https:\/\/www.europesays.com\/fr\/wp-json\/wp\/v2\/users\/2"}],"replies":[{"embeddable":true,"href":"https:\/\/www.europesays.com\/fr\/wp-json\/wp\/v2\/comments?post=295642"}],"version-history":[{"count":0,"href":"https:\/\/www.europesays.com\/fr\/wp-json\/wp\/v2\/posts\/295642\/revisions"}],"wp:featuredmedia":[{"embeddable":true,"href":"https:\/\/www.europesays.com\/fr\/wp-json\/wp\/v2\/media\/295643"}],"wp:attachment":[{"href":"https:\/\/www.europesays.com\/fr\/wp-json\/wp\/v2\/media?parent=295642"}],"wp:term":[{"taxonomy":"category","embeddable":true,"href":"https:\/\/www.europesays.com\/fr\/wp-json\/wp\/v2\/categories?post=295642"},{"taxonomy":"post_tag","embeddable":true,"href":"https:\/\/www.europesays.com\/fr\/wp-json\/wp\/v2\/tags?post=295642"}],"curies":[{"name":"wp","href":"https:\/\/api.w.org\/{rel}","templated":true}]}}