{"id":295648,"date":"2025-08-04T11:45:18","date_gmt":"2025-08-04T11:45:18","guid":{"rendered":"https:\/\/www.europesays.com\/fr\/295648\/"},"modified":"2025-08-04T11:45:18","modified_gmt":"2025-08-04T11:45:18","slug":"teheran-cree-un-conseil-de-defense-pour-renforcer-ses-capacites-militaires","status":"publish","type":"post","link":"https:\/\/www.europesays.com\/fr\/295648\/","title":{"rendered":"T\u00e9h\u00e9ran cr\u00e9e un conseil de d\u00e9fense pour renforcer ses capacit\u00e9s militaires"},"content":{"rendered":"<p>Apr\u00e8s sa r\u00e9cente guerre avec Isra\u00ebl, l\u2019<a href=\"https:\/\/www.20minutes.fr\/monde\/iran\/\" target=\"_blank\" class=\"color-ultramarine c-link\" rel=\"nofollow noopener\">Iran<\/a> ne compte pas baisser les armes. T\u00e9h\u00e9ran a en effet annonc\u00e9 dimanche la cr\u00e9ation d\u2019un conseil de d\u00e9fense visant \u00e0 renforcer ses capacit\u00e9s militaires.<\/p>\n<p>\u00ab\u00a0Le Conseil supr\u00eame de s\u00e9curit\u00e9 nationale a approuv\u00e9 la cr\u00e9ation du Conseil de d\u00e9fense nationale\u00a0\u00bb, a indiqu\u00e9 la t\u00e9l\u00e9vision d\u2019Etat. Cette annonce intervient apr\u00e8s la guerre de 12 jours d\u00e9clench\u00e9e en juin par <a href=\"https:\/\/www.20minutes.fr\/monde\/israel\/\" target=\"_blank\" class=\"color-ultramarine c-link\" rel=\"nofollow noopener\">Isra\u00ebl<\/a> avec le soutien des <a href=\"https:\/\/www.20minutes.fr\/monde\/etats-unis\/\" target=\"_blank\" class=\"color-ultramarine c-link\" rel=\"nofollow noopener\">Etats-Unis<\/a>.<\/p>\n<p>Le pr\u00e9sident de la R\u00e9publique \u00e0 la t\u00eate de l\u2019instance<\/p>\n<p>La nouvelle organisation sera pr\u00e9sid\u00e9e par le pr\u00e9sident de la R\u00e9publique islamique et se compose notamment de commandants des forces arm\u00e9es, et des minist\u00e8res concern\u00e9s, a ajout\u00e9 la t\u00e9l\u00e9vision. Le Conseil de d\u00e9fense \u00ab\u00a0examine les plans de d\u00e9fense\u00a0\u00bb et \u00ab\u00a0renforce les capacit\u00e9s des forces arm\u00e9es de mani\u00e8re centralis\u00e9e\u00a0\u00bb, a expliqu\u00e9 le m\u00e9dia d\u2019Etat.<\/p>\n<\/p>\n<p>Isra\u00ebl a lanc\u00e9 le 13\u00a0juin une attaque surprise contre l\u2019Iran et men\u00e9 des centaines de frappes sur des sites militaires, nucl\u00e9aires, ainsi que des b\u00e2timents officiels et tu\u00e9 des scientifiques li\u00e9s au <a href=\"https:\/\/www.20minutes.fr\/dossier\/programme_nucleaire_iranien\" target=\"_blank\" class=\"color-ultramarine c-link\" rel=\"nofollow noopener\">programme nucl\u00e9aire iranien<\/a>, per\u00e7u comme une menace existentielle. L\u2019Iran a ripost\u00e9 avec des tirs de missiles et de drones sur Isra\u00ebl et vis\u00e9 la plus importante base am\u00e9ricaine du Moyen-Orient au Qatar.<\/p>\n<p>L\u2019implication des Etats-Unis<\/p>\n<p>Les Etats-Unis, alli\u00e9s d\u2019Isra\u00ebl, ont quant \u00e0 eux bombard\u00e9 le 22\u00a0juin le site souterrain d\u2019enrichissement d\u2019uranium de Fordo, au sud de T\u00e9h\u00e9ran, et des installations nucl\u00e9aires \u00e0 Ispahan et Natanz.<\/p>\n<p><a href=\"https:\/\/www.20minutes.fr\/monde\/iran\/\" target=\"_blank\" class=\"c-link c-btn c-btn--primary\" rel=\"nofollow noopener\">Notre dossier sur l&rsquo;Iran<\/a><\/p>\n<p>Plus d\u2019un millier de personnes ont \u00e9t\u00e9 tu\u00e9es en Iran durant le conflit, selon les autorit\u00e9s iraniennes. Isra\u00ebl a pour sa part fait \u00e9tat de 28 morts.<\/p>\n","protected":false},"excerpt":{"rendered":"Apr\u00e8s sa r\u00e9cente guerre avec Isra\u00ebl, l\u2019Iran ne compte pas baisser les armes. T\u00e9h\u00e9ran a en effet annonc\u00e9&hellip;\n","protected":false},"author":2,"featured_media":295649,"comment_status":"","ping_status":"","sticky":false,"template":"","format":"standard","meta":{"footnotes":""},"categories":[5],"tags":[47,11,7613,73,1011,27,32810,14,3019,664,74,12,3020,10458,133,28],"class_list":{"0":"post-295648","1":"post","2":"type-post","3":"status-publish","4":"format-standard","5":"has-post-thumbnail","7":"category-international","8":"tag-actualite","9":"tag-actualites","10":"tag-conflit-au-proche-orient","11":"tag-etats-unis","12":"tag-fr","13":"tag-france","14":"tag-guerre-israeliran","15":"tag-international","16":"tag-iran","17":"tag-israel","18":"tag-monde","19":"tag-news","20":"tag-nucleaire-iranien","21":"tag-programme-nucleaire-iranien","22":"tag-video","23":"tag-world"},"share_on_mastodon":{"url":"https:\/\/pubeurope.com\/@fr\/114970330781231280","error":""},"_links":{"self":[{"href":"https:\/\/www.europesays.com\/fr\/wp-json\/wp\/v2\/posts\/295648","targetHints":{"allow":["GET"]}}],"collection":[{"href":"https:\/\/www.europesays.com\/fr\/wp-json\/wp\/v2\/posts"}],"about":[{"href":"https:\/\/www.europesays.com\/fr\/wp-json\/wp\/v2\/types\/post"}],"author":[{"embeddable":true,"href":"https:\/\/www.europesays.com\/fr\/wp-json\/wp\/v2\/users\/2"}],"replies":[{"embeddable":true,"href":"https:\/\/www.europesays.com\/fr\/wp-json\/wp\/v2\/comments?post=295648"}],"version-history":[{"count":0,"href":"https:\/\/www.europesays.com\/fr\/wp-json\/wp\/v2\/posts\/295648\/revisions"}],"wp:featuredmedia":[{"embeddable":true,"href":"https:\/\/www.europesays.com\/fr\/wp-json\/wp\/v2\/media\/295649"}],"wp:attachment":[{"href":"https:\/\/www.europesays.com\/fr\/wp-json\/wp\/v2\/media?parent=295648"}],"wp:term":[{"taxonomy":"category","embeddable":true,"href":"https:\/\/www.europesays.com\/fr\/wp-json\/wp\/v2\/categories?post=295648"},{"taxonomy":"post_tag","embeddable":true,"href":"https:\/\/www.europesays.com\/fr\/wp-json\/wp\/v2\/tags?post=295648"}],"curies":[{"name":"wp","href":"https:\/\/api.w.org\/{rel}","templated":true}]}}