{"id":295654,"date":"2025-08-04T11:48:23","date_gmt":"2025-08-04T11:48:23","guid":{"rendered":"https:\/\/www.europesays.com\/fr\/295654\/"},"modified":"2025-08-04T11:48:23","modified_gmt":"2025-08-04T11:48:23","slug":"la-circulation-encore-perturbee-sur-la47-et-la72","status":"publish","type":"post","link":"https:\/\/www.europesays.com\/fr\/295654\/","title":{"rendered":"la circulation encore perturb\u00e9e sur l&rsquo;A47 et l&rsquo;A72"},"content":{"rendered":"<p>Sur l&rsquo;A47<\/p>\n<p>\u00c0 Saint-Chamond<\/p>\n<p><a href=\"https:\/\/www.leprogres.fr\/economie\/2024\/03\/15\/a-47-la-bande-d-arret-d-urgence-a-hauteur-de-l-horme-bientot-elargie\" target=\"_blank\" rel=\"nofollow noopener\">Les travaux d&rsquo;\u00e9largissement de bande d\u2019arr\u00eat d\u2019urgence<\/a> se poursuivent. Dans le sens Saint-Etienne\/Lyon, la circulation se fait sur des voies de largeurs r\u00e9duites jusqu\u2019au 11 septembre. Par ailleurs, la vitesse est r\u00e9duite \u00e0 70 km\/h avec interdiction de d\u00e9passement pour les v\u00e9hicules de plus de 3,5 tonnes.<\/p>\n<p>\u00c0 Lorette<\/p>\n<p>En raison de la r\u00e9paration d\u2019un mur de sout\u00e8nement, la circulation dans le sens Saint-Etienne\/Lyon s\u2019effectue sur des voies de largeur r\u00e9duite de mani\u00e8re permanente jusqu\u2019au 26 septembre 2025. La vitesse est limit\u00e9e \u00e0 70 km\/h avec interdiction de d\u00e9passement pour les v\u00e9hicules de plus de 3,5 tonnes.<\/p>\n<p>De Givors \u00e0 Saint-Chamond<\/p>\n<p>En raison d&rsquo;un marquage \u00e0 la peinture, la voie de droite et\/ou de gauche sera neutralis\u00e9e, alternativement, dans les deux sens de circulation les nuits du lundi 4, du mardi 5, du mercredi 6 et du jeudi 7 ao\u00fbt de 21 heures \u00e0 6 heures.<\/p>\n<p>\u00c0 Givors<\/p>\n<p><a href=\"https:\/\/www.leprogres.fr\/economie\/2025\/06\/26\/l-a47-sera-fermee-pendant-quatre-nuits-entre-saint-etienne-et-lyon-cet-ete\" target=\"_blank\" rel=\"nofollow noopener\">En raison de travaux de s\u00e9curisation<\/a>, dans le sens Saint-Etienne\/Lyon, l\u2019A47 sera ferm\u00e9e \u00e0 la circulation, la nuit du lundi 4 ao\u00fbt, de 21 heures \u00e0 6 heures. Une d\u00e9viation \u00e0 l&rsquo;attention des usagers est mise en place via l\u2019\u00e9changeur n\u00b010 \u00ab Givors Ouest \u00bb.<\/p>\n<p>Sur la N88<\/p>\n<p>\u00c0 Saint-Etienne<\/p>\n<p>Des travaux d\u2019am\u00e9nagement sont programm\u00e9s jusqu&rsquo;au 10 octobre. Dans le sens Firminy\/Saint-Etienne, la bretelle de sortie n\u00b024 \u00ab Annonay &#8211; Col de la R\u00e9publique &#8211; Bourg-Argental\u00a0\u00bb est ferm\u00e9e \u00e0 la circulation de mani\u00e8re permanente jusqu\u2019au 10 octobre.<\/p>\n<p>\u00c0 Saint-Chamond (la Varizelle)<\/p>\n<p>La circulation est perturb\u00e9e jusqu&rsquo;\u00e0 3 septembre, <a href=\"https:\/\/www.leprogres.fr\/economie\/2024\/03\/15\/a-47-la-bande-d-arret-d-urgence-a-hauteur-de-l-horme-bientot-elargie\" target=\"_blank\" rel=\"nofollow noopener\">afin de cr\u00e9er un demi-\u00e9changeur<\/a>. La voie de gauche du sens Lyon\/Saint-Etienne est neutralis\u00e9e et la circulation sur les deux<br \/>voies restantes s\u2019effectue sur des voies de largeur r\u00e9duite. La vitesse est limit\u00e9e \u00e0 70 km\/h avec interdiction de d\u00e9passement pour les v\u00e9hicules de plus de 3,5 tonnes.<\/p>\n<p>De plus, la voie de gauche du sens Saint-Etienne\/Lyon est neutralis\u00e9e et la circulation sur les deux voies restantes s\u2019effectue sur des voies de largeur r\u00e9duite. La vitesse est limit\u00e9e \u00e0 70km\/h avec interdiction de d\u00e9passement pour les v\u00e9hicules de plus de 3,5 tonnes.<\/p>\n<p>Sur l&rsquo;A72<\/p>\n<p>\u00c0 Andr\u00e9zieux-Bouth\u00e9on<\/p>\n<p>Les travaux d&rsquo;am\u00e9nagement de l\u2019\u00e9changeur n\u00b09 de la Gouyonni\u00e8re vont encore perturber la circulation cette semaine. Dans le sens Saint-Etienne\/Clermont-Ferrand, la bretelle d\u2019entr\u00e9e de l\u2019\u00e9changeur n\u00b09 en direction de Clermont-Ferrand est ferm\u00e9e de mani\u00e8re permanente jusqu\u2019au 29 ao\u00fbt. Une d\u00e9viation est mise en place via la RD1082 afin de reprendre l\u2019A72 en direction de Clermont-Ferrand par la bretelle d\u2019entr\u00e9e de l\u2019\u00e9changeur n\u00b08.<\/p>\n<p>En outre, la bretelle de sortie 9b (vers Montbrison\/Saint-Just-Saint-Rambert) est ferm\u00e9e \u00e0 la circulation de mani\u00e8re permanente jusqu\u2019au 29 ao\u00fbt. Une d\u00e9viation \u00e0 l&rsquo;attention des usagers est mise en place selon l&rsquo;itin\u00e9raire suivant : bretelle de sortie 9a, RD100, \u00e9changeur de l\u2019envol, retour sur RD100, giratoire de la Gouyonni\u00e8re.<\/p>\n<p>Par ailleurs, dans le sens St-Etienne\/Andr\u00e9zieux, la voie de droite sera neutralis\u00e9e et la<br \/>bretelle de sortie n\u00b09a sera ferm\u00e9e \u00e0 la circulation les nuits du lundi 4, du mardi 5, du<br \/>mercredi 6 et du jeudi 7 ao\u00fbt de 21 heures \u00e0 6 heures. Une d\u00e9viation \u00e0 l&rsquo;attention des usagers est mise en place via l\u2019\u00e9changeur n\u00b08a.<\/p>\n<p>Sur la RN488 (rocade d&rsquo;entr\u00e9e dans Saint-Etienne)<\/p>\n<p>\u00c0 Saint-Etienne<\/p>\n<p>Un affaissement de chauss\u00e9e a contraint \u00e0 neutraliser la voie de droite jusqu&rsquo;au 30 septembre, dans le sens Saint-Chamond\/Saint-Etienne. Par ailleurs, la vitesse est r\u00e9duite \u00e0 50 km\/h.<\/p>\n<p class=\"note\">Pour plus d\u2019informations sur les conditions de circulation sur le r\u00e9seau de la DIR Centre-Est\u00a0: <a href=\"http:\/\/www.dir-centre-est.fr\" rel=\"nofollow noopener\" target=\"_blank\">www.dir-centre-est.fr<\/a>.<\/p>\n","protected":false},"excerpt":{"rendered":"Sur l&rsquo;A47 \u00c0 Saint-Chamond Les travaux d&rsquo;\u00e9largissement de bande d\u2019arr\u00eat d\u2019urgence se poursuivent. Dans le sens Saint-Etienne\/Lyon, la&hellip;\n","protected":false},"author":2,"featured_media":295655,"comment_status":"","ping_status":"","sticky":false,"template":"","format":"standard","meta":{"footnotes":""},"categories":[9653],"tags":[1111,11,2430,3542,7539,1777,674,1011,27,3367,12,25,4001],"class_list":{"0":"post-295654","1":"post","2":"type-post","3":"status-publish","4":"format-standard","5":"has-post-thumbnail","7":"category-saint-etienne","8":"tag-actu","9":"tag-actualites","10":"tag-auvergne-rhone-alpes","11":"tag-circulation","12":"tag-edition-loire-sud","13":"tag-eu","14":"tag-europe","15":"tag-fr","16":"tag-france","17":"tag-loire","18":"tag-news","19":"tag-republique-francaise","20":"tag-saint-etienne"},"share_on_mastodon":{"url":"https:\/\/pubeurope.com\/@fr\/114970342472319092","error":""},"_links":{"self":[{"href":"https:\/\/www.europesays.com\/fr\/wp-json\/wp\/v2\/posts\/295654","targetHints":{"allow":["GET"]}}],"collection":[{"href":"https:\/\/www.europesays.com\/fr\/wp-json\/wp\/v2\/posts"}],"about":[{"href":"https:\/\/www.europesays.com\/fr\/wp-json\/wp\/v2\/types\/post"}],"author":[{"embeddable":true,"href":"https:\/\/www.europesays.com\/fr\/wp-json\/wp\/v2\/users\/2"}],"replies":[{"embeddable":true,"href":"https:\/\/www.europesays.com\/fr\/wp-json\/wp\/v2\/comments?post=295654"}],"version-history":[{"count":0,"href":"https:\/\/www.europesays.com\/fr\/wp-json\/wp\/v2\/posts\/295654\/revisions"}],"wp:featuredmedia":[{"embeddable":true,"href":"https:\/\/www.europesays.com\/fr\/wp-json\/wp\/v2\/media\/295655"}],"wp:attachment":[{"href":"https:\/\/www.europesays.com\/fr\/wp-json\/wp\/v2\/media?parent=295654"}],"wp:term":[{"taxonomy":"category","embeddable":true,"href":"https:\/\/www.europesays.com\/fr\/wp-json\/wp\/v2\/categories?post=295654"},{"taxonomy":"post_tag","embeddable":true,"href":"https:\/\/www.europesays.com\/fr\/wp-json\/wp\/v2\/tags?post=295654"}],"curies":[{"name":"wp","href":"https:\/\/api.w.org\/{rel}","templated":true}]}}