{"id":295662,"date":"2025-08-04T11:52:10","date_gmt":"2025-08-04T11:52:10","guid":{"rendered":"https:\/\/www.europesays.com\/fr\/295662\/"},"modified":"2025-08-04T11:52:10","modified_gmt":"2025-08-04T11:52:10","slug":"une-procedure-a-ete-lancee-pour-evacuer-les-caravanes-dans-cette-commune-du-var","status":"publish","type":"post","link":"https:\/\/www.europesays.com\/fr\/295662\/","title":{"rendered":"Une proc\u00e9dure a \u00e9t\u00e9 lanc\u00e9e pour \u00e9vacuer les caravanes dans cette commune du Var"},"content":{"rendered":"<p>Depuis dimanche, 20 caravanes de gens du voyage ont pris place sur le parking du complexe sportif Jacques Astier, situ\u00e9 rue du Grand Vallat \u00e0 La Farl\u00e8de.<\/p>\n<p>Une \u00ab\u00a0occupation ill\u00e9gale\u00a0\u00bb\u00a0que d\u00e9nonce la mairie en d\u00e9plorant l\u2019intrusion \u00ab\u00a0sans autorisation sur les parcelles communales jouxtant cet \u00e9quipement public structurant\u00a0\u00bb.<\/p>\n<p>\u00ab\u00a0D\u00e8s constatation des faits, le maire Yves Palmieri est intervenu imm\u00e9diatement sur place, accompagn\u00e9 des services de la police municipale et de la gendarmerie\u00a0\u00bb, ajoute la mairie, qui pr\u00e9cise qu\u2019une proc\u00e9dure a \u00e9t\u00e9 engag\u00e9e en urgence, en lien avec les services de la Pr\u00e9fecture, afin d\u2019obtenir la lib\u00e9ration des lieux dans les meilleurs d\u00e9lais.<\/p>\n<p>\u00ab\u00a0Le dialogue, bien que ferme, est demeur\u00e9 apais\u00e9, et a permis notamment la mise en \u0153uvre d\u2019une zone tampon entre les caravanes et les habitations environnantes\u00a0\u00bb, note la municipalit\u00e9 ,qui a fait disposer des conteneurs sur place \u00ab\u00a0pour garantir un minimum de salubrit\u00e9\u00a0\u00bb.<\/p>\n<p>Elle rappelle que la commune respecte ses obligations r\u00e9glementaires en mati\u00e8re d\u2019accueil des gens du voyage, via une aire d\u2019accueil d\u00e9di\u00e9e, et \u00ab\u00a0condamne fermement toute installation en dehors des dispositifs r\u00e9glementaires\u00a0\u00bb.<\/p>\n","protected":false},"excerpt":{"rendered":"Depuis dimanche, 20 caravanes de gens du voyage ont pris place sur le parking du complexe sportif Jacques&hellip;\n","protected":false},"author":2,"featured_media":295663,"comment_status":"","ping_status":"","sticky":false,"template":"","format":"standard","meta":{"footnotes":""},"categories":[9619],"tags":[1111,11,1777,674,1011,27,12,882,25,656,2310],"class_list":{"0":"post-295662","1":"post","2":"type-post","3":"status-publish","4":"format-standard","5":"has-post-thumbnail","7":"category-toulon","8":"tag-actu","9":"tag-actualites","10":"tag-eu","11":"tag-europe","12":"tag-fr","13":"tag-france","14":"tag-news","15":"tag-provence-alpes-cote-dazur","16":"tag-republique-francaise","17":"tag-securite","18":"tag-toulon"},"share_on_mastodon":{"url":"https:\/\/pubeurope.com\/@fr\/114970358080965651","error":""},"_links":{"self":[{"href":"https:\/\/www.europesays.com\/fr\/wp-json\/wp\/v2\/posts\/295662","targetHints":{"allow":["GET"]}}],"collection":[{"href":"https:\/\/www.europesays.com\/fr\/wp-json\/wp\/v2\/posts"}],"about":[{"href":"https:\/\/www.europesays.com\/fr\/wp-json\/wp\/v2\/types\/post"}],"author":[{"embeddable":true,"href":"https:\/\/www.europesays.com\/fr\/wp-json\/wp\/v2\/users\/2"}],"replies":[{"embeddable":true,"href":"https:\/\/www.europesays.com\/fr\/wp-json\/wp\/v2\/comments?post=295662"}],"version-history":[{"count":0,"href":"https:\/\/www.europesays.com\/fr\/wp-json\/wp\/v2\/posts\/295662\/revisions"}],"wp:featuredmedia":[{"embeddable":true,"href":"https:\/\/www.europesays.com\/fr\/wp-json\/wp\/v2\/media\/295663"}],"wp:attachment":[{"href":"https:\/\/www.europesays.com\/fr\/wp-json\/wp\/v2\/media?parent=295662"}],"wp:term":[{"taxonomy":"category","embeddable":true,"href":"https:\/\/www.europesays.com\/fr\/wp-json\/wp\/v2\/categories?post=295662"},{"taxonomy":"post_tag","embeddable":true,"href":"https:\/\/www.europesays.com\/fr\/wp-json\/wp\/v2\/tags?post=295662"}],"curies":[{"name":"wp","href":"https:\/\/api.w.org\/{rel}","templated":true}]}}