{"id":295666,"date":"2025-08-04T11:55:12","date_gmt":"2025-08-04T11:55:12","guid":{"rendered":"https:\/\/www.europesays.com\/fr\/295666\/"},"modified":"2025-08-04T11:55:12","modified_gmt":"2025-08-04T11:55:12","slug":"retrouves-nus-deux-hommes-blesses-avoir-ete-enleves-et-sequestres-2","status":"publish","type":"post","link":"https:\/\/www.europesays.com\/fr\/295666\/","title":{"rendered":"Retrouv\u00e9s nus, deux hommes bless\u00e9s avoir \u00e9t\u00e9 enlev\u00e9s et s\u00e9questr\u00e9s"},"content":{"rendered":"<p><strong>enqu\u00eate &#8211; Les deux victimes, un adolescent de 16 ans et un jeune adulte, auraient \u00e9t\u00e9 enlev\u00e9es dans le quartier de la Mosson par quatre individus cagoul\u00e9s et arm\u00e9s notamment d\u2019une Kalachnikov<\/strong><\/p>\n<p>Une <a href=\"https:\/\/www.20minutes.fr\/dossier\/enquete?at_medium=RSS%20feed&amp;at_campaign=ynews&amp;utm_source=yahoo&amp;utm_medium=rss&amp;utm_campaign=news_feed&amp;utm_content=in_article_link\" rel=\"nofollow noopener\" target=\"_blank\" data-ylk=\"slk:enqu\u00eate;elm:context_link;itc:0;sec:content-canvas\" class=\"link \">enqu\u00eate<\/a> a \u00e9t\u00e9 ouverte et confi\u00e9e \u00e0 la police judiciaire de <a href=\"https:\/\/www.20minutes.fr\/montpellier\/?at_medium=RSS%20feed&amp;at_campaign=ynews&amp;utm_source=yahoo&amp;utm_medium=rss&amp;utm_campaign=news_feed&amp;utm_content=in_article_link\" rel=\"nofollow noopener\" target=\"_blank\" data-ylk=\"slk:Montpellier;elm:context_link;itc:0;sec:content-canvas\" class=\"link \">Montpellier<\/a> (H\u00e9rault), apr\u00e8s que deux hommes ont \u00e9t\u00e9 retrouv\u00e9s bless\u00e9s dans la nuit de dimanche \u00e0 lundi. <a href=\"https:\/\/www.bfmtv.com\/police-justice\/faits-divers\/deux-hommes-retrouves-nus-et-blesses-dans-un-parc-a-montpellier-une-enquete-ouverte_AN-202508040202.html?at_medium=RSS%20feed&amp;at_campaign=ynews&amp;utm_source=yahoo&amp;utm_medium=rss&amp;utm_campaign=news_feed&amp;utm_content=in_article_link\" rel=\"nofollow noopener\" target=\"_blank\" data-ylk=\"slk:Selon BFMTV;elm:context_link;itc:0;sec:content-canvas\" class=\"link \">Selon BFMTV<\/a>, des t\u00e9moins auraient vu ces deux victimes, nues, menac\u00e9es par quatre hommes manifestement arm\u00e9s.<\/p>\n<p><a href=\"https:\/\/actu.fr\/occitanie\/montpellier_34172\/montpellier-deux-hommes-dont-un-adolescent-enleves-sequestres-et-grievement-blesses_62993749.html?at_medium=RSS%20feed&amp;at_campaign=ynews&amp;utm_source=yahoo&amp;utm_medium=rss&amp;utm_campaign=news_feed&amp;utm_content=in_article_link\" rel=\"nofollow noopener\" target=\"_blank\" data-ylk=\"slk:Selon Actu.fr;elm:context_link;itc:0;sec:content-canvas\" class=\"link \">Selon Actu.fr<\/a> qui a r\u00e9v\u00e9l\u00e9 l\u2019affaire, les deux victimes, un adolescent de 16 ans et un jeune adulte, auraient \u00e9t\u00e9 enlev\u00e9es dans le quartier de la Mosson par quatre individus cagoul\u00e9s et arm\u00e9s notamment d\u2019une <a href=\"https:\/\/www.20minutes.fr\/societe\/kalachnikov\/?at_medium=RSS%20feed&amp;at_campaign=ynews&amp;utm_source=yahoo&amp;utm_medium=rss&amp;utm_campaign=news_feed&amp;utm_content=in_article_link\" rel=\"nofollow noopener\" target=\"_blank\" data-ylk=\"slk:Kalachnikov;elm:context_link;itc:0;sec:content-canvas\" class=\"link \">Kalachnikov<\/a>, qui les auraient ligot\u00e9es, puis plac\u00e9es dans le coffre d\u2019une voiture, apr\u00e8s les avoir oblig\u00e9es \u00e0 se d\u00e9shabiller enti\u00e8rement, et avant de les passer \u00e0 tabac.<\/p>\n<p>Une voiture retrouv\u00e9e avec des impacts de balles et des traces de sang<\/p>\n<p>Plus t\u00f4t dans la soir\u00e9e, une voiture avec des traces de sang et des impacts de balles avait \u00e9t\u00e9 d\u00e9couverte par la police dans le quartier de la Chamberte.<\/p>\n<p>Les expertises en cours doivent d\u00e9terminer si ce v\u00e9hicule est en lien avec l\u2019agression de ces deux victimes. Les quatre suspects sont, eux, toujours activement recherch\u00e9s ce lundi.<\/p>\n<p><a href=\"https:\/\/www.20minutes.fr\/faits_divers\/4166585-20250804-montpellier-retrouves-nus-deux-hommes-blesses-avoir-enleves-sequestres?at_medium=RSS%20feed&amp;at_campaign=ynews&amp;utm_source=yahoo&amp;utm_medium=rss&amp;utm_campaign=news_feed&amp;utm_content=read_more_link&quot;\" rel=\"nofollow noopener\" target=\"_blank\" data-ylk=\"slk:Lire la suite sur 20minutes;elm:context_link;itc:0;sec:content-canvas\" class=\"link \">Lire la suite sur 20minutes<\/a><\/p>\n<p>\u00c0 lire aussi :<br \/><a href=\"https:\/\/www.20minutes.fr\/faits_divers\/4116189-20241017-montpellier-trois-hommes-blesses-balles-quelques-jours-paillade?at_medium=RSS%20feed&amp;at_campaign=ynews&amp;utm_source=yahoo&amp;utm_medium=rss&amp;utm_campaign=news_feed&amp;utm_content=related_content_link\" rel=\"nofollow noopener\" target=\"_blank\" data-ylk=\"slk:Montpellier\u00a0: Trois hommes bless\u00e9s par balles en quelques jours \u00e0 la Paillade;elm:context_link;itc:0;sec:content-canvas\" class=\"link \">Montpellier\u00a0: Trois hommes bless\u00e9s par balles en quelques jours \u00e0 la Paillade<\/a><br \/><a href=\"https:\/\/www.20minutes.fr\/marseille\/4155807-20250528-marseille-mort-deux-blesses-fusillade-quartiers-nord?at_medium=RSS%20feed&amp;at_campaign=ynews&amp;utm_source=yahoo&amp;utm_medium=rss&amp;utm_campaign=news_feed&amp;utm_content=related_content_link\" rel=\"nofollow noopener\" target=\"_blank\" data-ylk=\"slk:Marseille\u00a0: Un mort et deux bless\u00e9s dans une fusillade dans les quartiers nord;elm:context_link;itc:0;sec:content-canvas\" class=\"link \">Marseille\u00a0: Un mort et deux bless\u00e9s dans une fusillade dans les quartiers nord<\/a><\/p>\n","protected":false},"excerpt":{"rendered":"enqu\u00eate &#8211; Les deux victimes, un adolescent de 16 ans et un jeune adulte, auraient \u00e9t\u00e9 enlev\u00e9es dans&hellip;\n","protected":false},"author":2,"featured_media":295667,"comment_status":"","ping_status":"","sticky":false,"template":"","format":"standard","meta":{"footnotes":""},"categories":[9599],"tags":[1111,11,2883,1777,674,1011,27,9385,43576,2208,16360,12,2680,25],"class_list":{"0":"post-295666","1":"post","2":"type-post","3":"status-publish","4":"format-standard","5":"has-post-thumbnail","7":"category-montpellier","8":"tag-actu","9":"tag-actualites","10":"tag-ete","11":"tag-eu","12":"tag-europe","13":"tag-fr","14":"tag-france","15":"tag-impacts-de-balles","16":"tag-jeune-adulte","17":"tag-montpellier","18":"tag-mosson","19":"tag-news","20":"tag-occitanie","21":"tag-republique-francaise"},"share_on_mastodon":{"url":"https:\/\/pubeurope.com\/@fr\/114970370126295284","error":""},"_links":{"self":[{"href":"https:\/\/www.europesays.com\/fr\/wp-json\/wp\/v2\/posts\/295666","targetHints":{"allow":["GET"]}}],"collection":[{"href":"https:\/\/www.europesays.com\/fr\/wp-json\/wp\/v2\/posts"}],"about":[{"href":"https:\/\/www.europesays.com\/fr\/wp-json\/wp\/v2\/types\/post"}],"author":[{"embeddable":true,"href":"https:\/\/www.europesays.com\/fr\/wp-json\/wp\/v2\/users\/2"}],"replies":[{"embeddable":true,"href":"https:\/\/www.europesays.com\/fr\/wp-json\/wp\/v2\/comments?post=295666"}],"version-history":[{"count":0,"href":"https:\/\/www.europesays.com\/fr\/wp-json\/wp\/v2\/posts\/295666\/revisions"}],"wp:featuredmedia":[{"embeddable":true,"href":"https:\/\/www.europesays.com\/fr\/wp-json\/wp\/v2\/media\/295667"}],"wp:attachment":[{"href":"https:\/\/www.europesays.com\/fr\/wp-json\/wp\/v2\/media?parent=295666"}],"wp:term":[{"taxonomy":"category","embeddable":true,"href":"https:\/\/www.europesays.com\/fr\/wp-json\/wp\/v2\/categories?post=295666"},{"taxonomy":"post_tag","embeddable":true,"href":"https:\/\/www.europesays.com\/fr\/wp-json\/wp\/v2\/tags?post=295666"}],"curies":[{"name":"wp","href":"https:\/\/api.w.org\/{rel}","templated":true}]}}