{"id":295668,"date":"2025-08-04T11:56:15","date_gmt":"2025-08-04T11:56:15","guid":{"rendered":"https:\/\/www.europesays.com\/fr\/295668\/"},"modified":"2025-08-04T11:56:15","modified_gmt":"2025-08-04T11:56:15","slug":"vous-etes-a-rouen-au-mois-daout-voila-plein-didees-de-sorties-pour-vous-occuper","status":"publish","type":"post","link":"https:\/\/www.europesays.com\/fr\/295668\/","title":{"rendered":"Vous \u00eates \u00e0 Rouen au mois d&rsquo;ao\u00fbt ? Voil\u00e0 plein d&rsquo;id\u00e9es de sorties pour vous occuper"},"content":{"rendered":"<p>            Par<br \/>\n        <strong><br \/>\n            <a href=\"https:\/\/actu.fr\/auteur\/laredaction\" title=\"Consulter tous les articles de R\u00e9daction Normandie\" target=\"_blank\" rel=\"noopener\">R\u00e9daction Normandie<\/a><br \/>\n        <\/strong><\/p>\n<p>        Publi\u00e9 le<\/p>\n<p>            4 ao\u00fbt 2025 \u00e0 13h12        <\/p>\n<p>Vous \u00eates \u00e0 <a href=\"https:\/\/actu.fr\/normandie\/rouen_76540\" target=\"_blank\" rel=\"noopener\">Rouen<\/a> durant ce mois d\u2019ao\u00fbt 2025 ? Envie de profiter des vacances pour d\u00e9couvrir le coin ? On vous livre ici <strong>une longue liste de lieux, connus ou moins c\u00e9l\u00e8bres, \u00e0 (re)d\u00e9couvrir durant l\u2019\u00e9t\u00e9<\/strong>. Qui a dit qu\u2019il n\u2019y avait rien \u00e0 voir dans la r\u00e9gion ? Pas nous !<\/p>\n<p>L\u2019Historial Jeanne d\u2019Arc<br \/>\n    <img   decoding=\"async\" loading=\"lazy\" src=\"https:\/\/www.europesays.com\/fr\/wp-content\/uploads\/2025\/08\/9770836478886ab70836478887f708v-960x640.jpg\" alt=\"L'Historial Jeanne d'Arc a \u00e9t\u00e9 am\u00e9nag\u00e9 au c\u0153ur du Palais Archi\u00e9piscopal, \u00e0 deux pas de la Cath\u00e9drale de Rouen.\" width=\"960\" height=\"640\"\/><br \/>\n    L\u2019Historial Jeanne d\u2019Arc a \u00e9t\u00e9 am\u00e9nag\u00e9 au c\u0153ur du Palais Archi\u00e9piscopal, \u00e0 deux pas de la Cath\u00e9drale de Rouen. (\u00a9FM\/76actu)<\/p>\n<p class=\" wall-content\">Dans le Palais Archi\u00e9piscopal, o\u00f9 s\u2019est d\u00e9roul\u00e9 le proc\u00e8s de Jeanne d\u2019Arc qui la condamna au b\u00fbcher en 1451, puis celui de 1456 qui l\u2019innocenta, <strong>se trouve l\u2019Historial Jeanne d\u2019Arc<\/strong>. Le souvenir de celle qui est devenue un symbole de la Ville de Rouen habite ce lieu culturel incontournable.<\/p>\n<p class=\" wall-content\">Plongez au c\u0153ur de l\u2019h\u00e9ritage de Jeanne d\u2019Arc en parcourant ce palais et en d\u00e9couvrant les diff\u00e9rents espaces qui le composent, \u00e9blouissant par leur architecture et charg\u00e9s d\u2019histoire.<\/p>\n<p class=\" wall-content\">Un premier parcours, num\u00e9rique, propose <strong>une immersion dans le XVe\u00a0si\u00e8cle<\/strong> et retrace l\u2019\u00e9pop\u00e9e de la martyre Rouennaise \u00e0 travers les salles de l\u2019Archev\u00each\u00e9 comme la Salle des \u00c9tats, la Tour du Guet ou la Chapelle d\u2019Aubign\u00e9.<\/p>\n<p class=\" wall-content\">Puis, le parcours multim\u00e9dia emm\u00e8ne le visiteur dans la mythot\u00e8que et d\u00e9crit <strong>la construction du mythe Jeanne d\u2019Arc \u00e0 travers les si\u00e8cles<\/strong>.<\/p>\n<p class=\" wall-content\">Apr\u00e8s une restauration minutieuse du Palais Archi\u00e9piscopal qui a permis la cr\u00e9ation de l\u2019Historial, celui-ci a ouvert ses portes au public au printemps 2015. Pour c\u00e9l\u00e9brer ses dix ans, divers \u00e9v\u00e8nements honorant la m\u00e9moire de Jeanne d\u2019Arc ont lieu depuis mars et jusqu\u2019\u00e0 d\u00e9cembre.<\/p>\n<p class=\" wall-content\">Cet \u00e9t\u00e9, une s\u00e9rie de portraits photos rendant hommage aux femmes guerri\u00e8res d\u2019hier et d\u2019aujourd\u2019hui recouvre les murs du palais du 26\u00a0juillet au 31\u00a0ao\u00fbt.<\/p>\n<p class=\" wall-content\"><strong>Une visite gratuite et en acc\u00e8s libre.<\/strong><\/p>\n<p>7 rue Saint-Romain 76000 Rouen. Ouvert du mardi au dimanche de 10h \u00e0 19h. 02.35.52.48.00<\/p>\n<p>Le Domaine de Bois-H\u00e9roult<br \/>\n    <img   decoding=\"async\" loading=\"lazy\" src=\"https:\/\/www.europesays.com\/fr\/wp-content\/uploads\/2025\/08\/861aee0f6e7866a1aee0f6e784e1aev-960x640.jpg\" alt=\"Le domaine du Bois-H\u00e9roult\" width=\"960\" height=\"640\"\/><br \/>\n    Le domaine du Bois-H\u00e9roult. (\u00a9Domaine de Bois-H\u00e9roult)<\/p>\n<p class=\" wall-content\">C\u2019est un site qui impressionne le visiteur <strong>par l\u2019\u00e9tendue des lieux<\/strong> (22 hectares) et par sa dimension historique. Les jardins \u00e0 la fran\u00e7aise, Le Grand Commun, Le Vieux Colombier et d\u2019autres b\u00e2tisses \u00e0 d\u00e9couvrir, dont le ch\u00e2teau, qui tr\u00f4ne au milieu du Domaine de Bois-H\u00e9roult, ont tous \u00e9t\u00e9 r\u00e9nov\u00e9s et entretenus dans le respect des traditions du XVIIIe\u00a0si\u00e8cle. <strong>Un voyage dans le temps<\/strong> qui permet d\u2019appr\u00e9cier \u00e0 sa juste valeur la richesse du patrimoine de notre r\u00e9gion.<\/p>\n<p class=\" wall-content\">Le domaine, propri\u00e9t\u00e9 priv\u00e9e, est ouvert aux visites de juin \u00e0 septembre. Il est possible de s\u00e9journer dans les g\u00eetes de la Ferme du Vieux Colombier. Des expositions, salons du livre ou autres \u00e9v\u00e8nements ont \u00e9galement lieu au cours de l\u2019ann\u00e9e.<\/p>\n<p>400, rue du Ch\u00e2teau, 76750 Bois-H\u00e9roult. Ouvert du mardi au vendredi de 10h \u00e0 12h et de 14h \u00e0 18h. 02.35.34.42.19<\/p>\n<p>Le parc de Cl\u00e8res<br \/>\n    <img   decoding=\"async\" loading=\"lazy\" src=\"https:\/\/www.europesays.com\/fr\/wp-content\/uploads\/2025\/08\/5e3ca5a6e118625dca5a6e11899dcav-960x640.jpg\" alt=\"Des flamants roses, des paons... De nombreuses esp\u00e8ces animales ou v\u00e9g\u00e9tales sont \u00e0 d\u00e9couvrir au parc de Cl\u00e8res.\" width=\"960\" height=\"640\"\/><br \/>\n    Des flamants roses, des paons\u2026 De nombreuses esp\u00e8ces animales ou v\u00e9g\u00e9tales sont \u00e0 d\u00e9couvrir au parc de Cl\u00e8res. (\u00a9FM\/76actu)<\/p>\n<p class=\" wall-content\"><strong>Un parc zoologique de 52 hectares<\/strong> qui h\u00e9berge plus d\u2019un millier d\u2019animaux dont des esp\u00e8ces rares et prot\u00e9g\u00e9es. Grues, faisans, flamants, antilopes, ouistitis, l\u00e9muriens\u2026 et des pandas roux (<a href=\"https:\/\/actu.fr\/normandie\/cleres_76179\/l-instant-mignon-un-bebe-panda-roux-est-ne-au-parc-de-cleres-pres-de-rouen_62883066.html\" target=\"_blank\" rel=\"noopener\">dont un b\u00e9b\u00e9 n\u00e9 le 16\u00a0juin dernier !<\/a>) cohabitent paisiblement.<\/p>\n<p class=\" wall-content\">Le site d\u00e9tient \u00e9galement <strong>un patrimoine v\u00e9g\u00e9tal avec de nombreux arbres<\/strong> (s\u00e9quoia g\u00e9ant, ginkgo biloba, tilleul \u00e0 feuilles lacini\u00e9es\u2026) et plantes rares. Un parc botanique lab\u00e9lis\u00e9 Jardin remarquable depuis 2023.<\/p>\n<p class=\" wall-content\">Enfin, les ruines du ch\u00e2teau de Cl\u00e8res sont visibles, apportant une dimension historique \u00e0 ce lieu passionnant.<\/p>\n<p>32 avenue du Parc, 76690 Cl\u00e8res. Ouvert du 15\u00a0mars au 16\u00a0novembre 2025 de 09h30 \u00e0 19h00. 02.35.33.23.08<\/p>\n<p>Le mus\u00e9e La Sir\u00e8ne<br \/>\n    <img   decoding=\"async\" loading=\"lazy\" src=\"https:\/\/www.europesays.com\/fr\/wp-content\/uploads\/2025\/08\/a83e1a7d4f7862d3e1a7d4f78214e1v-960x640.jpg\" alt=\"Le mus\u00e9e La Sir\u00e8ne est situ\u00e9 dans le bourg de Blainville-Crevon.\" width=\"960\" height=\"640\"\/><br \/>\n    Le mus\u00e9e La Sir\u00e8ne est situ\u00e9 dans le bourg de Blainville-Crevon. (\u00a9Emilien Jacques)<\/p>\n<p class=\" wall-content\">Au Moulin Pican, est expos\u00e9e <strong>la loufoque et passionnante collection du critique d\u2019art<\/strong>, \u00e9crivain et chef de file du mouvement d\u2019art na\u00eff Anatole Jakovsky (n\u00e9 en 1907 \u00e0 Chi\u0219in\u0103u en Moldavie et mort en 1983 \u00e0 Paris).<\/p>\n<p class=\" wall-content\">La veuve de cet \u00e9tonnant personnage, Ren\u00e9e Jakovsky-Fr\u00e8re, a l\u00e9gu\u00e9 en 1999 \u00e0 la commune de Blainville-Crevon toute une panoplie d\u2019objets ayant appartenu \u00e0 Anatole Jakovsky, et<strong> qui fascinent autant qu\u2019ils intriguent.<\/strong><\/p>\n<p class=\" wall-content\">Tableaux, livres, cartes postales anciennes, jouets et bien d\u2019autres encore : un tr\u00e9sor entretenu et pr\u00e9sent\u00e9 par l\u2019association La Sir\u00e8ne, dont le nom fait r\u00e9f\u00e9rence \u00e0 une sir\u00e8ne de cire ayant appartenu \u00e0 Anatole Jakovsky.<\/p>\n<p>Moulin Pican, 22 route de Ry, 76116 Blainville-Crevon. Ouvert le jeudi de 14h \u00e0 18h. 02.35.80.49.15<\/p>\n<p>La Basilique Notre-Dame de Bonsecours<br \/>\n    <img   decoding=\"async\" loading=\"lazy\" src=\"https:\/\/www.europesays.com\/fr\/wp-content\/uploads\/2025\/08\/041212-basilique-bonsecours-9-960x640.jpg\" alt=\"Le march\u00e9 pour les travaux pr\u00e9alables sur la Basilique de Bonsecours, pr\u00e8s de Rouen (Seine-Maritime) va \u00eatre lanc\u00e9.\u00a0\" width=\"960\" height=\"640\"\/><br \/>\n    La basilique de Bonsecours est un joyau architectural.\u00a0 (\u00a9Le Bulletin)<\/p>\n<p class=\" wall-content\"><strong>Construite entre\u00a01840 et\u00a01844<\/strong>, \u00e0 l\u2019initiative de l\u2019abb\u00e9 Charles Victor Godefroy, par l\u2019architecte Jacques-Eug\u00e8ne Barth\u00e9l\u00e9my, elle a toujours une forte activit\u00e9 culturelle g\u00e9r\u00e9e par la congr\u00e9gation des s\u0153urs de la Pr\u00e9sentation sous la direction de S\u0153ur Vivianne Charpentier et le p\u00e8re Fr\u00e9d\u00e9ric Masset. Des p\u00e8lerinages s\u2019y d\u00e9roulent encore plusieurs fois par an \u00e0 partir de la Cath\u00e9drale de Rouen.<\/p>\n<p class=\" wall-content\">Mais, gr\u00e2ce \u00e0 la promotion de l\u2019association Demain la Basilique, <strong>c\u2019est aussi un espace de culture avec des concerts, des spectacles sons et lumi\u00e8res et des visites guid\u00e9es<\/strong>. Arr\u00eatez-vous pour admirer ses trois portails, sa fa\u00e7ade n\u00e9ogothique, sa nef aux sept trav\u00e9es, ses vitraux con\u00e7us par la verrerie Gsell \u00e0 Choisy-le-Roi en 1844, son autel du sculpteur Victor Fulconis, ses fabuleuses orgues d\u2019Aristide Cavaill\u00e9-Coll de 1857, mais surtout ses peintures murales dans le style de la Sainte-Chapelle \u00e0 Paris ou encore les centaines d\u2019ex-voto. D\u2019ailleurs, retrouverez-vous celui de Jean Robic, vainqueur du Tour de France en 1947 ?<\/p>\n<p class=\" wall-content\">Et \u00e0 l\u2019ext\u00e9rieur, autour de la Basilique, se trouve le Gros L\u00e9on,<strong> la cloche de 6000 kilos<\/strong>, le cimeti\u00e8re o\u00f9 sont inhum\u00e9s entre autres Jos\u00e9-Maria de Heredia et le P\u00e8re Jacques Hamel, victime d\u2019un attentat terroriste \u00e0 Saint-\u00c9tienne-du-Rouvray et bien entendu le surprenant Monument Jeanne d\u2019Arc.<\/p>\n<p>18 rue de la Basilique, 76240 Bonsecours. Ouvert du lundi au samedi de 8h \u00e0 12h et de 14h \u00e0 19h. Le dimanche de 9h \u00e0 19h. 02.35.80.19.57<\/p>\n<p>Les vestiges du Ch\u00e2teau de Blainville<br \/>\n    <img   decoding=\"async\" loading=\"lazy\" src=\"https:\/\/www.europesays.com\/fr\/wp-content\/uploads\/2025\/08\/1a38c56aecf361e38c56aecf3f148cv-960x640.jpg\" alt=\"Les ruines se trouvent sur une motte f\u00e9odale datant du XIe\u00a0si\u00e8cle.\" width=\"960\" height=\"640\"\/><br \/>\n    Les ruines se trouvent sur une motte f\u00e9odale datant du XIe\u00a0si\u00e8cle. (\u00a9Jean-Marc Donnaes)<\/p>\n<p class=\" wall-content\">C\u2019est en 1967 que des b\u00e9n\u00e9voles passionn\u00e9s ont d\u00e9cid\u00e9 de faire sortir de terre les ruines du Ch\u00e2teau de Blainville.<strong> Ou plut\u00f4t des ch\u00e2teaux.<\/strong><\/p>\n<p class=\" wall-content\">En effet, ce sont en r\u00e9alit\u00e9 les vestiges d\u2019au moins cinq ch\u00e2teaux datant des XVe et XVIe si\u00e8cles qui sont aujourd\u2019hui visibles, juch\u00e9s sur une motte f\u00e9odale du XIe si\u00e8cle.<\/p>\n<p class=\" wall-content\"><strong>Ce site m\u00e9di\u00e9val exceptionnel<\/strong> est ouvert au public lors de visites guid\u00e9es qui vous emm\u00e8neront jusqu\u2019\u00e0 la Coll\u00e9giale, \u00e9difice du XVe si\u00e8cle. Les b\u00e9n\u00e9voles proposent \u00e9galement des parcours comment\u00e9s jusqu\u2019au village de Ry, ou celui du Martainville pour d\u00e9couvrir son ch\u00e2teau-mus\u00e9e.<\/p>\n<p class=\" wall-content\">Les ruines du Ch\u00e2teau de Blainville sont aussi le th\u00e9\u00e2tre de diverses animations faisant perdurer l\u2019histoire du site. Des spectacles sons et lumi\u00e8res sont \u00e0 d\u00e9couvrir et un club de tir \u00e0 l\u2019arc organise r\u00e9guli\u00e8rement des manifestations.<\/p>\n<p class=\" wall-content\">Et surtout, le festival de renomm\u00e9e internationale Arch\u00e9o Jazz, r\u00e9unissant de nombreux artistes chaque ann\u00e9e et devenu un rendez-vous incontournable de la r\u00e9gion.<\/p>\n<p>Route de Buchy, 76116 Blainville-Crevon. 02.35.34.24.82<\/p>\n<p>Le march\u00e9 de Buchy<br \/>\n    <img   decoding=\"async\" loading=\"lazy\" src=\"https:\/\/www.europesays.com\/fr\/wp-content\/uploads\/2025\/08\/39131bb13e7862d131bb13e7801231v-960x640.jpg\" alt=\"Les locaux se pressent sur le march\u00e9 de Buchy depuis plusieurs si\u00e8cles.\" width=\"960\" height=\"640\"\/><br \/>\n    Les locaux se pressent sur le march\u00e9 de Buchy depuis plusieurs si\u00e8cles. (\u00a9Emilien Jacques)<\/p>\n<p class=\" wall-content\">Chaque lundi matin, la petite commune de Buchy s\u2019\u00e9veille depuis le XIIIe si\u00e8cle avec son march\u00e9 <strong>devenu au fil des si\u00e8cles un incontournable de la r\u00e9gion.<\/strong><\/p>\n<p class=\" wall-content\">Du centre-bourg \u00e0 ses halles, <strong>dont la plus ancienne est class\u00e9e Monument Historique<\/strong> depuis 1934, une soixantaine d\u2019exposants ravissent les Bucheois et les nombreux habitants des alentours qui font le d\u00e9placement. Une atmosph\u00e8re chaleureuse et authentique r\u00e8gne dans ces all\u00e9es d\u2019o\u00f9 \u00e9manent les odeurs des produits du terroir et les senteurs des cuisines du monde.<\/p>\n<p class=\" wall-content\">S\u2019il est \u00e0 ce point renomm\u00e9 dans la r\u00e9gion, c\u2019est aussi parce que le march\u00e9 de Buchy est l\u2019un des derniers du d\u00e9partement o\u00f9 l\u2019on peut trouver des animaux de la basse-cour vivants. Sous sa halle historique, les lapins et les nombreuses volailles c\u00f4toient les vendeurs de fruits et l\u00e9gumes et donnent <strong>une ambiance in\u00e9galable<\/strong> \u00e0 un march\u00e9 d\u00e9cid\u00e9ment unique en son genre.<\/p>\n<p>Le Ch\u00e2teau de Vasc\u0153uil<br \/>\n    <img   decoding=\"async\" loading=\"lazy\" src=\"https:\/\/www.europesays.com\/fr\/wp-content\/uploads\/2025\/08\/8b6b9801eb5867f6b9801eb58437b9v-960x640.jpg\" alt=\"Le Ch\u00e2teau de Vasc\u0153uil est une ancienne demeure des XIVe\u00a0et\u00a0XVIe\u00a0si\u00e8cles, devenu Centre d'Art et d'Histoire en 1970.\" width=\"960\" height=\"640\"\/><br \/>\n    Le Ch\u00e2teau de Vasc\u0153uil est une ancienne demeure des XIVe\u00a0et\u00a0XVIe\u00a0si\u00e8cles, devenu Centre d\u2019Art et d\u2019Histoire en 1970. (\u00a9\u00a9Archives L\u2019Impartial)<\/p>\n<p class=\" wall-content\">Le Ch\u00e2teau de Vasc\u0153uil (Eure) est <strong>un Centre d\u2019Art et d\u2019Histoire<\/strong> qui abrite r\u00e9guli\u00e8rement des expositions d\u2019artistes contemporains renomm\u00e9s depuis 1970.<\/p>\n<p class=\" wall-content\">Dans son jardin \u00e0 la fran\u00e7aise de trois hectares, dessin\u00e9 en 1774, une exposition permanente de plus de 50 sculptures est \u00e0 d\u00e9couvrir.<\/p>\n<p class=\" wall-content\">Un parc qui comprend une cour d\u2019honneur, un colombier, et une ferme.<\/p>\n<p class=\" wall-content\"><strong>Un domaine unique<\/strong> dans lequel fusionnent art et histoire, et qui accueille entre 25 000\u00a0 et 30 000 visiteurs chaque ann\u00e9e.<\/p>\n<p class=\" wall-content\">\u00c0 d\u00e9couvrir \u00e9galement sur le domaine, le mus\u00e9e Jules Michelet, <strong>qui retrace l\u2019\u0153uvre et la vie de l\u2019historien<\/strong> qui a d\u00e9couvert Vasc\u0153uil en 1841.<\/p>\n<p class=\" wall-content\">Jules Michelet (1798-1874) avait \u00e9tabli son cabinet de travail au sommet de la Tour du ch\u00e2teau, o\u00f9 il a \u00e9crit notamment Histoire de France et Histoire de la R\u00e9volution fran\u00e7aise et o\u00f9 il s\u00e9journa de nombreuses fois entre 1843 \u00e0 1860.<\/p>\n<p class=\" wall-content\">Jusqu\u2019au 26 octobre, d\u00e9couvrez l\u2019exposition Les Visionnaires, dans le cadre de la 56e saison culturelle du Ch\u00e2teau de Vasc\u0153uil.<\/p>\n<p class=\" wall-content\">Les samedis\u00a09, 16 et 23\u00a0ao\u00fbt, participez \u00e0 des enqu\u00eates en \u00e9quipe lors de \u00ab Cluedos gourmands normands \u00bb (Deux s\u00e9ances \u00e0 14 h et 17 h 30 avec une collation \u00e0 16 h au salon de th\u00e9 la Cascade).<\/p>\n<p class=\" wall-content\">Le jeudi 14\u00a0ao\u00fbt, un concert musique et chants de Gr\u00e8ce et d\u2019Asie Mineure, du bassin m\u00e9diterran\u00e9en aux Balkans sera assur\u00e9 par le duo Aman Dhio.<\/p>\n<p class=\" wall-content\">\u00c0 noter que le samedi\u00a020 et le dimanche 21\u00a0septembre, des tarifs r\u00e9duits seront propos\u00e9s pour tous les visiteurs et l\u2019entr\u00e9e sera gratuite pour les moins de 16\u00a0ans, les inscrits \u00e0 France Travail et les d\u00e9tenteurs de la carte handicap.<\/p>\n<p>8 rue Jules Michelet, 27910 Vasc\u0153uil. Ouvert du mercredi au dimanche de 14h30 \u00e0 18h. Tous les jours de 11h \u00e0 18h30 en juillet et ao\u00fbt. 02.35.23.62.35<\/p>\n<p>Le mus\u00e9e des sapeurs-pompiers de France<br \/>\n    <img   decoding=\"async\" loading=\"lazy\" src=\"https:\/\/www.europesays.com\/fr\/wp-content\/uploads\/2025\/08\/e071b419a08869671b419a088aa71bv-960x640.jpg\" alt=\"Le mus\u00e9e des sapeurs-pompiers de Montville pr\u00e9sente, entre autres, des dizaines de v\u00e9hicules \u00ab rouges \u00bb.\" width=\"960\" height=\"640\"\/><br \/>\n    Le mus\u00e9e des sapeurs-pompiers de Montville pr\u00e9sente, entre autres, des dizaines de v\u00e9hicules \u00ab rouges \u00bb. (\u00a9Le Bulletin)<\/p>\n<p class=\" wall-content\">Fond\u00e9 en 1993, le mus\u00e9e des sapeurs-pompiers, install\u00e9 en centre-bourg dans un local de 2500m2, cr\u00e9e par les architectes Dufesnes et Pittaras <strong>est devenu une r\u00e9f\u00e9rence dans son domaine<\/strong> gr\u00e2ce \u00e0 l\u2019impulsion du Lieutenant-Colonel Jean-Pierre Collinet, pr\u00e9sident de l\u2019association et des dizaines de b\u00e9n\u00e9voles attach\u00e9s \u00e0 la pr\u00e9servation et la promotion des collections.<\/p>\n<p class=\" wall-content\">Plus de 10000 visiteurs arpentent chaque ann\u00e9e les all\u00e9es pour explorer l\u2019histoire des soldats du feu depuis le XVIIIe\u00a0si\u00e8cle dont le symbole est la plus ancienne pompe \u00e0 bras \u00e0 quatre roues de France dite \u00ab des \u00c9chevins \u00bb.<\/p>\n<p class=\" wall-content\">Ils y admirent des dizaines de v\u00e9hicules <strong>en parfaite conservation<\/strong> comme des Delahaye, Laffly, Hotchkiss, Somua, Berlier ou autres De Dion Bouton, mais aussi des tr\u00e8s nombreux accessoires d\u2019intervention, des uniformes, des \u00e9chelles, la reconstitution d\u2019un centre d\u2019appels, d\u2019une tour de s\u00e9chage des lances et des casques rutilants. Mais une visite ne suffit pas car, chaque saison, les collections se compl\u00e8tent par des acquisitions, des dons et des legs. C\u2019est le cas en 2025 avec l\u2019arriv\u00e9e d\u2019une autopompe Renault type SF de 1929 et un nouveau lot de casques offerts par la famille d\u2019Alain Letertre, ancien sapeur-pompier de Paris, apr\u00e8s sa disparition.<\/p>\n<p>Rue Baron Bigot, 76710 Montville. Ouvert du mardi au samedi de 10h \u00e0 13h et de 14h \u00e0 18h. Le dimanche de 14h \u00e0 18h. 02.35.33.13.51<\/p>\n<p>Le Ch\u00e2teau de Martainville<br \/>\n    <img   decoding=\"async\" loading=\"lazy\" src=\"https:\/\/www.europesays.com\/fr\/wp-content\/uploads\/2025\/08\/66af10eda08866aaf10eda0884eaf1v-960x640.jpg\" alt=\"Le Ch\u00e2teau de Martainville date de 1495.\" width=\"960\" height=\"640\"\/><br \/>\n    Le Ch\u00e2teau de Martainville date de 1495. (\u00a9Le Bulletin)<\/p>\n<p class=\" wall-content\">Le Ch\u00e2teau de Martainville, b\u00e2ti en 1495, est aujourd\u2019hui un mus\u00e9e des traditions et des arts normands o\u00f9 sont propos\u00e9es des visites et des animations.<\/p>\n<p class=\" wall-content\">Install\u00e9 dans une demeure construite en 1495 pour Jacques Le Pelletier, grand armateur et marchand rouennais, et plus connu sous le nom de \u00ab Ch\u00e2teau de Martainville \u00bb, le mus\u00e9e des traditions et des arts normands <strong>compte plus de 25000 pi\u00e8ces<\/strong> dans de nombreuses collections de mobiliers, objets de la vie quotidienne, coiffes, bijoux, costumes normands et instruments de musique illustrant les savoir-faire des m\u00e9tiers d\u2019art du XIVe au XIXe\u00a0si\u00e8cle.<\/p>\n<p class=\" wall-content\">Durant l\u2019\u00e9t\u00e9, le ch\u00e2teau est ouvert aux petits et aux grands afin de proposer plein d\u2019animations, de d\u00e9couvertes, d\u2019ateliers et de conf\u00e9rences. Il propose aussi des expositions th\u00e9matiques dont, jusqu\u2019au 28 septembre, \u00ab Le beau geste \u00bb. Quinze artisans d\u2019art pr\u00e9sentent leurs cr\u00e9ations, mettant en lumi\u00e8re l\u2019excellence des m\u00e9tiers d\u2019art \u00e0 travers la transmission du geste.<\/p>\n<p class=\" wall-content\">Pour les passionn\u00e9s de musique et pour une exp\u00e9rience unique, le dimanche 24\u00a0ao\u00fbt, l\u2019association Espace musicale organise une \u00ab Randonn\u00e9e musicale \u00bb sous la forme d\u2019une chasse au tr\u00e9sor \u00e0 partir de 14h dans la salle de musique du ch\u00e2teau et \u00e0 15h, des concerts itin\u00e9rants dans le parc.<\/p>\n<p class=\" wall-content\">Bien entendu, les visites comment\u00e9es se poursuivent tout l\u2019\u00e9t\u00e9 : le jeudi 31\u00a0juillet \u00e0 14h30 et 16h, les dimanches 3, 10, 17, 24, 31 et les jeudis 7, 14, 21, 28\u00a0ao\u00fbt \u00e0 14h30 et 16h.<\/p>\n<p>Route du Ch\u00e2teau, 76116 Martainville-\u00c9preville. Ouvert lundi, mercredi, jeudi, vendredi, et samedi de 10h \u00e0 12h30 et de 14h \u00e0 18h. Le dimanche de 14h \u00e0 18h30. 02.35.23.44.70<\/p>\n<p>Le Jardin Plume<br \/>\n    <img   decoding=\"async\" loading=\"lazy\" src=\"https:\/\/www.europesays.com\/fr\/wp-content\/uploads\/2025\/08\/03ee4e705504617ee4e705504faee4v-960x640.jpg\" alt=\"Le Jardin Plume d'Auzouville-sur-Ry est un v\u00e9ritable havre de paix.\" width=\"960\" height=\"640\"\/><br \/>\n    Le Jardin Plume d\u2019Auzouville-sur-Ry est un v\u00e9ritable havre de paix. (\u00a9Le Bulletin)<\/p>\n<p class=\" wall-content\">Le Jardin Plume est un lieu incontournable si l\u2019on est de passage dans la commune d\u2019Auzouville-sur-Ry. <strong>Un espace idyllique qui se d\u00e9cline en cinq jardins diff\u00e9rents.<\/strong><\/p>\n<ul class=\" wall-content\">\n<li>Le Verger : d\u00e9j\u00e0 pr\u00e9sent lors de l\u2019arriv\u00e9e des propri\u00e9taires, il a \u00e9t\u00e9 structur\u00e9 pour s\u2019int\u00e9grer dans l\u2019ensemble du Jardin Plume.<\/li>\n<li>Le Jardin des fleurs : un espace entretenu soigneusement et de mani\u00e8re que les diff\u00e9rentes floraisons s\u2019encha\u00eenent naturellement.<\/li>\n<li>Le Jardin d\u2019\u00e9t\u00e9 : situ\u00e9 au sud de la maison et abrit\u00e9 du vent d\u2019est et d\u2019ouest, ce jardin est exclusivement color\u00e9 en rouge, or, orange, et jaune.<\/li>\n<li>Le Jardin d\u2019automne : o\u00f9 les abeilles et bourdons butinent parmi les plantes de fin de saison qui embaument le jardin d\u00e8s septembre.<\/li>\n<li>Le Jardin plume : o\u00f9 la brise caresse les \u00e9pis fins et les petites fleurs qui semblent flotter dans le jardin qui a donn\u00e9 son nom \u00e0 l\u2019ensemble du lieu.<\/li>\n<\/ul>\n<p>790 rue de la Plaine, 76116 Auzouville-sur-Ry. Ouvert du mercredi au dimanche de 14h \u00e0 18h (et aussi de 10h \u00e0 12 le mercredi et le samedi). 02.35.23.00.01<\/p>\n<p>Le jardin de Val\u00e9rianes<br \/>\n    <img   decoding=\"async\" loading=\"lazy\" src=\"https:\/\/www.europesays.com\/fr\/wp-content\/uploads\/2025\/08\/d013bf071ab667513bf071ab62913bv-768x640.jpg\" alt=\"Marcher, d\u00e9couvrir ou lire, le jardin de Val\u00e9rianes est un excellent endroit pour se ressourcer.\" width=\"768\" height=\"640\"\/><br \/>\n    Marcher, d\u00e9couvrir ou lire, le jardin de Val\u00e9rianes est un excellent endroit pour se ressourcer. (\u00a9Le Bulletin)<\/p>\n<p class=\" wall-content\">Dans un petit \u00e9crin de verdure \u00e0 quelques encablures du centre de Buchy, Maryline et Michel Tissait ont b\u00e2ti<strong> un v\u00e9ritable coin de paradis.<\/strong> Un jardin dont le nom est la contraction de leurs deux enfants Val\u00e9rie et Anne, et qui abrite un nombre incalculable de v\u00e9g\u00e9taux du monde entier, soigneusement entretenus par le couple de jardiniers passionn\u00e9s. Ce jardin \u00e0 l\u2019anglaise est compos\u00e9 de deux parties (l\u2019ancien et le nouveau jardin), ainsi qu\u2019un bassin de 200m\u00b2. Vous y passerez sans nul doute un moment de d\u00e9tente et d\u2019\u00e9merveillement, au c\u0153ur de la campagne normande.<\/p>\n<p>27 route d\u2019Ennecuit 76750 Buchy. Ouvert jusqu\u2019au 15\u00a0septembre, du mercredi au dimanche, de 13 h 30 \u00e0 18 h 30. 06.33.73.17.07<\/p>\n<p>Le Jardin des Plantes<br \/>\n    <img   decoding=\"async\" loading=\"lazy\" src=\"https:\/\/www.europesays.com\/fr\/wp-content\/uploads\/2025\/08\/serres-jardin-plantes-renovation-rouen-octobre-2018-1-e1539165298835-960x640.jpg\" alt=\"En Seine-Maritime on trouve de nombreux parcs surprenants.\" width=\"960\" height=\"640\"\/><br \/>\n    En Seine-Maritime on trouve de nombreux parcs surprenants comme le Jardin des plantes de Rouen. (\u00a9MN\/76actu\/Archives)<\/p>\n<p class=\" wall-content\">Au sud de la ville de Rouen, Le Jardin des Plantes et un endroit id\u00e9al<strong> pour les balades familiales ou les instants de mises au vert.<\/strong><\/p>\n<p class=\" wall-content\">Les arbres centenaires et les compositions florales rafra\u00eechissent les lieux lors des chaudes journ\u00e9es d\u2019\u00e9t\u00e9 tandis que la serre vieille de 170 ans abrite une panoplie d\u2019esp\u00e8ces v\u00e9g\u00e9tales de toutes sortes et des quatre coins du monde.<\/p>\n<p class=\" wall-content\">Une voli\u00e8re avec ses perruches, perroquets et cailles de Chine, des cours d\u2019eau fr\u00e9quent\u00e9s par des poissons, des grenouilles, des canards, et des paons en libert\u00e9 font vivre le jardin.<\/p>\n<p class=\" wall-content\"><strong>Un jardin qui porte une vocation culturelle et \u00e9ducative<\/strong> puisque de nombreux ateliers et animations transmettent aux plus jeunes la passion de la nature et les sensibilisent \u00e0 l\u2019\u00e9cologie. Un espace jeux est \u00e9galement d\u00e9di\u00e9 aux enfants, et des terrains de p\u00e9tanques, paniers de basket et boites \u00e0 livres permettent de se divertir.<\/p>\n<p class=\" wall-content\">Des spectacles et festivals ont aussi lieu toute l\u2019ann\u00e9e, comme le Festival Vibration, \u00e0 d\u00e9couvrir du 23 au 31\u00a0ao\u00fbt.<\/p>\n<p>114b avenue des Martyrs de la R\u00e9sistance, 76100 Rouen. Ouvert tous les jours de 8h \u00e0 20h15. 02.35.08.87.45<\/p>\n<p class=\" wall-content\"><strong>\u00c9milien Jacques et Fr\u00e9d\u00e9ric Durand<\/strong><\/p>\n<p class=\" wall-content\">Suivez toute l\u2019actualit\u00e9 de vos villes et m\u00e9dias favoris en vous inscrivant \u00e0 <a href=\"https:\/\/moncompte.actu.fr\" title=\"D\u00e9couvez Mon Actu\" rel=\"nofollow noopener\" data-trk=\"{&quot;cta&quot;:{&quot;action&quot;:&quot;https:\\\/\\\/moncompte.actu.fr&quot;,&quot;category&quot;:&quot;mon compte&quot;,&quot;from&quot;:&quot;article footer&quot;,&quot;name&quot;:&quot;Mon actu&quot;,&quot;type&quot;:&quot;cta&quot;}}\" target=\"_blank\">Mon Actu<\/a>.<\/p>\n","protected":false},"excerpt":{"rendered":"Par R\u00e9daction Normandie Publi\u00e9 le 4 ao\u00fbt 2025 \u00e0 13h12 Vous \u00eates \u00e0 Rouen durant ce mois d\u2019ao\u00fbt&hellip;\n","protected":false},"author":2,"featured_media":295669,"comment_status":"","ping_status":"","sticky":false,"template":"","format":"standard","meta":{"footnotes":""},"categories":[9587],"tags":[1111,11,9086,1777,674,1011,27,1652,12,5161,25,9590,602,3176],"class_list":{"0":"post-295668","1":"post","2":"type-post","3":"status-publish","4":"format-standard","5":"has-post-thumbnail","7":"category-rouen","8":"tag-actu","9":"tag-actualites","10":"tag-bon-plan-a-rouen","11":"tag-eu","12":"tag-europe","13":"tag-fr","14":"tag-france","15":"tag-loisirs-culture","16":"tag-news","17":"tag-normandie","18":"tag-republique-francaise","19":"tag-rouen","20":"tag-tourisme","21":"tag-vacances-scolaires"},"share_on_mastodon":{"url":"https:\/\/pubeurope.com\/@fr\/114970374392122524","error":""},"_links":{"self":[{"href":"https:\/\/www.europesays.com\/fr\/wp-json\/wp\/v2\/posts\/295668","targetHints":{"allow":["GET"]}}],"collection":[{"href":"https:\/\/www.europesays.com\/fr\/wp-json\/wp\/v2\/posts"}],"about":[{"href":"https:\/\/www.europesays.com\/fr\/wp-json\/wp\/v2\/types\/post"}],"author":[{"embeddable":true,"href":"https:\/\/www.europesays.com\/fr\/wp-json\/wp\/v2\/users\/2"}],"replies":[{"embeddable":true,"href":"https:\/\/www.europesays.com\/fr\/wp-json\/wp\/v2\/comments?post=295668"}],"version-history":[{"count":0,"href":"https:\/\/www.europesays.com\/fr\/wp-json\/wp\/v2\/posts\/295668\/revisions"}],"wp:featuredmedia":[{"embeddable":true,"href":"https:\/\/www.europesays.com\/fr\/wp-json\/wp\/v2\/media\/295669"}],"wp:attachment":[{"href":"https:\/\/www.europesays.com\/fr\/wp-json\/wp\/v2\/media?parent=295668"}],"wp:term":[{"taxonomy":"category","embeddable":true,"href":"https:\/\/www.europesays.com\/fr\/wp-json\/wp\/v2\/categories?post=295668"},{"taxonomy":"post_tag","embeddable":true,"href":"https:\/\/www.europesays.com\/fr\/wp-json\/wp\/v2\/tags?post=295668"}],"curies":[{"name":"wp","href":"https:\/\/api.w.org\/{rel}","templated":true}]}}