{"id":295670,"date":"2025-08-04T11:59:20","date_gmt":"2025-08-04T11:59:20","guid":{"rendered":"https:\/\/www.europesays.com\/fr\/295670\/"},"modified":"2025-08-04T11:59:20","modified_gmt":"2025-08-04T11:59:20","slug":"saint-jean-de-bournay-une-nouvelle-boucherie-ouvre","status":"publish","type":"post","link":"https:\/\/www.europesays.com\/fr\/295670\/","title":{"rendered":"Saint-Jean-de-Bournay. Une nouvelle boucherie ouvre"},"content":{"rendered":"<p>\u201cLa maison des Saveurs\u201d est ouverte depuis une semaine, rue Hector-Berlioz, \u00e0 la place de la boucherie charcuterie Rigollier. Le magasin propose des produits frais et locaux\u00a0: poulets, porc, b\u0153uf, l\u00e9gumes, fromage, vin, poisson, plats cuisin\u00e9s et r\u00f4tisserie. L\u2019\u00e9quipe compte quatre membres\u00a0: Guillaume Gerin, Cedric Pellet et les vendeuses Virginie Chardon et Amandine Cote.<\/p>\n","protected":false},"excerpt":{"rendered":"\u201cLa maison des Saveurs\u201d est ouverte depuis une semaine, rue Hector-Berlioz, \u00e0 la place de la boucherie charcuterie&hellip;\n","protected":false},"author":2,"featured_media":295671,"comment_status":"","ping_status":"","sticky":false,"template":"","format":"standard","meta":{"footnotes":""},"categories":[9566],"tags":[1111,11,2430,115,1777,674,1011,27,2731,12,29003,25,29002,104,1631],"class_list":{"0":"post-295670","1":"post","2":"type-post","3":"status-publish","4":"format-standard","5":"has-post-thumbnail","7":"category-grenoble","8":"tag-actu","9":"tag-actualites","10":"tag-auvergne-rhone-alpes","11":"tag-edition-bourgoin-jallieu-nord-dauphine","12":"tag-eu","13":"tag-europe","14":"tag-fr","15":"tag-france","16":"tag-grenoble","17":"tag-news","18":"tag-pays-saint-jeannais","19":"tag-republique-francaise","20":"tag-saint-jean-de-bournay","21":"tag-societe","22":"tag-vie-associative"},"share_on_mastodon":{"url":"https:\/\/pubeurope.com\/@fr\/114970385830545805","error":""},"_links":{"self":[{"href":"https:\/\/www.europesays.com\/fr\/wp-json\/wp\/v2\/posts\/295670","targetHints":{"allow":["GET"]}}],"collection":[{"href":"https:\/\/www.europesays.com\/fr\/wp-json\/wp\/v2\/posts"}],"about":[{"href":"https:\/\/www.europesays.com\/fr\/wp-json\/wp\/v2\/types\/post"}],"author":[{"embeddable":true,"href":"https:\/\/www.europesays.com\/fr\/wp-json\/wp\/v2\/users\/2"}],"replies":[{"embeddable":true,"href":"https:\/\/www.europesays.com\/fr\/wp-json\/wp\/v2\/comments?post=295670"}],"version-history":[{"count":0,"href":"https:\/\/www.europesays.com\/fr\/wp-json\/wp\/v2\/posts\/295670\/revisions"}],"wp:featuredmedia":[{"embeddable":true,"href":"https:\/\/www.europesays.com\/fr\/wp-json\/wp\/v2\/media\/295671"}],"wp:attachment":[{"href":"https:\/\/www.europesays.com\/fr\/wp-json\/wp\/v2\/media?parent=295670"}],"wp:term":[{"taxonomy":"category","embeddable":true,"href":"https:\/\/www.europesays.com\/fr\/wp-json\/wp\/v2\/categories?post=295670"},{"taxonomy":"post_tag","embeddable":true,"href":"https:\/\/www.europesays.com\/fr\/wp-json\/wp\/v2\/tags?post=295670"}],"curies":[{"name":"wp","href":"https:\/\/api.w.org\/{rel}","templated":true}]}}