{"id":295673,"date":"2025-08-04T12:01:10","date_gmt":"2025-08-04T12:01:10","guid":{"rendered":"https:\/\/www.europesays.com\/fr\/295673\/"},"modified":"2025-08-04T12:01:10","modified_gmt":"2025-08-04T12:01:10","slug":"des-chantiers-a-la-pelle-a-rennes-au-mois-daout-voici-dans-quels-secteurs-la-circulation-sera-tres-perturbee","status":"publish","type":"post","link":"https:\/\/www.europesays.com\/fr\/295673\/","title":{"rendered":"Des chantiers \u00e0 la pelle \u00e0 Rennes au mois d\u2019ao\u00fbt\u00a0: voici dans quels secteurs la circulation sera tr\u00e8s perturb\u00e9e"},"content":{"rendered":"<p>Entre le 1\u1d49\u02b3 juillet et le 31 ao\u00fbt, Rennes M\u00e9tropole enregistre pr\u00e8s de 117 chantiers en cours, concentr\u00e9s sur les art\u00e8res majeures de la ville. Presque aucun secteur ne sera \u00e9pargn\u00e9 par les travaux.<\/p>\n<p>Avenue Georges-Graff<\/p>\n<p>Des travaux sur le r\u00e9seau de chauffage urbain, avenue Georges-Graff, commencent ce lundi 4 ao\u00fbt et dureront deux mois, jusqu\u2019au vendredi 3 octobre. La circulation sera naturellement interdite, une d\u00e9viation sera donc mise en place par le boulevard Albert 1er, la rue de Belgique et l\u2019all\u00e9e Pierre-de-Coubertin.<\/p>\n<p>Boulevard Villebois\u2011Mareuil (pont SNCF)<\/p>\n<p>La maintenance du pont ferroviaire est pr\u00e9vue jusqu\u2019au vendredi 8 ao\u00fbt, avec fermeture partielle du boulevard entre l\u2019avenue Gaston Monerville et la rue Louis Coquillet. Seuls les pi\u00e9tons et cyclistes (pieds \u00e0 terre) peuvent passer.<\/p>\n<p>Des d\u00e9viations par l\u2019avenue Monseigneur-Mou\u00e9zy, la rue de Ch\u00e2teaugiron, la rue Saint-H\u00e9lier, le boulevard Ren\u00e9-La\u00ebnnec et les avenues Sergent-Maginot ou Aristide-Briand, par l\u2019est rue Auguste-Pavie, rue de Bray, boulevard des Alli\u00e9s, avenue des Pr\u00e9ales et avenue Fran\u00e7ois-Ch\u00e2teau, sont pr\u00e9vues.<\/p>\n<p>Rue Saint\u2011H\u00e9lier<\/p>\n<p>Fermeture totale du segment entre l\u2019avenue Jean Janvier et la rue Jean\u2011Marie Duhamel, jusqu\u2019au 1\u1d49\u02b3 ao\u00fbt, pour moderniser le r\u00e9seau d\u2019assainissement. Une d\u00e9viation est instaur\u00e9e, et la rue Jean\u2011Marie Duhamel devient \u00e0 double sens sur une portion cibl\u00e9e.<\/p>\n<p>Boulevard de la Tour d\u2019Auvergne<\/p>\n<p>La circulation sera interdite sur ce boulevard du sud vers le nord, \u00e0 l\u2019intersection avec le boulevard de Guines, pour cause de travaux sur le r\u00e9seau de chauffage urbain. Et ce jusqu\u2019au vendredi 22 ao\u00fbt. Une d\u00e9viation est ainis mise en place par le boulevard du Colombier, le boulevard de Beaumont, le boulevard Magenta et le boulevard de la Libert\u00e9.<\/p>\n<p>Boulevard de Vitr\u00e9<\/p>\n<p>La circulation est interdite entre la rue du m\u00eame nom et l\u2019avenue du G\u00e9n\u00e9ral-Leclerc, en raison de travaux de r\u00e9seaux pour le secteur Bois Perrin, jusqu\u2019au vendredi 29 ao\u00fbt.<\/p>\n<p>Rue de Ch\u00e2teaugiron<\/p>\n<p>La circulation entre la rue de la Sauvaie et la rocade sud est interdite jusqu\u2019au vendredi 29 ao\u00fbt. Une d\u00e9viation est mise en place par le boulevard Paul-Hutin-Desgr\u00e9es, la rue de Vern ainsi que la rocade sud.<\/p>\n<p>Place du Champ-Jacquet<\/p>\n<p>Des travaux d\u2019am\u00e9nagement sont en cours place du Champ-Jacquet, incluant le pavage de la chauss\u00e9e, jusqu\u2019au vendredi 29 ao\u00fbt. Par cons\u00e9quent, la circulation y sera totalement interdite. L\u2019acc\u00e8s \u00e0 la rue Leperdit ne se fera plus depuis la rue de Ch\u00e2teaurenault, mais devra passer par la rue Saint-Louis, la place Sainte-Anne, puis la rue de Penho\u00ebt.<\/p>\n<p>Quai de la Pr\u00e9valaye<\/p>\n<p>Interdiction de circulation entre la rue de Lorient et la rue Jean Chevalier jusqu\u2019au 1\u1d49\u02b3 ao\u00fbt, interrompant aussi une section du R\u00e9seau Express V\u00e9lo (REV), pour remplacer l\u2019\u00e9clairage public.<\/p>\n<p>Boulevard de Guines<\/p>\n<p>\u00c0 cause de travaux sur le r\u00e9seau de chauffage urbain, la circulation est interdite, entre le boulevard de la Tour d\u2019Auvergne et le boulevard Saint-Cowo\u00efon, jusqu\u2019au vendredi 5 septembre. Dans la direction ouest &#8211; est, une d\u00e9viation est mise en place via le boulevard Saint-Cowo\u00efon, la rue Pierre-Ab\u00e9lard et le boulevard de la Tour d\u2019Auvergne. Dans la direction est &#8211; ouest, les usagers devront emprunter le boulevard du Colombier, le boulevard de Beaumont, le boulevard Magenta, puis le boulevard de la Libert\u00e9.<\/p>\n<p>Avenue Charles-et-Raymonde-Tillon<\/p>\n<p>La chauss\u00e9e est r\u00e9tr\u00e9cie au niveau de l\u2019intersection avec l\u2019avenue Sir Winston-Churchill, en raison d\u2019une intervention d\u2019Eau du Bassin Rennais sur le r\u00e9seau d\u2019eau potable, jusqu\u2019au 12 septembre. En raison de ces perturbations, une d\u00e9viation est mise en place via la rue d\u2019Alsace et le cours du Pr\u00e9sident John-Fitzgerald-Kennedy.<\/p>\n<p>Rue de Lorient<\/p>\n<p>R\u00e9duction de voie en cours jusqu\u2019au 8 ao\u00fbt entre la portion de rue entre la rocade et le boulevard Marbeuf, pour des interventions sur le r\u00e9seau d\u2019eau potable.<\/p>\n<p>Rue de Saint\u2011Malo<\/p>\n<p>Des travaux d\u2019am\u00e9nagement de voirie entre la rue Gabriel-Germain et la rue Docteur-Baderot seront r\u00e9alis\u00e9s jusqu\u2019au dimanche 31 ao\u00fbt. Une d\u00e9viation est donc mise en place par la rue de l\u2019H\u00f4tel-Dieu, la rue d\u2019Antrain et la rue Saint-Martin.<\/p>\n","protected":false},"excerpt":{"rendered":"Entre le 1\u1d49\u02b3 juillet et le 31 ao\u00fbt, Rennes M\u00e9tropole enregistre pr\u00e8s de 117 chantiers en cours, concentr\u00e9s&hellip;\n","protected":false},"author":2,"featured_media":295674,"comment_status":"","ping_status":"","sticky":false,"template":"","format":"standard","meta":{"footnotes":""},"categories":[2821],"tags":[1111,11,829,1777,674,1011,27,848,12,584,25],"class_list":{"0":"post-295673","1":"post","2":"type-post","3":"status-publish","4":"format-standard","5":"has-post-thumbnail","7":"category-rennes","8":"tag-actu","9":"tag-actualites","10":"tag-bretagne","11":"tag-eu","12":"tag-europe","13":"tag-fr","14":"tag-france","15":"tag-ille-et-vilaine","16":"tag-news","17":"tag-rennes","18":"tag-republique-francaise"},"share_on_mastodon":{"url":"https:\/\/pubeurope.com\/@fr\/114970393550787170","error":""},"_links":{"self":[{"href":"https:\/\/www.europesays.com\/fr\/wp-json\/wp\/v2\/posts\/295673","targetHints":{"allow":["GET"]}}],"collection":[{"href":"https:\/\/www.europesays.com\/fr\/wp-json\/wp\/v2\/posts"}],"about":[{"href":"https:\/\/www.europesays.com\/fr\/wp-json\/wp\/v2\/types\/post"}],"author":[{"embeddable":true,"href":"https:\/\/www.europesays.com\/fr\/wp-json\/wp\/v2\/users\/2"}],"replies":[{"embeddable":true,"href":"https:\/\/www.europesays.com\/fr\/wp-json\/wp\/v2\/comments?post=295673"}],"version-history":[{"count":0,"href":"https:\/\/www.europesays.com\/fr\/wp-json\/wp\/v2\/posts\/295673\/revisions"}],"wp:featuredmedia":[{"embeddable":true,"href":"https:\/\/www.europesays.com\/fr\/wp-json\/wp\/v2\/media\/295674"}],"wp:attachment":[{"href":"https:\/\/www.europesays.com\/fr\/wp-json\/wp\/v2\/media?parent=295673"}],"wp:term":[{"taxonomy":"category","embeddable":true,"href":"https:\/\/www.europesays.com\/fr\/wp-json\/wp\/v2\/categories?post=295673"},{"taxonomy":"post_tag","embeddable":true,"href":"https:\/\/www.europesays.com\/fr\/wp-json\/wp\/v2\/tags?post=295673"}],"curies":[{"name":"wp","href":"https:\/\/api.w.org\/{rel}","templated":true}]}}