{"id":295675,"date":"2025-08-04T12:02:10","date_gmt":"2025-08-04T12:02:10","guid":{"rendered":"https:\/\/www.europesays.com\/fr\/295675\/"},"modified":"2025-08-04T12:02:10","modified_gmt":"2025-08-04T12:02:10","slug":"lancien-defenseur-de-lom-lilian-brassier-serieusement-touche-avec-rennes","status":"publish","type":"post","link":"https:\/\/www.europesays.com\/fr\/295675\/","title":{"rendered":"l&rsquo;ancien d\u00e9fenseur de l&rsquo;OM Lilian Brassier s\u00e9rieusement touch\u00e9 avec Rennes"},"content":{"rendered":"<p>Frayeur pour le Stade Rennais : le d\u00e9fenseur central Lilian Brassier, bless\u00e9 ce samedi \u00e0 la cheville pendant le match amical face \u00e0 la Real Sociedad (1-1), risque une longue absence. <a href=\"https:\/\/www.laprovence.com\/article\/om\/109826384124615\/om-mercato-brassier-les-conditions-d-un-depart\" target=\"_blank\" rel=\"noopener\">L&rsquo;ancien d\u00e9fenseur de l&rsquo;OM<\/a>, titulaire ce samedi , est sorti bless\u00e9, victime d&rsquo;un tacle tr\u00e8s appuy\u00e9.<\/p>\n<p>\u00ab\u00a0\u00c7a ne sent pas bon. Je pensais que c&rsquo;\u00e9tait un coup mais \u00e7a a craqu\u00e9. \u00c7a n&rsquo;a pas gonfl\u00e9, mais il a tr\u00e8s mal et il l&rsquo;a vraiment sentie craquer (sa cheville), donc ce ne sont pas forc\u00e9ment des bonnes nouvelles. Mais on va attendre les examens pour savoir la gravit\u00e9 de sa blessure\u00a0\u00bb, avait d\u00e9clar\u00e9 \u00e0 chaud son entra\u00eeneur, <a href=\"https:\/\/www.laprovence.com\/article\/om\/3630843179228814\/om-rennes-de-capitaine-olympien-a-entraineur-du-club-breton-la-nouvelle-vie-dhabib-beye\" target=\"_blank\" rel=\"noopener\">Habib Beye<\/a>, un autre ancien Olympien. Une blessure qui surviendrait seulement quelques semaines apr\u00e8s que Lilian Brassier avait \u00e9t\u00e9 touch\u00e9 au genou, ce qui l&rsquo;avait contraint \u00e0 manquer le match amical contre Nantes. Le d\u00e9fenseur central devrait \u00eatre absent plusieurs semaines, et donc manquer la premi\u00e8re journ\u00e9e de Ligue 1 face \u00e0 l&rsquo;OM, le vendredi 15 ao\u00fbt.\u00a0<\/p>\n","protected":false},"excerpt":{"rendered":"Frayeur pour le Stade Rennais : le d\u00e9fenseur central Lilian Brassier, bless\u00e9 ce samedi \u00e0 la cheville pendant&hellip;\n","protected":false},"author":2,"featured_media":295676,"comment_status":"","ping_status":"","sticky":false,"template":"","format":"standard","meta":{"footnotes":""},"categories":[2821],"tags":[17,1111,11,3396,22501,829,1442,1777,674,12887,1011,27,16523,12,22578,584,25,60,8066],"class_list":{"0":"post-295675","1":"post","2":"type-post","3":"status-publish","4":"format-standard","5":"has-post-thumbnail","7":"category-rennes","8":"tag-17","9":"tag-actu","10":"tag-actualites","11":"tag-avec","12":"tag-brassier","13":"tag-bretagne","14":"tag-deja","15":"tag-eu","16":"tag-europe","17":"tag-forfait","18":"tag-fr","19":"tag-france","20":"tag-lilian","21":"tag-news","22":"tag-om-rennes","23":"tag-rennes","24":"tag-republique-francaise","25":"tag-sports","26":"tag-touche"},"share_on_mastodon":{"url":"https:\/\/pubeurope.com\/@fr\/114970397606723174","error":""},"_links":{"self":[{"href":"https:\/\/www.europesays.com\/fr\/wp-json\/wp\/v2\/posts\/295675","targetHints":{"allow":["GET"]}}],"collection":[{"href":"https:\/\/www.europesays.com\/fr\/wp-json\/wp\/v2\/posts"}],"about":[{"href":"https:\/\/www.europesays.com\/fr\/wp-json\/wp\/v2\/types\/post"}],"author":[{"embeddable":true,"href":"https:\/\/www.europesays.com\/fr\/wp-json\/wp\/v2\/users\/2"}],"replies":[{"embeddable":true,"href":"https:\/\/www.europesays.com\/fr\/wp-json\/wp\/v2\/comments?post=295675"}],"version-history":[{"count":0,"href":"https:\/\/www.europesays.com\/fr\/wp-json\/wp\/v2\/posts\/295675\/revisions"}],"wp:featuredmedia":[{"embeddable":true,"href":"https:\/\/www.europesays.com\/fr\/wp-json\/wp\/v2\/media\/295676"}],"wp:attachment":[{"href":"https:\/\/www.europesays.com\/fr\/wp-json\/wp\/v2\/media?parent=295675"}],"wp:term":[{"taxonomy":"category","embeddable":true,"href":"https:\/\/www.europesays.com\/fr\/wp-json\/wp\/v2\/categories?post=295675"},{"taxonomy":"post_tag","embeddable":true,"href":"https:\/\/www.europesays.com\/fr\/wp-json\/wp\/v2\/tags?post=295675"}],"curies":[{"name":"wp","href":"https:\/\/api.w.org\/{rel}","templated":true}]}}