{"id":295704,"date":"2025-08-04T12:17:09","date_gmt":"2025-08-04T12:17:09","guid":{"rendered":"https:\/\/www.europesays.com\/fr\/295704\/"},"modified":"2025-08-04T12:17:09","modified_gmt":"2025-08-04T12:17:09","slug":"un-violent-incendie-se-declenche-dans-une-ferme-une-quarantaine-de-pompiers-mobilises","status":"publish","type":"post","link":"https:\/\/www.europesays.com\/fr\/295704\/","title":{"rendered":"un violent incendie se d\u00e9clenche dans une ferme, une quarantaine de pompiers mobilis\u00e9s"},"content":{"rendered":"<p>Ce dimanche 3 ao\u00fbt, vers 11h du matin, un incendie impressionnant s\u2019est d\u00e9clench\u00e9 dans une ferme situ\u00e9e dans la commune de Brullioles, \u00e0 l\u2019ouest de Lyon. Plus pr\u00e9cis\u00e9ment, le d\u00e9part de feu s\u2019est produit dans le hangar o\u00f9 \u00e9taient stock\u00e9es pr\u00e8s de 600 tonnes de fourrage.<\/p>\n<p>D\u2019apr\u00e8s les informations du service d\u00e9partemental et m\u00e9tropolitain d\u2019incendie et de secours (SDMIS), les 600 tonnes de fourrage seraient parties en fum\u00e9e.<\/p>\n<p>Et ce, malgr\u00e9 le travail d\u2019une quarantaine de pompiers d\u00e9ploy\u00e9s, avec plus d\u2019une dizaine d\u2019engins, pour \u00e9teindre l\u2019incendie. Ce dernier serait d\u00e9sormais compl\u00e8tement ma\u00eetris\u00e9.\u00a0<\/p>\n","protected":false},"excerpt":{"rendered":"Ce dimanche 3 ao\u00fbt, vers 11h du matin, un incendie impressionnant s\u2019est d\u00e9clench\u00e9 dans une ferme situ\u00e9e dans&hellip;\n","protected":false},"author":2,"featured_media":295705,"comment_status":"","ping_status":"","sticky":false,"template":"","format":"standard","meta":{"footnotes":""},"categories":[1889],"tags":[1111,11,2813,2190,2430,1109,251,1112,2811,1777,674,118,1011,27,1922,1110,1114,2428,2810,12,241,316,25,2812,517,800],"class_list":{"0":"post-295704","1":"post","2":"type-post","3":"status-publish","4":"format-standard","5":"has-post-thumbnail","7":"category-lyon","8":"tag-actu","9":"tag-actualites","10":"tag-article","11":"tag-asvel","12":"tag-auvergne-rhone-alpes","13":"tag-breves","14":"tag-culture","15":"tag-depeches","16":"tag-economique","17":"tag-eu","18":"tag-europe","19":"tag-faits-divers","20":"tag-fr","21":"tag-france","22":"tag-info","23":"tag-informations","24":"tag-infos","25":"tag-lyon","26":"tag-lyonmag","27":"tag-news","28":"tag-ol","29":"tag-politique","30":"tag-republique-francaise","31":"tag-sociale","32":"tag-sport","33":"tag-transports"},"share_on_mastodon":{"url":"https:\/\/pubeurope.com\/@fr\/114970456564544353","error":""},"_links":{"self":[{"href":"https:\/\/www.europesays.com\/fr\/wp-json\/wp\/v2\/posts\/295704","targetHints":{"allow":["GET"]}}],"collection":[{"href":"https:\/\/www.europesays.com\/fr\/wp-json\/wp\/v2\/posts"}],"about":[{"href":"https:\/\/www.europesays.com\/fr\/wp-json\/wp\/v2\/types\/post"}],"author":[{"embeddable":true,"href":"https:\/\/www.europesays.com\/fr\/wp-json\/wp\/v2\/users\/2"}],"replies":[{"embeddable":true,"href":"https:\/\/www.europesays.com\/fr\/wp-json\/wp\/v2\/comments?post=295704"}],"version-history":[{"count":0,"href":"https:\/\/www.europesays.com\/fr\/wp-json\/wp\/v2\/posts\/295704\/revisions"}],"wp:featuredmedia":[{"embeddable":true,"href":"https:\/\/www.europesays.com\/fr\/wp-json\/wp\/v2\/media\/295705"}],"wp:attachment":[{"href":"https:\/\/www.europesays.com\/fr\/wp-json\/wp\/v2\/media?parent=295704"}],"wp:term":[{"taxonomy":"category","embeddable":true,"href":"https:\/\/www.europesays.com\/fr\/wp-json\/wp\/v2\/categories?post=295704"},{"taxonomy":"post_tag","embeddable":true,"href":"https:\/\/www.europesays.com\/fr\/wp-json\/wp\/v2\/tags?post=295704"}],"curies":[{"name":"wp","href":"https:\/\/api.w.org\/{rel}","templated":true}]}}