{"id":295712,"date":"2025-08-04T12:22:17","date_gmt":"2025-08-04T12:22:17","guid":{"rendered":"https:\/\/www.europesays.com\/fr\/295712\/"},"modified":"2025-08-04T12:22:17","modified_gmt":"2025-08-04T12:22:17","slug":"newcastle-debarque-a-paris-pour-un-joker-du-psg-cest-chaud","status":"publish","type":"post","link":"https:\/\/www.europesays.com\/fr\/295712\/","title":{"rendered":"Newcastle d\u00e9barque \u00e0 Paris pour un joker du PSG, c\u2019est chaud"},"content":{"rendered":"<p class=\"mb-4 text-lg md:leading-8 break-words\">Champion d\u2019Europe en titre, le Paris Saint-Germain va d\u00e9graisser cet \u00e9t\u00e9 alors que <a href=\"https:\/\/www.goal.com\/fr\/news\/mercato-le-psg-signe-sa-premiere-recrue-estivale-un-remplacant-fait-ses-valises\/bltbff913ffa77cee16\" rel=\"nofollow noopener\" target=\"_blank\" data-ylk=\"slk:le club francilien n\u2019a enregistr\u00e9 qu\u2019une seule recrue cet \u00e9t\u00e9, notamment l\u2019ex-gardien de la Roma, Renato Marin;elm:context_link;itc:0;sec:content-canvas\" class=\"link \">le club francilien n\u2019a enregistr\u00e9 qu\u2019une seule recrue cet \u00e9t\u00e9, notamment l\u2019ex-gardien de la Roma, Renato Marin<\/a>. Apr\u00e8s quelques d\u00e9parts d\u00e9j\u00e0 act\u00e9s, Paris s\u2019attend \u00e0 d\u2019autres mouvements. <a href=\"https:\/\/www.goal.com\/fr\/listes\/le-torchon-brule-entre-newcastle-et-alexander-isak-courtise-par-liverpool\/blt8c0837f94dd8b3c1#csc999812e0749ad3a\" rel=\"nofollow noopener\" target=\"_blank\" data-ylk=\"slk:Newcastle, proche de perdre Alexander Isak, proche de Liverpool;elm:context_link;itc:0;sec:content-canvas\" class=\"link \">Newcastle, proche de perdre Alexander Isak, proche de Liverpool<\/a>, lui cherche un rempla\u00e7ant. Et un homme de Luis Enrique coche les cases recherch\u00e9es par Eddie Howe.<\/p>\n<p>Gon\u00e7alo Ramos attise les convoitises cet \u00e9t\u00e9<img alt=\"Gon\u00e7alo Ramos attise les convoitises cet \u00e9t\u00e9\" loading=\"lazy\" width=\"960\" height=\"540\" decoding=\"async\" data-nimg=\"1\" class=\"rounded-lg\" style=\"color:transparent\" src=\"https:\/\/www.europesays.com\/fr\/wp-content\/uploads\/2025\/08\/ad8a505236a2c3ec876645450b7e0750.jpeg\"\/><\/p>\n<p>Gon\u00e7alo Ramos attise les convoitises cet \u00e9t\u00e9<\/p>\n<p class=\"mb-4 text-lg md:leading-8 break-words\">Un d\u00e9part de Gon\u00e7alo Ramos du Paris Saint-Germain n\u2019a rien d\u2019utopique cet \u00e9t\u00e9. Malgr\u00e9 des statistiques honorables cette saison &#8211; 19 buts et 6 passes d\u00e9cisives toutes comp\u00e9titions confondues &#8211; le Portugais n\u2019a jamais eu les faveurs de Luis Enrique pour occuper une place de titulaire r\u00e9gulier. Il incarne un atout de luxe, souvent utilis\u00e9 en cours de match. Une situation qui commence \u00e0 peser dans l\u2019esprit du joueur.<\/p>\n<p class=\"mb-4 text-lg md:leading-8 break-words\">Dans l\u2019ombre, plusieurs clubs europ\u00e9ens se tiennent pr\u00eats \u00e0 saisir une opportunit\u00e9. <a href=\"https:\/\/fr.news.yahoo.com\/sport\/mercato-l-ac-milan-venge-050335326.html\" data-ylk=\"slk:L\u2019AC Milan;elm:context_link;itc:0;sec:content-canvas;outcm:mb_qualified_link;_E:mb_qualified_link;ct:story;\" class=\"link  yahoo-link\" target=\"_blank\" rel=\"noopener\">L\u2019AC Milan<\/a> et <a href=\"https:\/\/fr.news.yahoo.com\/sport\/exit-kolo-muani-juve-fonce-124654428.html\" data-ylk=\"slk:la Juventus ont manifest\u00e9 un certain int\u00e9r\u00eat pour l\u2019ancien de Benfica;elm:context_link;itc:0;sec:content-canvas;outcm:mb_qualified_link;_E:mb_qualified_link;ct:story;\" class=\"link  yahoo-link\" target=\"_blank\" rel=\"noopener\">la Juventus ont manifest\u00e9 un certain int\u00e9r\u00eat pour l\u2019ancien de Benfica<\/a>, mais leur pouvoir financier semble insuffisant pour aller au bout du dossier. En revanche, un club anglais vient d\u2019acc\u00e9l\u00e9rer s\u00e9rieusement.<\/p>\n<p>Newcastle met la pression, direction Paris<img alt=\"Newcastle met la pression, direction Paris\" loading=\"lazy\" width=\"960\" height=\"540\" decoding=\"async\" data-nimg=\"1\" class=\"rounded-lg\" style=\"color:transparent\" src=\"https:\/\/www.europesays.com\/fr\/wp-content\/uploads\/2025\/08\/2ab641103007408efc31bafaf0697782.jpeg\"\/><\/p>\n<p>Newcastle met la pression, direction Paris<\/p>\n<p class=\"mb-4 text-lg md:leading-8 break-words\">D\u2019apr\u00e8s les informations rapport\u00e9es par The Daily Mirror, Newcastle United a coch\u00e9 le nom de Gon\u00e7alo Ramos comme solution alternative si les discussions \u00e9chouent avec Leipzig concernant Benjamin Sesko, cible prioritaire des Magpies. L\u2019int\u00e9r\u00eat est concret. Eddie Howe, le manager des Magpies, aurait valid\u00e9 cette piste sans h\u00e9siter.<\/p>\n<p class=\"mb-4 text-lg md:leading-8 break-words\">Et pour ne pas perdre de temps, les d\u00e9cideurs de Newcastle ont pris l\u2019avion en direction de Paris, selon le compte sp\u00e9cialis\u00e9 WarBoyNUFC. Le but ? Rencontrer les repr\u00e9sentants de Ramos pour poser les premi\u00e8res pierres d\u2019un \u00e9ventuel transfert. Les n\u00e9gociations pourraient se dessiner tr\u00e8s vite.<\/p>\n<p>Le PSG ne ferme pas la porte, mais&#8230;<img alt=\"Le PSG ne ferme pas la porte, mais...\" loading=\"lazy\" width=\"960\" height=\"540\" decoding=\"async\" data-nimg=\"1\" class=\"rounded-lg\" style=\"color:transparent\" src=\"https:\/\/www.europesays.com\/fr\/wp-content\/uploads\/2025\/08\/abce5816e3a83e86e6470c9c11ea1b31.jpeg\"\/><\/p>\n<p>Le PSG ne ferme pas la porte, mais&#8230;<\/p>\n<p class=\"mb-4 text-lg md:leading-8 break-words\">Paris n\u2019a pas lanc\u00e9 de signaux clairs pour se s\u00e9parer de son attaquant de 23 ans. <a href=\"https:\/\/www.goal.com\/fr\/listes\/mercato-le-psg-a-tranche-pour-l-avenir-de-goncalo-ramos\/blt04bc888a13a1d4bf#cs96a26290a7a4dd95\" rel=\"nofollow noopener\" target=\"_blank\" data-ylk=\"slk:Luis Enrique l\u2019appr\u00e9cie dans un r\u00f4le sp\u00e9cifique. Le technicien espagnol ne le voit pas comme titulaire, mais reconna\u00eet son utilit\u00e9;elm:context_link;itc:0;sec:content-canvas\" class=\"link \">Luis Enrique l\u2019appr\u00e9cie dans un r\u00f4le sp\u00e9cifique. Le technicien espagnol ne le voit pas comme titulaire, mais reconna\u00eet son utilit\u00e9<\/a> : tr\u00e8s pr\u00e9cieux pour d\u00e9bloquer certaines situations en cours de match avec son profil si rare au sein de l\u2019effectif parisien.<\/p>\n<p class=\"mb-4 text-lg md:leading-8 break-words\">Pour faire bouger les lignes, Newcastle devra frapper fort. Et sans doute poser sur la table une offre sup\u00e9rieure \u00e0 60 millions d\u2019euros, le montant d\u00e9bours\u00e9 par Paris pour l\u2019enr\u00f4ler il y a deux ans. Rien n\u2019est encore fait, mais \u00e7a bouge vite. Tr\u00e8s vite.<\/p>\n","protected":false},"excerpt":{"rendered":"Champion d\u2019Europe en titre, le Paris Saint-Germain va d\u00e9graisser cet \u00e9t\u00e9 alors que le club francilien n\u2019a enregistr\u00e9&hellip;\n","protected":false},"author":2,"featured_media":295713,"comment_status":"","ping_status":"","sticky":false,"template":"","format":"standard","meta":{"footnotes":""},"categories":[1888],"tags":[30513,1111,1928,11,1927,9152,784,43583,43582,1777,674,1011,27,86,7153,3490,921,8628,19739,12,1926,626,1925,93,43584,25],"class_list":{"0":"post-295712","1":"post","2":"type-post","3":"status-publish","4":"format-standard","5":"has-post-thumbnail","7":"category-paris","8":"tag-ac-milan","9":"tag-actu","10":"tag-actu-paris","11":"tag-actualites","12":"tag-actualites-paris","13":"tag-alexander-isak","14":"tag-aston-villa","15":"tag-club-atletico-de-madrid","16":"tag-eddie-howe","17":"tag-eu","18":"tag-europe","19":"tag-fr","20":"tag-france","21":"tag-goncalo-ramos","22":"tag-juventus","23":"tag-liverpool","24":"tag-luis-enrique","25":"tag-milan","26":"tag-newcastle","27":"tag-news","28":"tag-news-paris","29":"tag-paris","30":"tag-paris-news","31":"tag-psg","32":"tag-renato-marin","33":"tag-republique-francaise"},"share_on_mastodon":{"url":"https:\/\/pubeurope.com\/@fr\/114970476137305451","error":""},"_links":{"self":[{"href":"https:\/\/www.europesays.com\/fr\/wp-json\/wp\/v2\/posts\/295712","targetHints":{"allow":["GET"]}}],"collection":[{"href":"https:\/\/www.europesays.com\/fr\/wp-json\/wp\/v2\/posts"}],"about":[{"href":"https:\/\/www.europesays.com\/fr\/wp-json\/wp\/v2\/types\/post"}],"author":[{"embeddable":true,"href":"https:\/\/www.europesays.com\/fr\/wp-json\/wp\/v2\/users\/2"}],"replies":[{"embeddable":true,"href":"https:\/\/www.europesays.com\/fr\/wp-json\/wp\/v2\/comments?post=295712"}],"version-history":[{"count":0,"href":"https:\/\/www.europesays.com\/fr\/wp-json\/wp\/v2\/posts\/295712\/revisions"}],"wp:featuredmedia":[{"embeddable":true,"href":"https:\/\/www.europesays.com\/fr\/wp-json\/wp\/v2\/media\/295713"}],"wp:attachment":[{"href":"https:\/\/www.europesays.com\/fr\/wp-json\/wp\/v2\/media?parent=295712"}],"wp:term":[{"taxonomy":"category","embeddable":true,"href":"https:\/\/www.europesays.com\/fr\/wp-json\/wp\/v2\/categories?post=295712"},{"taxonomy":"post_tag","embeddable":true,"href":"https:\/\/www.europesays.com\/fr\/wp-json\/wp\/v2\/tags?post=295712"}],"curies":[{"name":"wp","href":"https:\/\/api.w.org\/{rel}","templated":true}]}}