{"id":295714,"date":"2025-08-04T12:23:10","date_gmt":"2025-08-04T12:23:10","guid":{"rendered":"https:\/\/www.europesays.com\/fr\/295714\/"},"modified":"2025-08-04T12:23:10","modified_gmt":"2025-08-04T12:23:10","slug":"au-moins-16-trains-supprimes-apres-un-incident-electrique-liberation","status":"publish","type":"post","link":"https:\/\/www.europesays.com\/fr\/295714\/","title":{"rendered":"au moins 16 trains supprim\u00e9s apr\u00e8s un incident \u00e9lectrique \u2013 Lib\u00e9ration"},"content":{"rendered":"<p class=\"sc-ksZaOG ehjQrN text-element\">Au moins 16 trains Eurostar ont \u00e9t\u00e9 supprim\u00e9s lundi sur la ligne \u00e0 grand vitesse (LGV) nord et toute la ligne est perturb\u00e9e \u00e0 la suite d\u2019un incident \u00e9lectrique, avec des retards pouvant aller jusqu\u2019\u00e0 1 h 50, a appris l\u2019AFP aupr\u00e8s d\u2019Eurostar.<\/p>\n<p class=\"sc-ksZaOG ehjQrN text-element\">Des \u00e9quipes sont sur place \u00abafin de finaliser leur diagnostic et de proc\u00e9der aux r\u00e9parations\u00bb, a indiqu\u00e9 \u00e0 l\u2019AFP SNCF R\u00e9seau, qui \u00e9voque un \u00abprobl\u00e8me de cat\u00e9naire\u00bb. L\u2019incident a eu lieu entre Moussy et Longueil, dans les Hauts-de-France.<\/p>\n<p class=\"sc-ksZaOG ehjQrN text-element\">Au moins 16 trains Eurostar entre Paris et les villes de Londres, Bruxelles et Amsterdam ont \u00e9t\u00e9 annul\u00e9s, jusqu\u2019\u00e0 19 heures lundi et deux trains Paris-Bruxelles et Bruxelles-Paris partis ce matin ont fait demi-tour vers leurs gares d\u2019origine, selon l\u2019entreprise franco-britannique.<\/p>\n<p class=\"sc-ksZaOG ehjQrN text-element\">Les \u00e9quipes de la SNCF ont mis en place des itin\u00e9raires de contournement via la ligne classique. A la mi-journ\u00e9e, SNCF R\u00e9seau n\u2019\u00e9tait pas en mesure d\u2019indiquer combien de trains \u00e9taient affect\u00e9s au total, ni jusqu\u2019\u00e0 quand dureraient les perturbations.<\/p>\n<p class=\"sc-ksZaOG ehjQrN text-element\">Des \u00e9quipes sont pr\u00e9sentes dans les gares \u00abaux c\u00f4t\u00e9s des voyageurs pour les informer\u00bb, pr\u00e9cise le gestionnaire du r\u00e9seau.<\/p>\n<p class=\"sc-ksZaOG ehjQrN text-element\"><b>Plus d\u2019informations \u00e0 venir&#8230;<\/b><\/p>\n","protected":false},"excerpt":{"rendered":"Au moins 16 trains Eurostar ont \u00e9t\u00e9 supprim\u00e9s lundi sur la ligne \u00e0 grand vitesse (LGV) nord et&hellip;\n","protected":false},"author":2,"featured_media":295715,"comment_status":"","ping_status":"","sticky":false,"template":"","format":"standard","meta":{"footnotes":""},"categories":[1888],"tags":[11,1777,674,1011,27,1307,4534,12,626,25,2215],"class_list":{"0":"post-295714","1":"post","2":"type-post","3":"status-publish","4":"format-standard","5":"has-post-thumbnail","7":"category-paris","8":"tag-actualites","9":"tag-eu","10":"tag-europe","11":"tag-fr","12":"tag-france","13":"tag-lille","14":"tag-londres","15":"tag-news","16":"tag-paris","17":"tag-republique-francaise","18":"tag-sncf"},"share_on_mastodon":{"url":"https:\/\/pubeurope.com\/@fr\/114970480128261553","error":""},"_links":{"self":[{"href":"https:\/\/www.europesays.com\/fr\/wp-json\/wp\/v2\/posts\/295714","targetHints":{"allow":["GET"]}}],"collection":[{"href":"https:\/\/www.europesays.com\/fr\/wp-json\/wp\/v2\/posts"}],"about":[{"href":"https:\/\/www.europesays.com\/fr\/wp-json\/wp\/v2\/types\/post"}],"author":[{"embeddable":true,"href":"https:\/\/www.europesays.com\/fr\/wp-json\/wp\/v2\/users\/2"}],"replies":[{"embeddable":true,"href":"https:\/\/www.europesays.com\/fr\/wp-json\/wp\/v2\/comments?post=295714"}],"version-history":[{"count":0,"href":"https:\/\/www.europesays.com\/fr\/wp-json\/wp\/v2\/posts\/295714\/revisions"}],"wp:featuredmedia":[{"embeddable":true,"href":"https:\/\/www.europesays.com\/fr\/wp-json\/wp\/v2\/media\/295715"}],"wp:attachment":[{"href":"https:\/\/www.europesays.com\/fr\/wp-json\/wp\/v2\/media?parent=295714"}],"wp:term":[{"taxonomy":"category","embeddable":true,"href":"https:\/\/www.europesays.com\/fr\/wp-json\/wp\/v2\/categories?post=295714"},{"taxonomy":"post_tag","embeddable":true,"href":"https:\/\/www.europesays.com\/fr\/wp-json\/wp\/v2\/tags?post=295714"}],"curies":[{"name":"wp","href":"https:\/\/api.w.org\/{rel}","templated":true}]}}