{"id":295718,"date":"2025-08-04T12:25:10","date_gmt":"2025-08-04T12:25:10","guid":{"rendered":"https:\/\/www.europesays.com\/fr\/295718\/"},"modified":"2025-08-04T12:25:10","modified_gmt":"2025-08-04T12:25:10","slug":"le-proces-de-lattentat-du-crocus-city-hall-qui-avait-fait-149-morts-sest-ouvert","status":"publish","type":"post","link":"https:\/\/www.europesays.com\/fr\/295718\/","title":{"rendered":"le proc\u00e8s de l&rsquo;attentat du Crocus City Hall, qui avait fait 149 morts, s\u2019est ouvert"},"content":{"rendered":"<p>Au total, 19 personnes vont compara\u00eetre devant un tribunal militaire de Moscou, dont les quatre assaillants pr\u00e9sum\u00e9s, originaires du Tadjikistan, une ex-r\u00e9publique sovi\u00e9tique d\u2019Asie centrale.<\/p>\n<p class=\"fig-paragraph\">Le proc\u00e8s des auteurs et complices pr\u00e9sum\u00e9s de l&rsquo;attentat du\u00a0<a href=\"http:\/\/www.lefigaro.fr\/international\/fusillade-a-moscou-qu-est-ce-que-le-crocus-city-hall-actuellement-en-feu-20240322\" target=\"_blank\" data-fig-type=\"Article\" rel=\"noopener\" data-gtm-custom-categorie=\"navigation\" data-gtm-custom-action=\"crossclick\" data-gtm-custom-label=\"Contextuel\" data-gtm-event=\"customEventSPE\" data-fig-domain=\"LEFIGARO\">Crocus City Hall<\/a>\u00a0en Russie, qui a fait 149 morts et a \u00e9t\u00e9 revendiqu\u00e9 par l&rsquo;\u00c9tat islamique (EI), s&rsquo;est ouvert lundi 4 ao\u00fbt \u00e0 Moscou et se d\u00e9roulera \u00e0 huis clos, a constat\u00e9 une journaliste de l&rsquo;AFP.<\/p>\n<p class=\"fig-paragraph\">Le 22 mars 2024, des hommes arm\u00e9s avaient ouvert le feu dans cette salle de concert situ\u00e9e \u00e0 la p\u00e9riph\u00e9rie de la capitale russe avant d&rsquo;y mettre le feu, tuant 149 personnes et en blessant 609, l&rsquo;une des pires attaques dans l&rsquo;histoire r\u00e9cente de la Russie.<\/p>\n<p>                                    <a class=\"fig-a11y-skip a11y-hidden\" href=\"#fig-a11y-skip-main-inarticle\"><br \/>\n        Passer la publicit\u00e9<br \/>\n    <\/a><\/p>\n<p class=\"fig-paragraph\">Au total, 19 personnes vont compara\u00eetre devant un tribunal militaire de Moscou, dont les quatre assaillants pr\u00e9sum\u00e9s, originaires du Tadjikistan, une ex-r\u00e9publique sovi\u00e9tique d&rsquo;Asie centrale.<\/p>\n<p>\u00abL\u2019acte terroriste avait \u00e9t\u00e9 planifi\u00e9 et organis\u00e9 par les services secrets d\u2019un \u00c9tat inamical\u00bb<\/p>\n<p class=\"fig-paragraph\">Les trois premi\u00e8res journ\u00e9es d&rsquo;audience doivent se d\u00e9rouler lundi, mardi et jeudi, selon le tribunal. La toute premi\u00e8re audience lundi a lieu dans les locaux du tribunal municipal de\u00a0<a href=\"http:\/\/www.lefigaro.fr\/international\/attentat-de-moscou-la-russie-reconnait-pour-la-premiere-fois-la-responsabilite-de-l-etat-islamique-20240524\" target=\"_blank\" data-fig-type=\"NewsFlash\" rel=\"noopener\" data-gtm-custom-categorie=\"navigation\" data-gtm-custom-action=\"crossclick\" data-gtm-custom-label=\"Contextuel\" data-gtm-event=\"customEventSPE\" data-fig-domain=\"LEFIGARO\">Moscou<\/a>, plus spacieux, o\u00f9 une soixantaine de journalistes sont pr\u00e9sents, selon la correspondante de l&rsquo;AFP. Peu apr\u00e8s le d\u00e9but de l&rsquo;audience, le juge a ordonn\u00e9 que le proc\u00e8s se d\u00e9roule \u00e0 huis clos, \u00e0 la demande du parquet.<\/p>\n<p class=\"fig-paragraph\">L&rsquo;attentat avait \u00e9t\u00e9 revendiqu\u00e9 par l&rsquo;organisation djihadiste\u00a0<a href=\"http:\/\/www.lefigaro.fr\/international\/il-y-a-un-vrai-risque-de-le-voir-revenir-en-syrie-l-ombre-de-daech-hante-toujours-raqqa-ancienne-capitale-de-l-etat-islamique-20250310\" target=\"_blank\" data-fig-type=\"Article\" rel=\"noopener\" data-gtm-custom-categorie=\"navigation\" data-gtm-custom-action=\"crossclick\" data-gtm-custom-label=\"Contextuel\" data-gtm-event=\"customEventSPE\" data-fig-domain=\"LEFIGARO\">\u00c9tat islamique<\/a>\u00a0(EI), reconnue comme une \u00aborganisation terroriste\u00bb et interdite en Russie. L&rsquo;EI avait d\u00e9j\u00e0 cibl\u00e9 le pays \u00e0 plusieurs reprises par le pass\u00e9. Il avait provoqu\u00e9 une onde de choc en Russie, en plein conflit arm\u00e9 avec l&rsquo;Ukraine, et les autorit\u00e9s russes avaient dans un premier temps assur\u00e9 y voir \u00e9galement la main de Kiev. Les services russes n&rsquo;ont toutefois jamais apport\u00e9 de preuves pour \u00e9tayer leurs all\u00e9gations, tandis que Kiev a toujours cat\u00e9goriquement rejet\u00e9 toute implication.<\/p>\n<p class=\"fig-paragraph\">Fin mars, le Comit\u00e9 d&rsquo;enqu\u00eate russe avait affirm\u00e9 avoir \u00abtermin\u00e9 l&rsquo;enqu\u00eate\u00bb concernant les 19 personnes impliqu\u00e9es. Les enqu\u00eateurs avaient conclu que \u00abl&rsquo;acte terroriste avait \u00e9t\u00e9 planifi\u00e9 et organis\u00e9 par les services secrets d&rsquo;un \u00c9tat inamical\u00bb, sans pr\u00e9ciser de quel \u00c9tat il s&rsquo;agissait.<\/p>\n","protected":false},"excerpt":{"rendered":"Au total, 19 personnes vont compara\u00eetre devant un tribunal militaire de Moscou, dont les quatre assaillants pr\u00e9sum\u00e9s, originaires&hellip;\n","protected":false},"author":2,"featured_media":295719,"comment_status":"","ping_status":"","sticky":false,"template":"","format":"standard","meta":{"footnotes":""},"categories":[1591],"tags":[11,5581,1887,12,1885,1886,132],"class_list":{"0":"post-295718","1":"post","2":"type-post","3":"status-publish","4":"format-standard","5":"has-post-thumbnail","7":"category-russie","8":"tag-actualites","9":"tag-attentat","10":"tag-federation-de-russie","11":"tag-news","12":"tag-russia","13":"tag-russian-federation","14":"tag-russie"},"share_on_mastodon":{"url":"https:\/\/pubeurope.com\/@fr\/114970487928290432","error":""},"_links":{"self":[{"href":"https:\/\/www.europesays.com\/fr\/wp-json\/wp\/v2\/posts\/295718","targetHints":{"allow":["GET"]}}],"collection":[{"href":"https:\/\/www.europesays.com\/fr\/wp-json\/wp\/v2\/posts"}],"about":[{"href":"https:\/\/www.europesays.com\/fr\/wp-json\/wp\/v2\/types\/post"}],"author":[{"embeddable":true,"href":"https:\/\/www.europesays.com\/fr\/wp-json\/wp\/v2\/users\/2"}],"replies":[{"embeddable":true,"href":"https:\/\/www.europesays.com\/fr\/wp-json\/wp\/v2\/comments?post=295718"}],"version-history":[{"count":0,"href":"https:\/\/www.europesays.com\/fr\/wp-json\/wp\/v2\/posts\/295718\/revisions"}],"wp:featuredmedia":[{"embeddable":true,"href":"https:\/\/www.europesays.com\/fr\/wp-json\/wp\/v2\/media\/295719"}],"wp:attachment":[{"href":"https:\/\/www.europesays.com\/fr\/wp-json\/wp\/v2\/media?parent=295718"}],"wp:term":[{"taxonomy":"category","embeddable":true,"href":"https:\/\/www.europesays.com\/fr\/wp-json\/wp\/v2\/categories?post=295718"},{"taxonomy":"post_tag","embeddable":true,"href":"https:\/\/www.europesays.com\/fr\/wp-json\/wp\/v2\/tags?post=295718"}],"curies":[{"name":"wp","href":"https:\/\/api.w.org\/{rel}","templated":true}]}}