{"id":295722,"date":"2025-08-04T12:27:17","date_gmt":"2025-08-04T12:27:17","guid":{"rendered":"https:\/\/www.europesays.com\/fr\/295722\/"},"modified":"2025-08-04T12:27:17","modified_gmt":"2025-08-04T12:27:17","slug":"la-presidente-du-mexique-persuasive-avec-donald-trump","status":"publish","type":"post","link":"https:\/\/www.europesays.com\/fr\/295722\/","title":{"rendered":"La pr\u00e9sidente du Mexique persuasive avec Donald Trump"},"content":{"rendered":"<p>Il y en aura au moins une qui aura su user de son tact et de sa persuasion face \u00e0 <a href=\"https:\/\/www.20minutes.fr\/dossier\/donald_trump\" class=\"color-ultramarine c-link\" rel=\"nofollow noopener\" target=\"_blank\">Donald Trump<\/a>. La pr\u00e9sidente mexicaine <a href=\"https:\/\/www.20minutes.fr\/monde\/4093073-20240528-presidentielle-mexique-claudia-sheinbaum-scientifique-gauche-tete-sondages\" class=\"color-ultramarine c-link\" rel=\"nofollow noopener\" target=\"_blank\">Claudia Sheinbaum<\/a> a r\u00e9ussi \u00e0 convaincre son homologue am\u00e9ricain d\u2019accorder \u00e0 son pays un sursis avant d\u2019augmenter les <a href=\"https:\/\/www.20minutes.fr\/economie\/droits-douane-americains\/\" class=\"color-ultramarine c-link\" rel=\"nofollow noopener\" target=\"_blank\">droits de douane<\/a>, mais sans dissiper les incertitudes \u00e9conomiques.<\/p>\n<p>Les deux pr\u00e9sidents sont connus pour arriver \u00e0 s\u2019entendre en d\u00e9pit de leur opposition sur l\u2019\u00e9chiquier politique. Au moins \u00e0 trois reprises maintenant, le pr\u00e9sident am\u00e9ricain a accord\u00e9 \u00e0 <a href=\"https:\/\/www.20minutes.fr\/dossier\/mexique\" class=\"color-ultramarine c-link\" rel=\"nofollow noopener\" target=\"_blank\">Mexico <\/a>un all\u00e8gement douanier et Donald Trump a qualifi\u00e9 la pr\u00e9sidente de \u00ab\u00a0femme merveilleuse\u00a0\u00bb, loin des relations parfois tendues entretenues avec certains autres dirigeants mondiaux.<\/p>\n<p>La pers\u00e9v\u00e9rance est la cl\u00e9<\/p>\n<p>Une nouvelle fois jeudi, le r\u00e9publicain a annonc\u00e9 s\u2019\u00eatre entendu avec elle pour ne pas relever dans l\u2019imm\u00e9diat les droits de douane sur les produits mexicains, alors qu\u2019il mena\u00e7ait de porter la surtaxe \u00e0 30\u00a0%.<\/p>\n<p>Mexico, partenaire commercial le plus important des <a href=\"https:\/\/www.20minutes.fr\/monde\/etats-unis\/\" class=\"color-ultramarine c-link\" rel=\"nofollow noopener\" target=\"_blank\">Etats-Unis<\/a> apr\u00e8s l\u2019<a href=\"https:\/\/www.20minutes.fr\/dossier\/ue\" class=\"color-ultramarine c-link\" rel=\"nofollow noopener\" target=\"_blank\">Union europ\u00e9enne<\/a> prise dans son ensemble, obtient ainsi un sursis de 90 jours. Cela revient \u00e0 maintenir \u00e0 25\u00a0% les droits de douane sur les produits entrant aux Etats-Unis en dehors de l\u2019accord de libre-\u00e9change nord-am\u00e9ricain (ACEUM).<\/p>\n<p>Un r\u00e9sultat obtenu au bout de la neuvi\u00e8me conversation t\u00e9l\u00e9phonique entre les deux pr\u00e9sidents depuis le retour au pouvoir de Donald Trump en janvier, qui mena\u00e7ait alors de sanctionner les exportations du Mexique en raison de la tol\u00e9rance pr\u00e9sum\u00e9e de ce dernier \u00e0 l\u2019\u00e9gard du trafic de fentanyl vers les \u00c9tats-Unis.<\/p>\n<p>Une petite victoire<\/p>\n<p>Comment a-t-elle fait\u00a0? \u00ab\u00a0En gardant la t\u00eate froide\u00a0\u00bb, a expliqu\u00e9 la pr\u00e9sidente elle-m\u00eame \u00e0 des journalistes vendredi. La physicienne \u00e2g\u00e9e de 63 ans et militante de gauche engag\u00e9e a ajout\u00e9 qu\u2019elle \u00e9vitait \u00ab\u00a0la confrontation\u00a0\u00bb avec le milliardaire.<\/p>\n<p>Selon Mme\u00a0Sheinbaum, les Mexicains ne \u00ab\u00a0devraient jamais courber l\u2019\u00e9chine\u00a0\u00bb et M. Trump a reconnu son courage d\u00e9clarant au cours d\u2019une de leur discussion\u00a0: \u00ab\u00a0vous \u00eates dure\u00a0\u00bb, selon le <a href=\"https:\/\/www.20minutes.fr\/dossier\/new_york_times\" class=\"color-ultramarine c-link\" rel=\"nofollow noopener\" target=\"_blank\">New York Times<\/a>. \u00ab\u00a0<a href=\"https:\/\/www.20minutes.fr\/dossier\/mexico\" class=\"color-ultramarine c-link\" rel=\"nofollow noopener\" target=\"_blank\">Mexico<\/a> repr\u00e9sente beaucoup pour les Etats Unis [\u2026] ils le savent\u00a0\u00bb, a expliqu\u00e9 Mme\u00a0Sheinbaum.<\/p>\n<\/p>\n<p>Gr\u00e2ce au trait\u00e9 de libre-\u00e9change entre les Etats-Unis, le Mexique et le <a href=\"https:\/\/www.20minutes.fr\/dossier\/canada\" class=\"color-ultramarine c-link\" rel=\"nofollow noopener\" target=\"_blank\">Canada<\/a>, pr\u00e8s de 85\u00a0% des exportations mexicaines ont \u00e9t\u00e9 exon\u00e9r\u00e9es de droits douanes.<\/p>\n<p>Si le Mexique a r\u00e9ussi \u00e0 \u00e9chapper pour l\u2019instant aux droits de douane g\u00e9n\u00e9raux de 30\u00a0% sur ses exportations, son secteur automobile sera soumis \u00e0 des droits de douane de 25\u00a0% alors qu\u2019en mai il avait obtenu que Washington les r\u00e9duise \u00e0 15\u00a0%. Ses secteurs de l\u2019acier et de l\u2019aluminium, comme pour d\u2019autres pays, sont soumis \u00e0 des droits douaniers de 50\u00a0%.<\/p>\n<p>Le gouvernement mexicain consid\u00e8re cependant le report r\u00e9cent de l\u2019application des droits de douane comme une victoire. \u00ab\u00a0Sans aucune flagornerie, je peux vous dire que la fa\u00e7on dont notre pr\u00e9sidente m\u00e8ne ses discussions, son approche, la fermet\u00e9 avec laquelle elle d\u00e9fend les int\u00e9r\u00eats du Mexique, sa capacit\u00e9 \u00e0 convaincre le pr\u00e9sident Trump, sont tr\u00e8s importants\u00a0\u00bb, a estim\u00e9 le ministre mexicain de l\u2019\u00c9conomie Marcelo Ebrard, qui dirige les n\u00e9gociations sur les surtaxes douani\u00e8res.<\/p>\n<p>Simplement un gain de temps\u00a0?<\/p>\n<p>Mme\u00a0Sheinbaum semble \u00e9galement avoir adopt\u00e9 une attitude \u00ab\u00a0donnant-donnant\u00a0\u00bb, en d\u00e9ployant des milliers de soldats \u00e0 la fronti\u00e8re avec les Etats-Unis face aux inqui\u00e9tudes du pr\u00e9sident Trump sur l\u2019afflux de migrants et le trafic de drogue.<\/p>\n<p>La pr\u00e9sidente insiste pour sa part sur le fait qu\u2019elle n\u2019a \u00ab\u00a0pas donn\u00e9 quoi que ce soit\u00a0\u00bb dans les n\u00e9gociations avec Donald Trump et les discussions se poursuivent entre les deux voisins pour des accords de s\u00e9curit\u00e9 pour r\u00e9gler les probl\u00e8mes de trafic de <a href=\"https:\/\/www.20minutes.fr\/dossier\/fentanyl\" class=\"color-ultramarine c-link\" rel=\"nofollow noopener\" target=\"_blank\">fentanyl<\/a> et de drogue.<\/p>\n<p><a href=\"https:\/\/www.20minutes.fr\/economie\/droits-douane-americains\/\" class=\"c-link c-btn c-btn--primary\" rel=\"nofollow noopener\" target=\"_blank\">Retrouvez nos articles sur les droits de douane am\u00e9ricains<\/a><\/p>\n<p>Mme\u00a0Sheinbaum a aussi mis en avant la possibilit\u00e9 de plus d\u2019importations de produits am\u00e9ricains pour r\u00e9\u00e9quilibrer la balance commerciale. Certains redoutent que la pr\u00e9sidente mexicaine ne cherche tout simplement \u00e0 gagner du temps.<\/p>\n<p>Le report de l\u2019application des droits de douane \u00ab\u00a0ne r\u00e8gle pas le probl\u00e8me de l\u2019incertitude, nous revenons au point de d\u00e9part\u00a0\u00bb, a estim\u00e9 un expert en \u00e9changes commerciaux du Centre des \u00e9tudes strat\u00e9giques et internationales de <a href=\"https:\/\/www.20minutes.fr\/dossier\/washington\" class=\"color-ultramarine c-link\" rel=\"nofollow noopener\" target=\"_blank\">Washington<\/a>, interrog\u00e9 par l\u2019AFP.<\/p>\n","protected":false},"excerpt":{"rendered":"Il y en aura au moins une qui aura su user de son tact et de sa persuasion&hellip;\n","protected":false},"author":2,"featured_media":295723,"comment_status":"","ping_status":"","sticky":false,"template":"","format":"standard","meta":{"footnotes":""},"categories":[1589],"tags":[47,11,75,33742,73,1866,5697,74,12,1864,1865,1863,308],"class_list":{"0":"post-295722","1":"post","2":"type-post","3":"status-publish","4":"format-standard","5":"has-post-thumbnail","7":"category-etats-unis","8":"tag-actualite","9":"tag-actualites","10":"tag-donald-trump","11":"tag-droits-de-douane-americains","12":"tag-etats-unis","13":"tag-etats-unis-damerique","14":"tag-mexique","15":"tag-monde","16":"tag-news","17":"tag-united-states","18":"tag-united-states-of-america","19":"tag-us","20":"tag-usa"},"share_on_mastodon":{"url":"https:\/\/pubeurope.com\/@fr\/114970495784629129","error":""},"_links":{"self":[{"href":"https:\/\/www.europesays.com\/fr\/wp-json\/wp\/v2\/posts\/295722","targetHints":{"allow":["GET"]}}],"collection":[{"href":"https:\/\/www.europesays.com\/fr\/wp-json\/wp\/v2\/posts"}],"about":[{"href":"https:\/\/www.europesays.com\/fr\/wp-json\/wp\/v2\/types\/post"}],"author":[{"embeddable":true,"href":"https:\/\/www.europesays.com\/fr\/wp-json\/wp\/v2\/users\/2"}],"replies":[{"embeddable":true,"href":"https:\/\/www.europesays.com\/fr\/wp-json\/wp\/v2\/comments?post=295722"}],"version-history":[{"count":0,"href":"https:\/\/www.europesays.com\/fr\/wp-json\/wp\/v2\/posts\/295722\/revisions"}],"wp:featuredmedia":[{"embeddable":true,"href":"https:\/\/www.europesays.com\/fr\/wp-json\/wp\/v2\/media\/295723"}],"wp:attachment":[{"href":"https:\/\/www.europesays.com\/fr\/wp-json\/wp\/v2\/media?parent=295722"}],"wp:term":[{"taxonomy":"category","embeddable":true,"href":"https:\/\/www.europesays.com\/fr\/wp-json\/wp\/v2\/categories?post=295722"},{"taxonomy":"post_tag","embeddable":true,"href":"https:\/\/www.europesays.com\/fr\/wp-json\/wp\/v2\/tags?post=295722"}],"curies":[{"name":"wp","href":"https:\/\/api.w.org\/{rel}","templated":true}]}}