{"id":295730,"date":"2025-08-04T12:31:09","date_gmt":"2025-08-04T12:31:09","guid":{"rendered":"https:\/\/www.europesays.com\/fr\/295730\/"},"modified":"2025-08-04T12:31:09","modified_gmt":"2025-08-04T12:31:09","slug":"les-capitales-la-reconnaissance-de-la-palestine-divise-les-etats-de-lue","status":"publish","type":"post","link":"https:\/\/www.europesays.com\/fr\/295730\/","title":{"rendered":"Les Capitales : La reconnaissance de la Palestine divise les \u00c9tats de l\u2019UE"},"content":{"rendered":"<p style=\"text-align: left\"><strong>Les Capitales, votre rendez-vous quotidien avec l\u2019Europe.<\/strong><\/p>\n<p style=\"text-align: left\"><strong>\u00c0 LA UNE<\/strong><\/p>\n<p style=\"text-align: left\">Alors que la guerre \u00e0 Gaza se poursuit et que <a href=\"https:\/\/www.ipcinfo.org\/fileadmin\/user_upload\/ipcinfo\/docs\/IPC_GazaStrip_Alert_July2025.pdf?utm_source=euractiv&amp;utm_medium=newsletter&amp;utm_content=In+the+capital&amp;utm_term=0-0&amp;utm_campaign=EN_THE_CAPITALS\" target=\"_blank\" rel=\"noopener nofollow\">la famine<\/a> y fait des ravages, les gouvernements des \u00c9tats membres de l\u2019UE intensifient leurs pressions sur Isra\u00ebl.<\/p>\n<p style=\"text-align: left\">Le pays fait face \u00e0 sa plus forte r\u00e9action diplomatique europ\u00e9enne depuis des ann\u00e9es. M\u00eame l\u2019Allemagne, longtemps consid\u00e9r\u00e9e comme l\u2019alli\u00e9e la plus ind\u00e9fectible de Tel-Aviv, <a href=\"https:\/\/www.euractiv.com\/section\/politics\/news\/germany-says-very-insufficient-aid-entering-gaza\/?utm_source=euractiv&amp;utm_medium=newsletter&amp;utm_content=In+the+capital&amp;utm_term=0-0&amp;utm_campaign=EN_THE_CAPITALS\" target=\"_blank\" rel=\"noopener nofollow\">durcit d\u00e9sormais son ton<\/a>.<\/p>\n<p style=\"text-align: left\">Certains \u00c9tats membres <a href=\"https:\/\/www.euractiv.fr\/section\/politics\/news\/les-europeens-commencent-a-acheminer-de-laide-par-avion-a-gaza\/\" target=\"_blank\" rel=\"noopener nofollow\">acheminent<\/a> de l\u2019aide humanitaire par avion aux Palestiniens et envisagent de <a href=\"https:\/\/www.euractiv.fr\/section\/politics\/news\/lue-envisage-une-suspension-partielle-de-la-cooperation-avec-israel-dans-le-domaine-de-la-recherche\/\" target=\"_blank\" rel=\"noopener nofollow\">suspendre<\/a> la participation d\u2019Isra\u00ebl au programme phare de l\u2019Union pour la recherche et l\u2019innovation, Horizon Europe.<\/p>\n<p style=\"text-align: left\">L\u2019expression \u00ab\u2009<a href=\"https:\/\/edition.cnn.com\/2025\/07\/31\/Tv\/video\/amanpour-novik-israel-gaza?cid=ios_app?utm_source=euractiv&amp;utm_medium=newsletter&amp;utm_content=In+the+capital&amp;utm_term=0-0&amp;utm_campaign=EN_THE_CAPITALS\" target=\"_blank\" rel=\"noopener nofollow\">tsunami diplomatique<\/a>\u2009\u00bb, autrefois utilis\u00e9e par d\u2019anciens responsables isra\u00e9liens pour d\u00e9crire une vague mondiale de r\u00e9actions hostiles, refait surface dans <a href=\"https:\/\/www.haaretz.com\/opinion\/editorial\/2025-08-01\/ty-article-opinion\/allies-not-antisemites-diplomatic-pressure-on-israel-is-an-act-of-friendship\/00000198-620d-d843-af99-f61d375b0000?utm_source=euractiv&amp;utm_medium=newsletter&amp;utm_content=In+the+capital&amp;utm_term=0-0&amp;utm_campaign=EN_THE_CAPITALS\" target=\"_blank\" rel=\"noopener nofollow\">les m\u00e9dias du pays<\/a>.<\/p>\n<p style=\"text-align: left\">Au c\u0153ur du d\u00e9bat politique europ\u00e9en se trouve actuellement une question aussi controvers\u00e9e qu\u2019ancienne : l\u2019Union europ\u00e9enne doit-elle reconna\u00eetre officiellement l\u2019\u00c9tat palestinien\u2009?<\/p>\n<p style=\"text-align: left\">La France, avec le soutien de l\u2019Arabie saoudite, tente de cr\u00e9er une dynamique conduisant davantage de pays \u00e0 reconna\u00eetre la Palestine en vue de l\u2019Assembl\u00e9e g\u00e9n\u00e9rale de l\u2019ONU de septembre. Compte tenu de son statut quasi \u00e9tatique actuel, une telle reconnaissance aurait une valeur largement symbolique. Il s\u2019agirait en effet d\u2019un geste moral et politique fort, mais peu susceptible de changer la r\u00e9alit\u00e9 sur le terrain.<\/p>\n<p style=\"text-align: left\">Des pays comme l\u2019Espagne, l\u2019Irlande, la Slov\u00e9nie et la Norv\u00e8ge ont d\u00e9j\u00e0 franchi le pas l\u2019an dernier. D\u2019autres, dont le Royaume-Uni, Malte et la Finlande, ont r\u00e9cemment annonc\u00e9 leur volont\u00e9 de faire de m\u00eame. Mais ce mouvement reste loin de faire l\u2019unanimit\u00e9.<\/p>\n<p style=\"text-align: left\">Dans plusieurs anciens pays communistes de l\u2019UE qui soutenaient autrefois la reconnaissance, <a href=\"https:\/\/en.wikipedia.org\/wiki\/United_Nations_General_Assembly_Resolution_ES-10\/23?utm_source=euractiv&amp;utm_medium=newsletter&amp;utm_content=In+the+capital&amp;utm_term=0-0&amp;utm_campaign=EN_THE_CAPITALS\" target=\"_blank\" rel=\"noopener nofollow\">l\u2019enthousiasme est retomb\u00e9<\/a>.<\/p>\n<p style=\"text-align: left\">Par ailleurs, en Finlande, le Parti de la coalition nationale (KOK) au pouvoir a \u00e9t\u00e9 contraint de revenir sur <a href=\"https:\/\/yle.fi\/a\/74-20175083?utm_source=euractiv&amp;utm_medium=newsletter&amp;utm_content=In+the+capital+continued.&amp;utm_term=0-0&amp;utm_campaign=EN_THE_CAPITALS\" target=\"_blank\" rel=\"noopener nofollow\">son soutien<\/a> apr\u00e8s que <a href=\"https:\/\/yle.fi\/a\/74-20175292?utm_source=euractiv&amp;utm_medium=newsletter&amp;utm_content=In+the+capital+continued.&amp;utm_term=0-0&amp;utm_campaign=EN_THE_CAPITALS\" target=\"_blank\" rel=\"noopener nofollow\">ses partenaires de coalition<\/a> \u2014 les Vrais finlandais (PS), le Parti populaire su\u00e9dois de Finlande (SFP) et les Chr\u00e9tiens-d\u00e9mocrates \u2014 ont d\u00e9clar\u00e9 n\u2019avoir pas \u00e9t\u00e9 consult\u00e9s. Un d\u00e9saccord qui menace d\u00e9sormais <a href=\"https:\/\/yle.fi\/a\/74-20175488?utm_source=euractiv&amp;utm_medium=newsletter&amp;utm_content=In+the+capital+continued.&amp;utm_term=0-0&amp;utm_campaign=EN_THE_CAPITALS\" target=\"_blank\" rel=\"noopener nofollow\">la stabilit\u00e9<\/a> du gouvernement.<\/p>\n<p style=\"text-align: left\">En Belgique, les factions de droite du gouvernement \u2014 le parti nationaliste Nouvelle alliance flamande (N-VA) et le Mouvement r\u00e9formateur (MR) lib\u00e9ral \u2014 s\u2019opposent \u00e0 la reconnaissance, entrant en conflit avec le parti centriste Les Engag\u00e9s, les chr\u00e9tiens-d\u00e9mocrates et les socialistes flamands.<\/p>\n<p style=\"text-align: left\">Au Portugal, le Premier ministre de centre-droit Luis Montenegro, sous la pression du parti populiste d\u2019extr\u00eame droite Chega, a opt\u00e9 pour la prudence. Il s\u2019engage <a href=\"https:\/\/www.reuters.com\/world\/middle-east\/portugal-makes-cautious-move-towards-recognising-palestinian-state-2025-07-31\/?utm_source=euractiv&amp;utm_medium=newsletter&amp;utm_content=In+the+capital+continued.&amp;utm_term=0-0&amp;utm_campaign=EN_THE_CAPITALS\" target=\"_blank\" rel=\"noopener nofollow\">\u00e0 rechercher un consensus<\/a> avant de prendre une d\u00e9cision.<\/p>\n<p style=\"text-align: left\">La France fait valoir que la reconnaissance de la Palestine pourrait relancer la solution des deux \u00c9tats, en soulignant <a href=\"https:\/\/www.nytimes.com\/2025\/07\/31\/world\/middleeast\/hamas-arab-states-palestinians.html?utm_source=euractiv&amp;utm_medium=newsletter&amp;utm_content=In+the+capital+continued.&amp;utm_term=0-0&amp;utm_campaign=EN_THE_CAPITALS\" target=\"_blank\" rel=\"noopener nofollow\">l\u2019accord<\/a> in\u00e9dit conclu la semaine derni\u00e8re entre les pays arabes et europ\u00e9ens, qui subordonne la cr\u00e9ation d\u2019un \u00c9tat palestinien \u00e0 la dissolution du groupe terroriste palestinien du Hamas et \u00e0 l\u2019abandon du contr\u00f4le de Gaza.<\/p>\n<p style=\"text-align: left\">Le Hamas, cependant, insiste sur le fait qu\u2019il <a href=\"https:\/\/www.reuters.com\/world\/middle-east\/us-envoy-tells-israeli-hostage-families-he-is-working-plan-end-gaza-war-2025-08-02\/?utm_source=euractiv&amp;utm_medium=newsletter&amp;utm_content=In+the+capital+continued.&amp;utm_term=0-0&amp;utm_campaign=EN_THE_CAPITALS\" target=\"_blank\" rel=\"noopener nofollow\">ne d\u00e9posera les armes<\/a> qu\u2019une fois qu\u2019il aura un \u00c9tat. Isra\u00ebl et les \u00c9tats-Unis y voient un pi\u00e8ge, craignant qu\u2019une reconnaissance ne renforce le Hamas et n\u2019enterre toute perspective de n\u00e9gociation en vue d\u2019une paix.<\/p>\n<p style=\"text-align: left\">Pendant ce temps, sur le terrain, la guerre s\u2019intensifie. Le Premier ministre isra\u00e9lien Benyamin Netanyahou, confront\u00e9 \u00e0 la pression de sa coalition d\u2019extr\u00eame droite, <a href=\"https:\/\/x.com\/BarakRavid\/status\/1952057496857624587?utm_source=euractiv&amp;utm_medium=newsletter&amp;utm_content=In+the+capital+continued.&amp;utm_term=0-0&amp;utm_campaign=EN_THE_CAPITALS\" target=\"_blank\" rel=\"noopener nofollow\">poursuit et \u00e9tend l\u2019offensive<\/a> \u00e0 Gaza, apr\u00e8s la diffusion de <a href=\"https:\/\/www.euractiv.com\/section\/politics\/news\/hamas-hostage-videos-intensifies-eu-calls-for-gaza-ceasefire\/?utm_source=euractiv&amp;utm_medium=newsletter&amp;utm_content=In+the+capital+continued.&amp;utm_term=0-0&amp;utm_campaign=EN_THE_CAPITALS\" target=\"_blank\" rel=\"noopener nofollow\">vid\u00e9os<\/a> des otages <a href=\"https:\/\/www.timesofisrael.com\/islamic-jihad-airs-video-of-hostage-rom-braslavski-they-broke-him-family-says\/?utm_source=euractiv&amp;utm_medium=newsletter&amp;utm_content=In+the+capital+continued.&amp;utm_term=0-0&amp;utm_campaign=EN_THE_CAPITALS\" target=\"_blank\" rel=\"noopener nofollow\">Rom Braslavski<\/a> et <a href=\"https:\/\/www.timesofisrael.com\/a-living-skeleton-buried-alive-hostage-evyatar-davids-family-publishes-clip-of-hamas-video\/?utm_campaign=most_popular&amp;utm_source=website&amp;utm_medium=article_end&amp;utm_content=1?utm_source=euractiv&amp;utm_medium=newsletter&amp;utm_content=In+the+capital+continued.&amp;utm_term=0-0&amp;utm_campaign=EN_THE_CAPITALS\" target=\"_blank\" rel=\"noopener nofollow\">Evyatar David<\/a>. Vingt otages seraient encore en vie, et le Premier ministre promet leur lib\u00e9ration par la force militaire.<\/p>\n<p style=\"text-align: left\">Benyamin Netanyahou s\u2019accroche au pouvoir avec le soutien de ministres d\u2019extr\u00eame droite, ces derniers ayant tout de m\u00eame menac\u00e9 de renverser le gouvernement s\u2019il mettait fin \u00e0 la guerre.<\/p>\n<p style=\"text-align: left\">Toutefois, cette approche de la guerre a suscit\u00e9 <a href=\"https:\/\/www.jpost.com\/israel-news\/defense-news\/article-863123?utm_source=jpost.app.apple&amp;utm_medium=share?utm_source=euractiv&amp;utm_medium=newsletter&amp;utm_content=In+the+capital+continued.&amp;utm_term=0-0&amp;utm_campaign=EN_THE_CAPITALS\" target=\"_blank\" rel=\"noopener nofollow\">une condamnation<\/a> rare d\u2019anciennes figures isra\u00e9liennes de la s\u00e9curit\u00e9 et de l\u2019arm\u00e9e, qui ont lanc\u00e9 un appel public en faveur d\u2019un cessez-le-feu \u2014 un appel rest\u00e9 lettre morte.<\/p>\n<p style=\"text-align: left\">Au niveau de l\u2019UE, la cheffe de la diplomatie europ\u00e9enne, Kaja Kallas, a men\u00e9 la r\u00e9ponse du bloc, <a href=\"https:\/\/www.euractiv.com\/section\/politics\/news\/hamas-hostage-videos-intensifies-eu-calls-for-gaza-ceasefire\/?utm_source=euractiv&amp;utm_medium=newsletter&amp;utm_content=In+the+capital+continued.&amp;utm_term=0-0&amp;utm_campaign=EN_THE_CAPITALS\" target=\"_blank\" rel=\"noopener nofollow\">d\u00e9non\u00e7ant<\/a> les vid\u00e9os d\u2019otages diffus\u00e9es par le Hamas et le Jihad islamique, un autre groupe arm\u00e9 palestinien.<\/p>\n<p style=\"text-align: left\">Le pr\u00e9sident Emmanuel Macron <a href=\"https:\/\/x.com\/EmmanuelMacron\/status\/1951993677766709644\" target=\"_blank\" rel=\"noopener nofollow\">a quant \u00e0 lui d\u00e9nonc\u00e9<\/a> la \u00ab\u2009cruaut\u00e9 abjecte\u2009\u00bb et l\u2019\u00ab\u2009inhumanit\u00e9 sans limite\u2009\u00bb du Hamas, tandis que le chancelier allemand Friedrich Merz <a href=\"https:\/\/x.com\/bundeskanzler\/status\/1952062395888656637?utm_source=euractiv&amp;utm_medium=newsletter&amp;utm_content=In+the+capital+continued.&amp;utm_term=0-0&amp;utm_campaign=EN_THE_CAPITALS\" target=\"_blank\" rel=\"noopener nofollow\">a d\u00e9clar\u00e9<\/a> que le groupe torturait les otages, terrorisait Isra\u00ebl et \u00ab\u2009utilisait la population de Gaza comme bouclier humain\u2009\u00bb.<\/p>\n<p style=\"text-align: left\">La commissaire europ\u00e9enne charg\u00e9e de l\u2019aide humanitaire, la Belge Hadja Lahbib, <a href=\"https:\/\/x.com\/hadjalahbib\/status\/1951366771581006323?utm_source=euractiv&amp;utm_medium=newsletter&amp;utm_content=In+the+capital+continued.&amp;utm_term=0-0&amp;utm_campaign=EN_THE_CAPITALS\" target=\"_blank\" rel=\"noopener nofollow\">a ensuite exhort\u00e9<\/a> Isra\u00ebl \u00e0 laisser passer l\u2019aide et \u00e0 cesser d\u2019entraver l\u2019acc\u00e8s des organisations humanitaires de l\u2019UE.<\/p>\n<p style=\"text-align: left\">Kaja Kallas a \u00e9t\u00e9 la premi\u00e8re \u00e0 r\u00e9agir depuis Bruxelles, et <a href=\"https:\/\/x.com\/markomihkelson\/status\/1952005593276772840?t=KyrBfzHCwzHOzw6zM3yYkg&amp;s=08\" target=\"_blank\" rel=\"noopener nofollow\">un commentaire<\/a> du d\u00e9put\u00e9 estonien Marko Mihkelson, membre \u00e9minent du Parti de la r\u00e9forme d\u2019Estonie autrefois dirig\u00e9 par Kaja Kallas elle-m\u00eame, r\u00e9sume bien sa position : \u00ab\u2009La barbarie du Hamas rend impossible pour l\u2019Estonie et les pays qui partagent ses valeurs de reconna\u00eetre la Palestine\u2009\u00bb.<\/p>\n<p style=\"text-align: left\">L\u2019Estonie et d\u2019autres pays baltes, de m\u00eame que l\u2019Allemagne, <a href=\"https:\/\/www.repubblica.it\/esteri\/2025\/07\/26\/news\/meloni_italia_posizione_riconoscimento_stato_palestinese-424753258\/?ref=RHLF-BG-P2-S1-T1-r620?utm_source=euractiv&amp;utm_medium=newsletter&amp;utm_content=In+the+capital+continued.&amp;utm_term=0-0&amp;utm_campaign=EN_THE_CAPITALS\" target=\"_blank\" rel=\"noopener nofollow\">l\u2019Italie<\/a>, l\u2019Autriche et la R\u00e9publique tch\u00e8que ne reconnaissent pas la Palestine.<\/p>\n<p style=\"text-align: left\">Alors que le compte \u00e0 rebours avant la r\u00e9union de l\u2019ONU en septembre a commenc\u00e9, le d\u00e9bat interne en Europe devrait s\u2019intensifier. D\u2019ici l\u00e0, Benyamin Netanyahou tient bon, soutenu par l\u2019Am\u00e9ricain Donald Trump, tandis que les otages restent prisonniers et que la guerre se poursuit.<\/p>\n","protected":false},"excerpt":{"rendered":"Les Capitales, votre rendez-vous quotidien avec l\u2019Europe. \u00c0 LA UNE Alors que la guerre \u00e0 Gaza se poursuit&hellip;\n","protected":false},"author":2,"featured_media":114112,"comment_status":"","ping_status":"","sticky":false,"template":"","format":"standard","meta":{"footnotes":""},"categories":[1586],"tags":[11,1777,674,1779,1011,27,12,25,1778,364],"class_list":{"0":"post-295730","1":"post","2":"type-post","3":"status-publish","4":"format-standard","5":"has-post-thumbnail","7":"category-europe","8":"tag-actualites","9":"tag-eu","10":"tag-europe","11":"tag-european-union","12":"tag-fr","13":"tag-france","14":"tag-news","15":"tag-republique-francaise","16":"tag-ue","17":"tag-union-europeenne"},"share_on_mastodon":{"url":"https:\/\/pubeurope.com\/@fr\/114970511491599511","error":""},"_links":{"self":[{"href":"https:\/\/www.europesays.com\/fr\/wp-json\/wp\/v2\/posts\/295730","targetHints":{"allow":["GET"]}}],"collection":[{"href":"https:\/\/www.europesays.com\/fr\/wp-json\/wp\/v2\/posts"}],"about":[{"href":"https:\/\/www.europesays.com\/fr\/wp-json\/wp\/v2\/types\/post"}],"author":[{"embeddable":true,"href":"https:\/\/www.europesays.com\/fr\/wp-json\/wp\/v2\/users\/2"}],"replies":[{"embeddable":true,"href":"https:\/\/www.europesays.com\/fr\/wp-json\/wp\/v2\/comments?post=295730"}],"version-history":[{"count":0,"href":"https:\/\/www.europesays.com\/fr\/wp-json\/wp\/v2\/posts\/295730\/revisions"}],"wp:featuredmedia":[{"embeddable":true,"href":"https:\/\/www.europesays.com\/fr\/wp-json\/wp\/v2\/media\/114112"}],"wp:attachment":[{"href":"https:\/\/www.europesays.com\/fr\/wp-json\/wp\/v2\/media?parent=295730"}],"wp:term":[{"taxonomy":"category","embeddable":true,"href":"https:\/\/www.europesays.com\/fr\/wp-json\/wp\/v2\/categories?post=295730"},{"taxonomy":"post_tag","embeddable":true,"href":"https:\/\/www.europesays.com\/fr\/wp-json\/wp\/v2\/tags?post=295730"}],"curies":[{"name":"wp","href":"https:\/\/api.w.org\/{rel}","templated":true}]}}