{"id":295737,"date":"2025-08-04T12:37:09","date_gmt":"2025-08-04T12:37:09","guid":{"rendered":"https:\/\/www.europesays.com\/fr\/295737\/"},"modified":"2025-08-04T12:37:09","modified_gmt":"2025-08-04T12:37:09","slug":"lions-dan-sheehan-suspendu-quatre-matches-apres-son-deblayage-dangereux-sur-tom-lynagh-lequipe","status":"publish","type":"post","link":"https:\/\/www.europesays.com\/fr\/295737\/","title":{"rendered":"Lions : Dan Sheehan suspendu quatre matches apr\u00e8s son d\u00e9blayage dangereux sur Tom Lynagh &#8211; L&#039;\u00c9quipe"},"content":{"rendered":"<ol>\n<li><a href=\"https:\/\/news.google.com\/rss\/articles\/CBMizwFBVV95cUxQRkpYbnVOOS1sa1FmSWRKT3plYVZKR1ItdWxKM3RsVDZiUlZBODVWWXoyZkcxRzByVXpVazQwU3kxcnd1eTlOTmluUEJ2aUsyX0xlTndYLU5hclNsYWUtcXMtMFJKaUlKTW9DaW5XbXRsT0VOSWJ4cmVyWjdvNWlzNThMOUkwcmlnZWVuMkFnRno1eUFkWjJKSmRGTjlQUUNSYl9yejRvMlJOMjh2S3pET3JsUDY5OEE1UnlEeFR6cDMyTk1reXh0UVNPOFFCcmM?oc=5\" target=\"_blank\" rel=\"nofollow noopener\">Lions : Dan Sheehan suspendu quatre matches apr\u00e8s son d\u00e9blayage dangereux sur Tom Lynagh<\/a>&nbsp;&nbsp;L&rsquo;\u00c9quipe<\/li>\n<li><a href=\"https:\/\/news.google.com\/rss\/articles\/CBMinAFBVV95cUxOLUhqTndtZEYtaVFYTkZEZXo5bnloYlVoejNLaFVmWUltSExRTGNpVG1aWE12S1lRcFphd1ppU09yVUx4S2FEYTJzOEU3LVA1Tl9PRVJXWVVJOUhTdDI2dEJNTGZHT1dmUVRKRUJmMmxGYWtpQ0RONVl1QjlRcUlBRk8xekNTWnphdHBDeV83MjBJTzBBQmZvRW9qSUs?oc=5\" target=\"_blank\" rel=\"nofollow noopener\">Un joueur irlandais suspendu pour comportement dangereux ?<\/a>&nbsp;&nbsp;Sports.fr<\/li>\n<li><a href=\"https:\/\/news.google.com\/rss\/articles\/CBMiywFBVV95cUxNWklUN200ZnAwNURHb1c2WV8xUjczdllXS3ZmSi1RUlJzUXFpbnU3RVlncmFPVXVWUURtVE5RTGNOZTNHVzBJOThLQ0ljQjUtMkpIWmYxZ1RncXhUMlpKOXhfVTk3SnJScV9GaTVKZzlOdGFrWURuZFRPbmVuakFzWjhnN19IXzl6UFB4UV9YRVlTTl9JeFNzS3pCZ2t6b1R1Y1l1RWN3dlJmQ1RNT3dNb3BvZ08waWFpZzhHWEFPZDB6d2swOWN4aEdPVQ?oc=5\" target=\"_blank\" rel=\"nofollow noopener\">International &#8211; Apr\u00e8s la pol\u00e9mique Morgan-Tizzano, l\u2019Australie et le \u00ab\u00a0seuls contre tous\u00a0\u00bb<\/a>&nbsp;&nbsp;Rugbyrama<\/li>\n<li><a href=\"https:\/\/news.google.com\/rss\/articles\/CBMidEFVX3lxTFAwbHF6QUVrZ2ZENXdZdUpMcy00ckh2OE55eVE5OUtydXhRNHJFb0NFYkFUU3FHZm8wVDlYdXFvX3MtZHNZZVJ6UkxKcEtBZWlqaUdsYzBXQXllaDlQTk1GS3VaM2FROENGci1ibVJJX0ZpV2pW?oc=5\" target=\"_blank\" rel=\"nofollow noopener\">Carlo Tizzano victime d\u2019insultes en ligne<\/a>&nbsp;&nbsp;Quinze Ovalie<\/li>\n<li><a href=\"https:\/\/news.google.com\/rss\/articles\/CBMi9AFBVV95cUxOVXE4Uy1FcnVub1M0Q1N3ODV1bDRXektnWV9rcjdOOHBkN3JLeTQ5bXRmM0RjMC1MLTRIQno3TnJGZFpNdDNManVkNVgzVmlOZjFjVlZqMWNDNElrcGxuY21TRXFsOEFNQklwZUZHYnNYRF9aN25YMjFYb2plVXE2dG42Nm55anM0LWlCNG45UzUxQWZNQ2pGLXk2X1p2Z2ZucmFBOGxVd0NDRU1OLTNpX2pyRWJXR1BmRDZpX3B5MkNOZzBzSFJWbjliU3dueVJsOHVNQ2dCenNWRG8wWUNUc29PNmlzNU5ldzNpSDBlVWd0MUFi?oc=5\" target=\"_blank\" rel=\"nofollow noopener\">VIDEO \u2013 Lions : un Irlandais cit\u00e9 apr\u00e8s un vilain d\u00e9blayage, de quoi donner des mauvais souvenirs \u00e0 Dupont et aux Bleus<\/a>&nbsp;&nbsp;Quinze Mondial<\/li>\n<\/ol>\n","protected":false},"excerpt":{"rendered":"Lions : Dan Sheehan suspendu quatre matches apr\u00e8s son d\u00e9blayage dangereux sur Tom Lynagh&nbsp;&nbsp;L&rsquo;\u00c9quipe Un joueur irlandais suspendu&hellip;\n","protected":false},"author":2,"featured_media":295738,"comment_status":"","ping_status":"","sticky":false,"template":"","format":"standard","meta":{"footnotes":""},"categories":[1416],"tags":[1011,27,479,1468,60],"class_list":{"0":"post-295737","1":"post","2":"type-post","3":"status-publish","4":"format-standard","5":"has-post-thumbnail","7":"category-rugby","8":"tag-fr","9":"tag-france","10":"tag-rugby","11":"tag-rugby-football","12":"tag-sports"},"share_on_mastodon":{"url":"https:\/\/pubeurope.com\/@fr\/114970535141225102","error":""},"_links":{"self":[{"href":"https:\/\/www.europesays.com\/fr\/wp-json\/wp\/v2\/posts\/295737","targetHints":{"allow":["GET"]}}],"collection":[{"href":"https:\/\/www.europesays.com\/fr\/wp-json\/wp\/v2\/posts"}],"about":[{"href":"https:\/\/www.europesays.com\/fr\/wp-json\/wp\/v2\/types\/post"}],"author":[{"embeddable":true,"href":"https:\/\/www.europesays.com\/fr\/wp-json\/wp\/v2\/users\/2"}],"replies":[{"embeddable":true,"href":"https:\/\/www.europesays.com\/fr\/wp-json\/wp\/v2\/comments?post=295737"}],"version-history":[{"count":0,"href":"https:\/\/www.europesays.com\/fr\/wp-json\/wp\/v2\/posts\/295737\/revisions"}],"wp:featuredmedia":[{"embeddable":true,"href":"https:\/\/www.europesays.com\/fr\/wp-json\/wp\/v2\/media\/295738"}],"wp:attachment":[{"href":"https:\/\/www.europesays.com\/fr\/wp-json\/wp\/v2\/media?parent=295737"}],"wp:term":[{"taxonomy":"category","embeddable":true,"href":"https:\/\/www.europesays.com\/fr\/wp-json\/wp\/v2\/categories?post=295737"},{"taxonomy":"post_tag","embeddable":true,"href":"https:\/\/www.europesays.com\/fr\/wp-json\/wp\/v2\/tags?post=295737"}],"curies":[{"name":"wp","href":"https:\/\/api.w.org\/{rel}","templated":true}]}}