{"id":295739,"date":"2025-08-04T12:38:09","date_gmt":"2025-08-04T12:38:09","guid":{"rendered":"https:\/\/www.europesays.com\/fr\/295739\/"},"modified":"2025-08-04T12:38:09","modified_gmt":"2025-08-04T12:38:09","slug":"atp-le-tournoi-de-novak-djokovic-demenage-au-revoir-la-serbie-bonjour-la-grece","status":"publish","type":"post","link":"https:\/\/www.europesays.com\/fr\/295739\/","title":{"rendered":"ATP > Le tournoi de Novak Djokovic d\u00e9m\u00e9nage, au revoir la Serbie, bonjour la Gr\u00e8ce !"},"content":{"rendered":"<p>La Gr\u00e8ce n\u2019avait pas accueilli aucun tournoi ATP depuis 1994, mais cela sera offi\u00adciel\u00adle\u00adment plus le cas cette\u00a0ann\u00e9e\u202f!<\/p>\n<p>Le m\u00e9dia Grec <a href=\"https:\/\/www.sdna.gr\/tenis\/1336285_epibebaiosi-sdna-atp-250-sto-oaka-ton-noembrio\" data-wpel-link=\"external\" target=\"_blank\" rel=\"nofollow external noopener\">SDNA<\/a> a r\u00e9v\u00e9l\u00e9 que l\u2019ATP 250 de Belgrade allait d\u00e9m\u00e9\u00adnager du c\u00f4t\u00e9 d\u2019Ath\u00e8nes, avec l\u2019appui de Novak Djokovic et de sa famille, qui orga\u00adnisent le tournoi. Le tournoi se d\u00e9rou\u00adlera du 2 au 8 novembre, une semaine avant le Masters. La salle OAKA, o\u00f9 joue le club de basket du Panathina\u00efkos, sera trans\u00adform\u00e9e pour accueillir la comp\u00e9tition.<\/p>\n<p>Dans un commu\u00adniqu\u00e9, le Belgrade Open a clarifi\u00e9 ce changement.<\/p>\n<p><strong>\u00ab\u202fLe tournoi de tennis Belgrade Open, initia\u00adle\u00adment programm\u00e9 pour novembre 2025, n\u2019aura pas lieu \u00e0 Belgrade. Malgr\u00e9 un enga\u00adge\u00adment total et des efforts consi\u00add\u00e9\u00adrables, les condi\u00adtions n\u00e9ces\u00adsaires pour orga\u00adniser le tournoi dans le format et le calen\u00addrier pr\u00e9vus n\u2019ont pas pu \u00eatre r\u00e9unies. Il a donc \u00e9t\u00e9 d\u00e9cid\u00e9 de ne pas orga\u00adniser l\u2019\u00e9dition de cette\u00a0ann\u00e9e\u202f\u00bb<\/strong><\/p>\n<blockquote class=\"twitter-tweet\">\n<p lang=\"en\" dir=\"ltr\">There will be an ATP 250\u202fin Athens from 2 to 8 November <a href=\"https:\/\/t.co\/vxqiKHmec3\" data-wpel-link=\"external\" target=\"_blank\" rel=\"nofollow external noopener\">pic.twitter.com\/vxqiKHmec3<\/a><\/p>\n<p>\u2014 Mario Boccardi (@boccardi_marioo) <a href=\"https:\/\/twitter.com\/boccardi_marioo\/status\/1952293448708489586?ref_src=twsrc%5Etfw\" data-wpel-link=\"external\" target=\"_blank\" rel=\"nofollow external noopener\">August 4,\u00a02025<\/a><\/p><\/blockquote>\n<p>L\u2019information a aussi bien \u00e9t\u00e9 modi\u00adfi\u00e9e sur le site offi\u00adciel de\u00a0l\u2019ATP\u202f!<\/p>\n<p class=\"post-published-date\" style=\"color: silver; font-size: 75%; text-align: left;\">Publi\u00e9 le lundi 4 ao\u00fbt 2025 \u00e0 13:45<\/p>\n<p><script async src=\"https:\/\/platform.twitter.com\/widgets.js\" charset=\"utf-8\"><\/script><\/p>\n","protected":false},"excerpt":{"rendered":"La Gr\u00e8ce n\u2019avait pas accueilli aucun tournoi ATP depuis 1994, mais cela sera offi\u00adciel\u00adle\u00adment plus le cas cette\u00a0ann\u00e9e\u202f!&hellip;\n","protected":false},"author":2,"featured_media":259338,"comment_status":"","ping_status":"","sticky":false,"template":"","format":"standard","meta":{"footnotes":""},"categories":[1415],"tags":[105,1011,27,60,1467],"class_list":{"0":"post-295739","1":"post","2":"type-post","3":"status-publish","4":"format-standard","5":"has-post-thumbnail","7":"category-tennis","8":"tag-djokovic","9":"tag-fr","10":"tag-france","11":"tag-sports","12":"tag-tennis"},"share_on_mastodon":{"url":"https:\/\/pubeurope.com\/@fr\/114970538986936949","error":""},"_links":{"self":[{"href":"https:\/\/www.europesays.com\/fr\/wp-json\/wp\/v2\/posts\/295739","targetHints":{"allow":["GET"]}}],"collection":[{"href":"https:\/\/www.europesays.com\/fr\/wp-json\/wp\/v2\/posts"}],"about":[{"href":"https:\/\/www.europesays.com\/fr\/wp-json\/wp\/v2\/types\/post"}],"author":[{"embeddable":true,"href":"https:\/\/www.europesays.com\/fr\/wp-json\/wp\/v2\/users\/2"}],"replies":[{"embeddable":true,"href":"https:\/\/www.europesays.com\/fr\/wp-json\/wp\/v2\/comments?post=295739"}],"version-history":[{"count":0,"href":"https:\/\/www.europesays.com\/fr\/wp-json\/wp\/v2\/posts\/295739\/revisions"}],"wp:featuredmedia":[{"embeddable":true,"href":"https:\/\/www.europesays.com\/fr\/wp-json\/wp\/v2\/media\/259338"}],"wp:attachment":[{"href":"https:\/\/www.europesays.com\/fr\/wp-json\/wp\/v2\/media?parent=295739"}],"wp:term":[{"taxonomy":"category","embeddable":true,"href":"https:\/\/www.europesays.com\/fr\/wp-json\/wp\/v2\/categories?post=295739"},{"taxonomy":"post_tag","embeddable":true,"href":"https:\/\/www.europesays.com\/fr\/wp-json\/wp\/v2\/tags?post=295739"}],"curies":[{"name":"wp","href":"https:\/\/api.w.org\/{rel}","templated":true}]}}