{"id":295742,"date":"2025-08-04T12:41:12","date_gmt":"2025-08-04T12:41:12","guid":{"rendered":"https:\/\/www.europesays.com\/fr\/295742\/"},"modified":"2025-08-04T12:41:12","modified_gmt":"2025-08-04T12:41:12","slug":"lex-directeur-technique-de-ferrari-a-enfin-pu-rejoindre-aston-martin","status":"publish","type":"post","link":"https:\/\/www.europesays.com\/fr\/295742\/","title":{"rendered":"L&rsquo;ex-directeur technique de Ferrari a enfin pu rejoindre Aston Martin"},"content":{"rendered":"<p>L&rsquo;ancien directeur technique de\u00a0<a href=\"https:\/\/fr.motorsport.com\/team\/ferrari\/615\/\" target=\"_blank\" rel=\"noopener nofollow\">Ferrari<\/a>, Enrico Cardile, a enfin pris ses fonction de directeur technique en chef (CTO) chez <a href=\"https:\/\/fr.motorsport.com\/team\/aston-martin\/806\/\" target=\"_blank\" rel=\"noopener nofollow\">Aston Martin<\/a>, \u00e0 l&rsquo;issue d&rsquo;une proc\u00e9dure judiciaire qui aura tra\u00een\u00e9 en longueur en Italie. C&rsquo;est la fin d&rsquo;un feuilleton qui, en tout et pour tout, aura dur\u00e9 plus d&rsquo;un an, puisque l&rsquo;\u00e9curie anglaise avait annonc\u00e9 ce recrutement en juillet 2024.<\/p>\n<p>La Scuderia avait alors impos\u00e9 \u00e0 l&rsquo;ing\u00e9nieur italien une p\u00e9riode de pr\u00e9avis d&rsquo;un an. Cependant, l&rsquo;\u00e9quipe de Maranello avait ensuite engag\u00e9 des poursuites devant le tribunal de Mod\u00e8ne, estimant qu&rsquo;Enrico Cardile avait viol\u00e9 cette clause de non-concurrence en entrant en contact avec son futur employeur avant la fin de cette p\u00e9riode.<\/p>\n<p>En avril dernier, la justice italienne avait donn\u00e9 raison \u00e0 Ferrari, contraignant Aston Marton \u00e0 patienter avant de pouvoir int\u00e9grer sa nouvelle recrue dans ses effectifs, notamment aux c\u00f4t\u00e9s d&rsquo;Adrian Newey \u00e0 Silverstone. La proc\u00e9dure a aujourd&rsquo;hui trouv\u00e9 une issue favorable et, tandis que la p\u00e9riode d&rsquo;un an s&rsquo;est \u00e9coul\u00e9e, Enrico Cardile a int\u00e9gr\u00e9 sa nouvelle \u00e9quipe, qui a confirm\u00e9 l&rsquo;information ce lundi.\u00a0<\/p>\n<p>   <img decoding=\"async\" draggable=\"false\" src=\"https:\/\/www.europesays.com\/fr\/wp-content\/uploads\/2025\/08\/enrico-cardile-head-of-chassis-1.jpg\" alt=\"Enrico Cardile en 2023 sous les couleurs de Ferrari.\" width=\"1200\" height=\"800\" loading=\"lazy\"\/> <\/p>\n<p class=\"title\">Enrico Cardile en 2023 sous les couleurs de Ferrari.<\/p>\n<p class=\"photographer\">Photo de: Ferrari<\/p>\n<p>\u00ab\u00a0Nous sommes heureux qu&rsquo;une solution ait \u00e9t\u00e9 trouv\u00e9e et qu&rsquo;Enrico puisse rejoindre l&rsquo;\u00e9quipe en tant que directeur technique en chef, \u00e0 la t\u00eate de nos d\u00e9partements de design et de technique au sein de l&rsquo;AMR Technology Campus, et alors que nous nous tournons vers 2026 et au-del\u00e0\u00a0\u00bb, a confirm\u00e9 un porte-parole d&rsquo;Aston Martin \u00e0 <strong>Motorsport.com<\/strong>.<\/p>\n<p>Aston Martin, qui en plus d&rsquo;investir dans des infrastructures dernier cri a proc\u00e9d\u00e9 \u00e0 une vaste campagne de recrutement, esp\u00e9rait que sa nouvelle recrue puisse travailler d\u00e8s le d\u00e9but de l&rsquo;ann\u00e9e sur le projet 2026, ce qui n&rsquo;a pas \u00e9t\u00e9 le cas.<\/p>\n<p>Adrian Newey, lui, a rejoint Silverstone d\u00e9but mars et consid\u00e9rait d\u00e9j\u00e0 qu&rsquo;il s&rsquo;agissait d&rsquo;une arriv\u00e9e tardive pour avoir le temps de pr\u00e9parer la saison prochaine comme il se doit. Parall\u00e8lement, Aston Martin s&rsquo;est s\u00e9par\u00e9e de Dan Fallows, qui occupait jusqu&rsquo;en avril dernier le poste de directeur technique.\u00a0<\/p>\n<p style=\"text-align: right;\">Avec Filip Cleeren<\/p>\n<p>Lire aussi :<\/p>\n<p>Dans cet article<\/p>\n<p>Soyez le premier inform\u00e9 et souscrivez aux alertes mails pour recevoir les infos en temps r\u00e9el<\/p>\n<p>    S&rsquo;abonner aux alertes de news<\/p>\n","protected":false},"excerpt":{"rendered":"L&rsquo;ancien directeur technique de\u00a0Ferrari, Enrico Cardile, a enfin pris ses fonction de directeur technique en chef (CTO) chez&hellip;\n","protected":false},"author":2,"featured_media":295743,"comment_status":"","ping_status":"","sticky":false,"template":"","format":"standard","meta":{"footnotes":""},"categories":[1412],"tags":[1709,43588,1451,2251,1452,1453,1454,1455,1011,27,60],"class_list":{"0":"post-295742","1":"post","2":"type-post","3":"status-publish","4":"format-standard","5":"has-post-thumbnail","7":"category-f1","8":"tag-aston-martin","9":"tag-enrico-cardile","10":"tag-f1","11":"tag-ferrari","12":"tag-formula-1","13":"tag-formula1","14":"tag-formule-1","15":"tag-formule1","16":"tag-fr","17":"tag-france","18":"tag-sports"},"share_on_mastodon":{"url":"https:\/\/pubeurope.com\/@fr\/114970550866663380","error":""},"_links":{"self":[{"href":"https:\/\/www.europesays.com\/fr\/wp-json\/wp\/v2\/posts\/295742","targetHints":{"allow":["GET"]}}],"collection":[{"href":"https:\/\/www.europesays.com\/fr\/wp-json\/wp\/v2\/posts"}],"about":[{"href":"https:\/\/www.europesays.com\/fr\/wp-json\/wp\/v2\/types\/post"}],"author":[{"embeddable":true,"href":"https:\/\/www.europesays.com\/fr\/wp-json\/wp\/v2\/users\/2"}],"replies":[{"embeddable":true,"href":"https:\/\/www.europesays.com\/fr\/wp-json\/wp\/v2\/comments?post=295742"}],"version-history":[{"count":0,"href":"https:\/\/www.europesays.com\/fr\/wp-json\/wp\/v2\/posts\/295742\/revisions"}],"wp:featuredmedia":[{"embeddable":true,"href":"https:\/\/www.europesays.com\/fr\/wp-json\/wp\/v2\/media\/295743"}],"wp:attachment":[{"href":"https:\/\/www.europesays.com\/fr\/wp-json\/wp\/v2\/media?parent=295742"}],"wp:term":[{"taxonomy":"category","embeddable":true,"href":"https:\/\/www.europesays.com\/fr\/wp-json\/wp\/v2\/categories?post=295742"},{"taxonomy":"post_tag","embeddable":true,"href":"https:\/\/www.europesays.com\/fr\/wp-json\/wp\/v2\/tags?post=295742"}],"curies":[{"name":"wp","href":"https:\/\/api.w.org\/{rel}","templated":true}]}}