{"id":295746,"date":"2025-08-04T12:43:12","date_gmt":"2025-08-04T12:43:12","guid":{"rendered":"https:\/\/www.europesays.com\/fr\/295746\/"},"modified":"2025-08-04T12:43:12","modified_gmt":"2025-08-04T12:43:12","slug":"getafe-se-jouera-sur-une-pelouse-parfaite-a-bourgoin","status":"publish","type":"post","link":"https:\/\/www.europesays.com\/fr\/295746\/","title":{"rendered":"Getafe se jouera sur une \u00ab\u00a0pelouse parfaite\u00a0\u00bb \u00e0 Bourgoin"},"content":{"rendered":"<p>                            <img width=\"770\" height=\"433\" src=\"https:\/\/www.europesays.com\/fr\/wp-content\/uploads\/2025\/08\/IMG_0378-770x433.jpg\" class=\"attachment-article size-article wp-post-image\" alt=\"OL - Le Havre \u00e0 Bourgoin\" decoding=\"async\" fetchpriority=\"high\"  \/><\/p>\n<p>OL \u2013 Le Havre \u00e0 Bourgoin (@OetL)<\/p>\n<p>Dans le cadre de son dernier amical de l\u2019\u00e9t\u00e9, l\u2019OL affrontera Getafe \u00e0 Bourgoin. Le stade Pierre-Rajon, qui n\u2019en est pas \u00e0 sa premi\u00e8re, devrait offrir un beau terrain de jeu aux deux \u00e9quipes.<\/p>\n<p>Un dernier pour la route. Apr\u00e8s bient\u00f4t un mois de pr\u00e9paration et d\u00e9j\u00e0 cinq matchs amicaux disput\u00e9s, les joueurs de Paulo\u00a0<strong><a href=\"https:\/\/www.olympique-et-lyonnais.com\/mercato-fonseca-confirme-lol-cherche-un-gardien,373923.html\" rel=\"nofollow noopener\" target=\"_blank\">Fonseca<\/a><\/strong>\u00a0entrent dans la derni\u00e8re ligne droite avant la reprise de la Ligue 1. Elle se fera du c\u00f4t\u00e9 de\u00a0<strong>Lens<\/strong>, le samedi 16 ao\u00fbt (17\u00a0h\u00a030), mais avant cela, les Lyonnais disputeront un dernier amical. Il se tiendra \u00e0 Bourgoin au stade Pierre-Rajon contre la formation espagnole de\u00a0<strong>Getafe<\/strong>. Ce samedi 9 ao\u00fbt, ce sera \u00e9galement l\u2019occasion pour les supporters rhodaniens (ou is\u00e9rois) de voir leur \u00e9quipe favorite pour la premi\u00e8re fois de l\u2019\u00e9t\u00e9, puisque les autres rencontres se sont jou\u00e9es soit \u00e0 huis clos, soit \u00e0 l\u2019\u00e9tranger.<\/p>\n<p>Un bon enracinement selon la mairie<\/p>\n<p>L\u2019affluence devrait donc \u00eatre au rendez-vous \u00e0 Bourgoin o\u00f9 un\u00a0<a href=\"https:\/\/www.olympique-et-lyonnais.com\/ol-getafe-une-tribune-deja-complete-a-bourgoin,373943.html\" rel=\"nofollow noopener\" target=\"_blank\">peu plus de 2000 billets\u00a0<\/a>ont d\u00e9j\u00e0 trouv\u00e9 preneur pour cet\u00a0<strong>OL &#8211; Getafe<\/strong>. Si la canicule risque de s\u2019inviter cette semaine un peu partout en France, les co\u00e9quipiers de Clinton\u00a0<strong>Mata\u00a0<\/strong>devraient \u00e9voluer sur une pelouse en bon \u00e9tat \u00e0 Pierre-Rajon. C\u2019est en tout cas ce qu\u2019a laiss\u00e9 entendre la mairie de la ville is\u00e9roise \u00e0 nos confr\u00e8res du\u00a0Dauphin\u00e9 Lib\u00e9r\u00e9.\u00a0\u00ab\u00a0Les derniers matches remontent \u00e0 quelques mois et, hormis la canicule de juillet, l\u2019\u00e9t\u00e9 n\u2019a pas \u00e9t\u00e9 trop sec, on a eu un bon enracinement\u00a0\u00bb, pr\u00e9cise Aur\u00e9lien\u00a0<strong>Lepretre<\/strong>, adjoint au maire en charge des Sports. Loin du terrain gel\u00e9 qui avait accueilli le triste 16e de finale de Coupe de France entre le\u00a0<strong>FCBJ<\/strong>\u00a0et l\u2019<strong>OL<\/strong>\u00a0en janvier dernier.<\/p>\n<p>\t\t\t\t\t<a href=\"https:\/\/www.olympique-et-lyonnais.com\/lol-a-vu-son-invincibilite-defensive-prendre-fin,374216.html\" title=\"L\u2019OL a vu son invincibilit\u00e9 d\u00e9fensive prendre fin\" rel=\"nofollow noopener\" target=\"_blank\"><img loading=\"lazy\" width=\"580\" height=\"326\" src=\"https:\/\/www.europesays.com\/fr\/wp-content\/uploads\/2025\/08\/AFP__20250802__68LT2CH__v1__HighRes__FblGerFraFriendlyBayernMunichOlympiqueLyon-580x326.jpg\" class=\"attachment-actularge size-actularge wp-post-image\" alt=\"Luis Diaz (Bayern Munich) face \u00e0 Clinton Mata (OL)\" decoding=\"async\"  \/>\t\t\t\t\t<\/a><\/p>\n","protected":false},"excerpt":{"rendered":"OL \u2013 Le Havre \u00e0 Bourgoin (@OetL) Dans le cadre de son dernier amical de l\u2019\u00e9t\u00e9, l\u2019OL affrontera&hellip;\n","protected":false},"author":2,"featured_media":295747,"comment_status":"","ping_status":"","sticky":false,"template":"","format":"standard","meta":{"footnotes":""},"categories":[1410],"tags":[63,1011,27,241,978,60],"class_list":{"0":"post-295746","1":"post","2":"type-post","3":"status-publish","4":"format-standard","5":"has-post-thumbnail","7":"category-football","8":"tag-football","9":"tag-fr","10":"tag-france","11":"tag-ol","12":"tag-olympique-lyonnais","13":"tag-sports"},"share_on_mastodon":{"url":"https:\/\/pubeurope.com\/@fr\/114970558721177967","error":""},"_links":{"self":[{"href":"https:\/\/www.europesays.com\/fr\/wp-json\/wp\/v2\/posts\/295746","targetHints":{"allow":["GET"]}}],"collection":[{"href":"https:\/\/www.europesays.com\/fr\/wp-json\/wp\/v2\/posts"}],"about":[{"href":"https:\/\/www.europesays.com\/fr\/wp-json\/wp\/v2\/types\/post"}],"author":[{"embeddable":true,"href":"https:\/\/www.europesays.com\/fr\/wp-json\/wp\/v2\/users\/2"}],"replies":[{"embeddable":true,"href":"https:\/\/www.europesays.com\/fr\/wp-json\/wp\/v2\/comments?post=295746"}],"version-history":[{"count":0,"href":"https:\/\/www.europesays.com\/fr\/wp-json\/wp\/v2\/posts\/295746\/revisions"}],"wp:featuredmedia":[{"embeddable":true,"href":"https:\/\/www.europesays.com\/fr\/wp-json\/wp\/v2\/media\/295747"}],"wp:attachment":[{"href":"https:\/\/www.europesays.com\/fr\/wp-json\/wp\/v2\/media?parent=295746"}],"wp:term":[{"taxonomy":"category","embeddable":true,"href":"https:\/\/www.europesays.com\/fr\/wp-json\/wp\/v2\/categories?post=295746"},{"taxonomy":"post_tag","embeddable":true,"href":"https:\/\/www.europesays.com\/fr\/wp-json\/wp\/v2\/tags?post=295746"}],"curies":[{"name":"wp","href":"https:\/\/api.w.org\/{rel}","templated":true}]}}