{"id":295750,"date":"2025-08-04T12:45:26","date_gmt":"2025-08-04T12:45:26","guid":{"rendered":"https:\/\/www.europesays.com\/fr\/295750\/"},"modified":"2025-08-04T12:45:26","modified_gmt":"2025-08-04T12:45:26","slug":"affrontez-les-regards-des-paysannes-dalexis-vettoretti-a-la-librairie-de-tence","status":"publish","type":"post","link":"https:\/\/www.europesays.com\/fr\/295750\/","title":{"rendered":"Affrontez les regards des \u00ab\u00a0Paysannes\u00a0\u00bb d&rsquo;Alexis Vettoretti \u00e0 la librairie de Tence"},"content":{"rendered":"<p>\t\t\t\t\t\t\t\t\t\t\t\t\t\t\t\t\t\t\t\t\t\t\t\t\t\t\t\t\t\t\t\t\t\t\t\t\t\t\t\t\t\t\t\t\t\t\t\t\t\t\t\t\t\t\t\t\t\t\t\t\t\t\t<a href=\"https:\/\/www.lacommere43.fr\/component\/banners\/click\/1803.html\" target=\"_blank\" title=\"Tence Rural Master ao\u00fbt 2025\" rel=\"noopener\"><br \/>\n\t\t\t\t\t\t\t<img decoding=\"async\" loading=\"lazy\" src=\"https:\/\/www.europesays.com\/fr\/wp-content\/uploads\/2025\/08\/rural2025-5.gif\" alt=\"Tence Rural Master ao\u00fbt 2025\"\/><br \/>\n\t\t\t\t\t\t<\/a><\/p>\n<p>\t\t\t\t\t\t\t\t\t\t\t\t\t\t\t\t\t\t\t\t\t\t\t\t\t\t\t\t\t\t\t\t\t\t\t\t\t\t\t\t\t\t\t\t\t\t\t\t\t\t\t\t\t\t\t\t\t\t\t\t\t\t\t<a href=\"https:\/\/www.lacommere43.fr\/component\/banners\/click\/1802.html\" target=\"_blank\" title=\"Hugon Tourisme ao\u00fbt 2025\" rel=\"noopener\"><br \/>\n\t\t\t\t\t\t\t<img decoding=\"async\" loading=\"lazy\" src=\"https:\/\/www.europesays.com\/fr\/wp-content\/uploads\/2025\/08\/hugonaot.gif\" alt=\"Hugon Tourisme ao\u00fbt 2025\"\/><br \/>\n\t\t\t\t\t\t<\/a><\/p>\n<p><strong>Six expositions sont install\u00e9es jusqu&rsquo;au 24 ao\u00fbt dans les villages du Haut-Lignon, r\u00e9unissant neuf photographes. Retour sur \u00ab\u00a0Paysannes\u00a0\u00bb d&rsquo;Alexis Vettoretti, une expo pr\u00e9sent\u00e9e \u00e0 la librairie de Tence.<\/strong><\/p>\n<p>La galerie \u00e0 l&rsquo;\u00e9tage de la Bo\u00eete \u00e0 Soleils de Tence accueille \u00ab\u00a0Paysannes\u00a0\u00bb, une touchante exposition d&rsquo;Alexis Vettoretti, qui interroge avec acuit\u00e9 la condition f\u00e9minine dans les campagnes, hier et sans doute encore aujourd&rsquo;hui, ailleurs et ici aussi.<\/p>\n<p><strong>Ces \u00ab\u00a0filles de\u00a0\u00bb, puis \u00ab\u00a0femmes de\u00a0\u00bb&#8230;<\/strong><\/p>\n<p>Alexis Vettoretti, muni d\u2019une chambre photographique 4&#215;5, a parcouru les campagnes \u00e0 la rencontre de ces paysannes. Ses photographies racontent des vies subies, pass\u00e9es entre la ferme et la cuisine, faites de labeur et d\u2019acceptation. Les femmes regardent droit dans l\u2019objectif, dans une posture d\u2019une grande dignit\u00e9. Issue d\u2019une g\u00e9n\u00e9ration de l\u2019entre-deux-guerres, ces \u00ab\u00a0filles de\u00a0\u00bb, puis \u00ab\u00a0femmes de\u00a0\u00bb, n\u2019avaient pour perspectives que de passer de la ferme de leurs parents \u00e0 celle de leurs beaux-parents. La ferme est souvent r\u00e9duite \u00e0 ce qui f\u00fbt de tout temps son centre n\u00e9vralgique, la cuisine. C\u2019est dans cette pi\u00e8ce symbolique que le photographe a choisi de cr\u00e9er les portraits.<\/p>\n<p><strong>Un regard plein d&rsquo;humanit\u00e9<\/strong><\/p>\n<p>Voici les retours de visiteurs au regard affut\u00e9 sur la photographie en g\u00e9n\u00e9ral, contemporaine en particulier. \u00ab\u00a0Outre la grande ma\u00eetrise technique et la qualit\u00e9 de son travail \u00e0 la chambre c&rsquo;est son regard plein d&rsquo;humanit\u00e9 qui bouleverse. Au sens propre, une dame du coin qui a connu la vie \u00e0 la ferme \u00e9tait \u00e9mue aux larmes en regardant ces portraits. Ces portraits, tous dans la cuisine point n\u00e9vralgique pour la gent f\u00e9minine n&rsquo;ont pas de pied, le cadrage s&rsquo;arr\u00eate pour toutes \u00e0 hauteur des chevilles ! En revanche les mains racontent le dur labeur de cette \u00e9poque. Chaque portrait est accompagn\u00e9 d&rsquo;un petit commentaire.\u00a0\u00bb<\/p>\n<p><strong>Une lecture de Marie-H\u00e9l\u00e8ne Lafon le 21 ao\u00fbt<\/strong><\/p>\n<p>Dans le prolongement de cette exposition d&rsquo;Alexis Vittoretti, une lecture sera donn\u00e9e le jeudi 21 ao\u00fbt, \u00e0 17 heures, par Marie-H\u00e9l\u00e8ne Lafon, en partenariat avec Les Lectures sous l\u2019Arbre, \u00e0 La Bo\u00eete \u00e0 Soleils \u00e0 Tence. Entr\u00e9e libre.<\/p>\n<p>La librairie est ouverte\u00a0du lundi au samedi de 9 h 30- 12 eures et de 14 h 45 \u00e0 19 heures.<\/p>\n<p>Pour en savoir davantage sur le parcours\u00a0<a href=\"https:\/\/www.6x6photos-hautlignon.fr\" target=\"_blank\" rel=\"noopener\">www.6x6photos-hautlignon.fr<\/a>\u00a0<\/p>\n<p><a href=\"https:\/\/www.lacommere43.fr\/images\/DepliantA3-6x6-2025-iciauloin-web.pdf\" target=\"_blank\" rel=\"noopener\">T\u00e9l\u00e9chargez le guide<\/a><\/p>\n<p><strong><br \/>Les prochains rendez-vous autour du parcours<\/strong><\/p>\n<p><strong>Mercredi 6 ao\u00fbt, 18 heures<\/strong><\/p>\n<p>Luc Chazot, Chenereilles, ancienne mairie, pr\u00e9sentation de l\u2019exposition par l\u2019artiste<\/p>\n<p><strong>Jeudi 7 ao\u00fbt 14 heures-17 heures<\/strong><\/p>\n<p>Atelier de linogravure, les objets symboliques de la ruralit\u00e9, salle sous la mairie, Le Mas-de-Tence,<\/p>\n<p>Sur inscription, ado\/adulte tel 04 71 59 59 10<\/p>\n<p><strong>Jeudi 7 ao\u00fbt, 20 h 30<\/strong><\/p>\n<p>Projection fiction Delivrance, John Boorman, 1972,<\/p>\n<p>Cin\u00e9 Tence, tarifs habituels du cin\u00e9ma<\/p>\n<p><strong>Vendredi 8 ao\u00fbt, 18 heures<\/strong><\/p>\n<p>Rencontre avec les photographes, B\u00e9atrice Ropers, Fran\u00e7oise Fournier, Dominique Berta, Le Mas-de-Tence<\/p>\n<p><strong>Mardi 19 ao\u00fbt, 18 heures\u00a0<\/strong><\/p>\n<p>Performance live graff\u2019 par Cl\u00e9ment Bransiani, libre interpr\u00e9tation du parcours photographique, La Plage, Le Chambon-sur-Lignon<\/p>\n<p><strong>Jeudi 21 ao\u00fbt, 17 heures<\/strong><\/p>\n<p>Paysannes, lecture par Marie-H\u00e9l\u00e8ne Lafon, en partenariat avec Les Lectures sous l\u2019Arbre, La Bo\u00eete \u00e0 Soleils, Tence<\/p>\n<p><strong>Samedi 23 ao\u00fbt, 15 heures<\/strong><\/p>\n<p>Ozarks, visite guid\u00e9e par les organisatrices, au Jardin botanique Mazet-Saint-Voy<\/p>\n<p>\u00a0<\/p>\n","protected":false},"excerpt":{"rendered":"Six expositions sont install\u00e9es jusqu&rsquo;au 24 ao\u00fbt dans les villages du Haut-Lignon, r\u00e9unissant neuf photographes. Retour sur \u00ab\u00a0Paysannes\u00a0\u00bb&hellip;\n","protected":false},"author":2,"featured_media":295751,"comment_status":"","ping_status":"","sticky":false,"template":"","format":"standard","meta":{"footnotes":""},"categories":[1358],"tags":[2281,1348,1384,1385,1386,58,59,2282,1011,27,2280,2284,2285,2283],"class_list":{"0":"post-295750","1":"post","2":"type-post","3":"status-publish","4":"format-standard","5":"has-post-thumbnail","7":"category-arts-et-design","8":"tag-actualite-43","9":"tag-arts","10":"tag-arts-and-design","11":"tag-arts-et-design","12":"tag-design","13":"tag-divertissement","14":"tag-entertainment","15":"tag-faits-divers-auvergne","16":"tag-fr","17":"tag-france","18":"tag-information-haute-loire","19":"tag-infos-43","20":"tag-journal-haute-loire","21":"tag-la-commere-43"},"share_on_mastodon":{"url":"https:\/\/pubeurope.com\/@fr\/114970566939883736","error":""},"_links":{"self":[{"href":"https:\/\/www.europesays.com\/fr\/wp-json\/wp\/v2\/posts\/295750","targetHints":{"allow":["GET"]}}],"collection":[{"href":"https:\/\/www.europesays.com\/fr\/wp-json\/wp\/v2\/posts"}],"about":[{"href":"https:\/\/www.europesays.com\/fr\/wp-json\/wp\/v2\/types\/post"}],"author":[{"embeddable":true,"href":"https:\/\/www.europesays.com\/fr\/wp-json\/wp\/v2\/users\/2"}],"replies":[{"embeddable":true,"href":"https:\/\/www.europesays.com\/fr\/wp-json\/wp\/v2\/comments?post=295750"}],"version-history":[{"count":0,"href":"https:\/\/www.europesays.com\/fr\/wp-json\/wp\/v2\/posts\/295750\/revisions"}],"wp:featuredmedia":[{"embeddable":true,"href":"https:\/\/www.europesays.com\/fr\/wp-json\/wp\/v2\/media\/295751"}],"wp:attachment":[{"href":"https:\/\/www.europesays.com\/fr\/wp-json\/wp\/v2\/media?parent=295750"}],"wp:term":[{"taxonomy":"category","embeddable":true,"href":"https:\/\/www.europesays.com\/fr\/wp-json\/wp\/v2\/categories?post=295750"},{"taxonomy":"post_tag","embeddable":true,"href":"https:\/\/www.europesays.com\/fr\/wp-json\/wp\/v2\/tags?post=295750"}],"curies":[{"name":"wp","href":"https:\/\/api.w.org\/{rel}","templated":true}]}}