{"id":295754,"date":"2025-08-04T12:47:09","date_gmt":"2025-08-04T12:47:09","guid":{"rendered":"https:\/\/www.europesays.com\/fr\/295754\/"},"modified":"2025-08-04T12:47:09","modified_gmt":"2025-08-04T12:47:09","slug":"le-destin-daltice-france-devrait-etre-au-moins-en-partie-scelle-aujourdhui-avec-la-decision-du-tribunal-dans-le-dossier-de-la-restructuration-de-sa-gigantesque-dette","status":"publish","type":"post","link":"https:\/\/www.europesays.com\/fr\/295754\/","title":{"rendered":"Le destin d\u2019Altice France devrait \u00eatre, au moins en partie, scell\u00e9 aujourd&rsquo;hui avec la d\u00e9cision du tribunal dans le dossier de la restructuration de sa gigantesque dette"},"content":{"rendered":"<p>Le destin d\u2019Altice France devrait \u00eatre, au moins en partie, scell\u00e9 aujourd&rsquo;hui avec la d\u00e9cision du tribunal des activit\u00e9s \u00e9conomiques de Paris, dans le dossier de la restructuration de sa gigantesque dette.<\/p>\n<p>La d\u00e9cision des juges, qui doivent se prononcer lundi apr\u00e8s-midi sur la validation de la proc\u00e9dure de sauvegarde acc\u00e9l\u00e9r\u00e9e, pourrait remettre en question la restructuration de la dette, primordiale pour la maison-m\u00e8re de SFR.<\/p>\n<p>Au terme d\u2019un bras de fer de plusieurs mois, le groupe du milliardaire Patrick Drahi avait annonc\u00e9 en f\u00e9vrier \u00eatre parvenu \u00e0 un accord avec ses cr\u00e9anciers pour all\u00e9ger sa colossale dette de 24,1 milliards d\u2019euros.<\/p>\n<p>D\u2019apr\u00e8s les termes de l\u2019accord, les cr\u00e9ances du groupe doivent \u00eatre r\u00e9duites de plus de 8 milliards, pour atteindre 15,5 milliards d\u2019euros.<\/p>\n<p>Mais pour le mettre en oeuvre, Altice France doit encore obtenir la validation du tribunal.<\/p>\n<p>Cette \u00e9tape, qui pouvait s\u2019apparenter \u00e0 une formalit\u00e9, s\u2019est transform\u00e9 en point d\u2019interrogation majeur.<\/p>\n<p>Car lors de l\u2019audience relative \u00e0 la sauvegarde acc\u00e9l\u00e9r\u00e9e, le 22 juillet, le minist\u00e8re public a requis l\u2019adoption du plan, mais a demand\u00e9 que trois des soci\u00e9t\u00e9s du groupe, SFR, SFR Fibre et Completel (branche d\u00e9di\u00e9e aux entreprises) soient exclues du plan.<\/p>\n<p>De quoi remettre en question son \u00e9quilibre: pour la direction de l\u2019entreprise, l\u2019accord doit inclure toutes les soci\u00e9t\u00e9s du groupe. Une d\u00e9cision &#8211; m\u00eame en partie &#8211; d\u00e9favorable an\u00e9antirait la future transaction.\u00a0<\/p>\n","protected":false},"excerpt":{"rendered":"Le destin d\u2019Altice France devrait \u00eatre, au moins en partie, scell\u00e9 aujourd&rsquo;hui avec la d\u00e9cision du tribunal des&hellip;\n","protected":false},"author":2,"featured_media":295755,"comment_status":"","ping_status":"","sticky":false,"template":"","format":"standard","meta":{"footnotes":""},"categories":[1356],"tags":[43589,58,59,1011,27,252,3693,1364,2542],"class_list":{"0":"post-295754","1":"post","2":"type-post","3":"status-publish","4":"format-standard","5":"has-post-thumbnail","7":"category-television","8":"tag-altice-france","9":"tag-divertissement","10":"tag-entertainment","11":"tag-fr","12":"tag-france","13":"tag-television","14":"tag-tribunal","15":"tag-tv","16":"tag-u00e9conomie"},"share_on_mastodon":{"url":"https:\/\/pubeurope.com\/@fr\/114970574421592869","error":""},"_links":{"self":[{"href":"https:\/\/www.europesays.com\/fr\/wp-json\/wp\/v2\/posts\/295754","targetHints":{"allow":["GET"]}}],"collection":[{"href":"https:\/\/www.europesays.com\/fr\/wp-json\/wp\/v2\/posts"}],"about":[{"href":"https:\/\/www.europesays.com\/fr\/wp-json\/wp\/v2\/types\/post"}],"author":[{"embeddable":true,"href":"https:\/\/www.europesays.com\/fr\/wp-json\/wp\/v2\/users\/2"}],"replies":[{"embeddable":true,"href":"https:\/\/www.europesays.com\/fr\/wp-json\/wp\/v2\/comments?post=295754"}],"version-history":[{"count":0,"href":"https:\/\/www.europesays.com\/fr\/wp-json\/wp\/v2\/posts\/295754\/revisions"}],"wp:featuredmedia":[{"embeddable":true,"href":"https:\/\/www.europesays.com\/fr\/wp-json\/wp\/v2\/media\/295755"}],"wp:attachment":[{"href":"https:\/\/www.europesays.com\/fr\/wp-json\/wp\/v2\/media?parent=295754"}],"wp:term":[{"taxonomy":"category","embeddable":true,"href":"https:\/\/www.europesays.com\/fr\/wp-json\/wp\/v2\/categories?post=295754"},{"taxonomy":"post_tag","embeddable":true,"href":"https:\/\/www.europesays.com\/fr\/wp-json\/wp\/v2\/tags?post=295754"}],"curies":[{"name":"wp","href":"https:\/\/api.w.org\/{rel}","templated":true}]}}