{"id":295756,"date":"2025-08-04T12:48:11","date_gmt":"2025-08-04T12:48:11","guid":{"rendered":"https:\/\/www.europesays.com\/fr\/295756\/"},"modified":"2025-08-04T12:48:11","modified_gmt":"2025-08-04T12:48:11","slug":"la-coree-du-sud-retire-des-haut-parleurs-utilises-pour-diffuser-de-la-k-pop-et-des-bulletins-dinformation-en-direction-de-la-coree-du-nord","status":"publish","type":"post","link":"https:\/\/www.europesays.com\/fr\/295756\/","title":{"rendered":"La Cor\u00e9e du Sud\u00a0retire des haut-parleurs utilis\u00e9s pour diffuser de la K-pop et des bulletins d\u2019information en direction de la Cor\u00e9e du Nord"},"content":{"rendered":"<p>                          <img loading=\"lazy\" decoding=\"async\" src=\"https:\/\/www.europesays.com\/fr\/wp-content\/uploads\/2025\/08\/895c44a_upload-1-vbzw3kox7bsq-704330.jpg\" alt=\"Cette photographie, diffus\u00e9e par le minist\u00e8re de la d\u00e9fense de Cor\u00e9e, montre des militaires cor\u00e9ens en train de d\u00e9monter des haut-parleurs \u00e0 la fronti\u00e8re avec la Cor\u00e9e du Nord, le 4\u00a0ao\u00fbt 2025. \"   width=\"664\" height=\"443\"\/>    Cette photographie, diffus\u00e9e par le minist\u00e8re de la d\u00e9fense de Cor\u00e9e, montre des militaires cor\u00e9ens en train de d\u00e9monter des haut-parleurs \u00e0 la fronti\u00e8re avec la Cor\u00e9e du Nord, le 4\u00a0ao\u00fbt 2025.  SOUTH KOREAN DEFENCE MINISTRY\/AFP                   <\/p>\n<p class=\"article__paragraph  \">S\u00e9oul a d\u00e9clar\u00e9, lundi 4\u00a0ao\u00fbt, avoir commenc\u00e9 \u00e0 retirer les haut-parleurs utilis\u00e9s pour diffuser de la K-pop et des bulletins d\u2019information en direction de la Cor\u00e9e du Nord, dans une volont\u00e9 d\u2019apaisement des tensions \u00e0 l\u2019initiative du nouveau pr\u00e9sident de la Cor\u00e9e du Sud.<\/p>\n<p class=\"article__paragraph  \">\u00ab\u00a0A partir d\u2019aujourd\u2019hui, l\u2019arm\u00e9e commence \u00e0 retirer les haut-parleurs\u00a0\u00bb, a d\u00e9clar\u00e9 lundi \u00e0 la presse Lee Kyung-ho, porte-parole du minist\u00e8re de la d\u00e9fense sud-cor\u00e9en. \u00ab\u00a0C\u2019est une mesure pratique visant \u00e0 aider \u00e0 apaiser les tensions avec le Nord, \u00e0 condition que ces actions ne compromettent pas l\u2019\u00e9tat de pr\u00e9paration de l\u2019arm\u00e9e\u00a0\u00bb, a-t-il dit, ajoutant que tous les haut-parleurs plac\u00e9s le long de la fronti\u00e8re seraient d\u00e9mont\u00e9s avant la fin de la semaine.<\/p>\n<p class=\"article__paragraph  \">En juin, S\u00e9oul a cess\u00e9 d\u2019\u00e9mettre de la propagande anti-Pyongyang le long de la fronti\u00e8re. La Cor\u00e9e du Nord a d\u00e8s le lendemain arr\u00eat\u00e9 de diffuser les bruits inqui\u00e9tants qui perturbaient jour et nuit les habitants du Sud proches de la ligne de s\u00e9paration.<\/p>\n<p>                                Lire aussi |  Article r\u00e9serv\u00e9 \u00e0 nos abonn\u00e9s  <a href=\"https:\/\/www.lemonde.fr\/international\/article\/2025\/06\/06\/avec-lee-jae-myung-la-coree-du-sud-veut-renouer-avec-une-diplomatie-d-equilibre-entre-les-puissances_6610794_3210.html\" class=\"js-article-read-also catcher--favoris__link\" data-premium=\"1\" id=\"article-title-3425751\" rel=\"nofollow noopener\" target=\"_blank\">Avec Lee Jae-myung, la Cor\u00e9e du Sud veut renouer avec une diplomatie d\u2019\u00e9quilibre entre les puissances<\/a>    <\/p>\n<p>   Lire plus tard  <\/p>\n<p class=\"article__paragraph  \"><a href=\"https:\/\/www.lemonde.fr\/international\/video\/2025\/06\/04\/qui-est-lee-jae-myung-le-nouveau-president-de-la-coree-du-sud_6610554_3210.html\" rel=\"nofollow noopener\" target=\"_blank\">Le pr\u00e9sident, Lee Jae-myung<\/a>, r\u00e9cemment \u00e9lu apr\u00e8s <a href=\"https:\/\/www.lemonde.fr\/international\/article\/2025\/07\/09\/en-coree-du-sud-un-tribunal-emet-un-mandat-d-arret-contre-l-ancien-president-yoon-suk-yeol-pour-avoir-impose-la-loi-martiale_6620245_3210.html\" rel=\"nofollow noopener\" target=\"_blank\">la destitution de son pr\u00e9d\u00e9cesseur \u00e0 la suite d\u2019une d\u00e9claration avort\u00e9e de loi martiale<\/a>, avait ordonn\u00e9 \u00e0 l\u2019arm\u00e9e d\u2019interrompre les diffusions afin de \u00ab\u00a0r\u00e9tablir la confiance\u00a0\u00bb.<\/p>\n<p class=\"article__paragraph  \">Environ 20 haut-parleurs sont \u00e0 d\u00e9manteler, selon un rapport de l\u2019agence de presse Yonhap. Des photos diffus\u00e9es par le minist\u00e8re montrent des soldats portant des gilets pare-balles en train de d\u00e9charger des ensembles de haut-parleurs.<\/p>\n<p>             Pyongyang refuse de poursuivre le dialogue             <\/p>\n<p class=\"article__paragraph  \">Arriv\u00e9 au pouvoir au d\u00e9but de juin, le pr\u00e9sident a promis de tendre la main \u00e0 Pyongyang, arguant que, \u00ab\u00a0quel qu\u2019en soit le co\u00fbt, la paix est pr\u00e9f\u00e9rable \u00e0 la guerre\u00a0\u00bb. Son pr\u00e9d\u00e9cesseur Yoon Suk Yeol, qui maintenait une ligne dure vis-\u00e0-vis de Pyongyang, avait commenc\u00e9 \u00e0 diffuser de la K-pop et des bulletins d\u2019information en r\u00e9ponse \u00e0 une s\u00e9rie de ballons remplis de d\u00e9chets envoy\u00e9s vers le Sud par Pyongyang. En repr\u00e9sailles, le Nord avait peu apr\u00e8s commenc\u00e9 \u00e0 diffuser des bruits inqui\u00e9tants le long de la fronti\u00e8re.<\/p>\n<p class=\"article__paragraph  \">Lee Jae-myung a adopt\u00e9 une approche diff\u00e9rente pour traiter avec le Nord, notamment en demandant aux associations et ONG de cesser d\u2019envoyer des tracts de propagande anti-Nord. \u00ab\u00a0Nous avons fermement exhort\u00e9 les groupes civiques \u00e0 suspendre les activit\u00e9s de distribution de tracts afin de favoriser la paix et de garantir la s\u00e9curit\u00e9 des habitants des zones frontali\u00e8res\u00a0\u00bb, a affirm\u00e9 \u00e0 la presse Koo Byung-sam, porte-parole du minist\u00e8re de l\u2019unification, lundi.<\/p>\n<p>                                Lire aussi |  <a href=\"https:\/\/www.lemonde.fr\/international\/article\/2025\/07\/28\/la-coree-du-nord-balaie-l-idee-d-un-dialogue-avec-seoul-malgre-l-appel-a-la-paix-du-president-sud-coreen-lee-jae-myung_6624734_3210.html\" class=\"js-article-read-also catcher--favoris__link\" data-premium=\"\" id=\"article-title-3432958\" rel=\"nofollow noopener\" target=\"_blank\">La Cor\u00e9e du Nord rejette l\u2019id\u00e9e d\u2019un dialogue avec S\u00e9oul, malgr\u00e9 l\u2019appel \u00e0 \u00ab\u00a0la paix\u00a0\u00bb du\u00a0pr\u00e9sident sud-cor\u00e9en, Lee Jae-myung<\/a>    <\/p>\n<p>   Lire plus tard  <\/p>\n<p class=\"article__paragraph  \">Mais, malgr\u00e9 les ouvertures diplomatiques du Sud, le Nord a rejet\u00e9 l\u2019id\u00e9e de poursuivre le dialogue. Si S\u00e9oul \u00ab\u00a0esp\u00e9rait\u00a0\u00bb inverser la situation \u00ab\u00a0avec quelques mots doux, il n\u2019y a pas pire erreur de calcul que cela\u00a0\u00bb, <a href=\"https:\/\/www.lemonde.fr\/international\/article\/2025\/07\/28\/la-coree-du-nord-balaie-l-idee-d-un-dialogue-avec-seoul-malgre-l-appel-a-la-paix-du-president-sud-coreen-lee-jae-myung_6624734_3210.html\" rel=\"nofollow noopener\" target=\"_blank\">a tonn\u00e9, le 28\u00a0juillet, Kim Yo-jong, l\u2019influente s\u0153ur du dirigeant nord-cor\u00e9en, Kim Jong-un<\/a>. Elle a \u00e9galement \u00e9voqu\u00e9 une incompatibilit\u00e9 \u00ab\u00a0irr\u00e9versible\u00a0\u00bb entre les deux pays, techniquement toujours en guerre, leur conflit s\u2019\u00e9tant sold\u00e9, en\u00a01953, par un simple armistice et non un trait\u00e9 de paix. Lee Jae-myung souhaite, pour sa part, un dialogue transfrontalier sans condition pr\u00e9alable.<\/p>\n<p class=\"author__detail\">  Le Monde avec AFP  <\/p>\n<p>                  <a href=\"https:\/\/www.lemonde.fr\/syndication\/\" class=\"reuse__content\" title=\"R\u00e9utiliser ce contenu\" target=\"_blank\" rel=\"nofollow noopener\">R\u00e9utiliser ce contenu<\/a>      <\/p>\n","protected":false},"excerpt":{"rendered":"Cette photographie, diffus\u00e9e par le minist\u00e8re de la d\u00e9fense de Cor\u00e9e, montre des militaires cor\u00e9ens en train de&hellip;\n","protected":false},"author":2,"featured_media":295757,"comment_status":"","ping_status":"","sticky":false,"template":"","format":"standard","meta":{"footnotes":""},"categories":[1355],"tags":[58,59,1011,27,1361,873],"class_list":{"0":"post-295756","1":"post","2":"type-post","3":"status-publish","4":"format-standard","5":"has-post-thumbnail","7":"category-musique","8":"tag-divertissement","9":"tag-entertainment","10":"tag-fr","11":"tag-france","12":"tag-music","13":"tag-musique"},"share_on_mastodon":{"url":"https:\/\/pubeurope.com\/@fr\/114970578436761583","error":""},"_links":{"self":[{"href":"https:\/\/www.europesays.com\/fr\/wp-json\/wp\/v2\/posts\/295756","targetHints":{"allow":["GET"]}}],"collection":[{"href":"https:\/\/www.europesays.com\/fr\/wp-json\/wp\/v2\/posts"}],"about":[{"href":"https:\/\/www.europesays.com\/fr\/wp-json\/wp\/v2\/types\/post"}],"author":[{"embeddable":true,"href":"https:\/\/www.europesays.com\/fr\/wp-json\/wp\/v2\/users\/2"}],"replies":[{"embeddable":true,"href":"https:\/\/www.europesays.com\/fr\/wp-json\/wp\/v2\/comments?post=295756"}],"version-history":[{"count":0,"href":"https:\/\/www.europesays.com\/fr\/wp-json\/wp\/v2\/posts\/295756\/revisions"}],"wp:featuredmedia":[{"embeddable":true,"href":"https:\/\/www.europesays.com\/fr\/wp-json\/wp\/v2\/media\/295757"}],"wp:attachment":[{"href":"https:\/\/www.europesays.com\/fr\/wp-json\/wp\/v2\/media?parent=295756"}],"wp:term":[{"taxonomy":"category","embeddable":true,"href":"https:\/\/www.europesays.com\/fr\/wp-json\/wp\/v2\/categories?post=295756"},{"taxonomy":"post_tag","embeddable":true,"href":"https:\/\/www.europesays.com\/fr\/wp-json\/wp\/v2\/tags?post=295756"}],"curies":[{"name":"wp","href":"https:\/\/api.w.org\/{rel}","templated":true}]}}