{"id":295760,"date":"2025-08-04T12:50:09","date_gmt":"2025-08-04T12:50:09","guid":{"rendered":"https:\/\/www.europesays.com\/fr\/295760\/"},"modified":"2025-08-04T12:50:09","modified_gmt":"2025-08-04T12:50:09","slug":"chateaudun-le-maire-alerte-sur-une-situation-grave-face-a-la-mortalite-liee-au-cancer-dans-sa-commune","status":"publish","type":"post","link":"https:\/\/www.europesays.com\/fr\/295760\/","title":{"rendered":"Ch\u00e2teaudun\u00a0: le maire alerte sur une \u00ab\u00a0situation grave\u00a0\u00bb face \u00e0 la mortalit\u00e9 li\u00e9e au cancer dans sa commune"},"content":{"rendered":"<p class=\"paragraph text_align_left lp-f-body-02\">C\u2019est <a href=\"https:\/\/x.com\/Chateaudun2020\/status\/1948410840131989698\" rel=\"\">dans une courte vid\u00e9o<\/a> au ton solennel, publi\u00e9e sur le r\u00e9seau X (ex-Twitter) le 24 juillet, que<a href=\"https:\/\/www.leparisien.fr\/eure-et-loir-28\/rejet-du-budget-le-maire-de-chateaudun-reagit-01-07-2025-2CCVFGBWR5GBNF7JDRDCAIH7EQ.php\" target=\"_self\" rel=\"noopener\"> Fabien Verdier, maire de Ch\u00e2teaudun (Eure-et-Loir)<\/a>, s\u2019est alarm\u00e9 du nombre de d\u00e9c\u00e8s li\u00e9s au cancer dans sa ville.<b> <\/b>Pour l\u2019\u00e9lu, le constat est sans appel : il faut r\u00e9agir. Il a officiellement saisi l\u2019Agence r\u00e9gionale de sant\u00e9 (ARS) pour exiger des r\u00e9ponses concr\u00e8tes : \u00ab 181 Dunois d\u00e9c\u00e9d\u00e9s d\u2019un cancer en 2024. Ce chiffre est dramatique. Et il est r\u00e9v\u00e9lateur d\u2019un probl\u00e8me grave de sant\u00e9 publique \u00bb, pr\u00e9cise le maire, tr\u00e8s inquiet de la situation.<\/p>\n<p class=\"paragraph text_align_left lp-f-body-02\">Fabien Verdier partage le cas d\u2019un Dunois atteint d\u2019un cancer du poumon : \u00ab Le 1er f\u00e9vrier, sa tumeur faisait 5 cm. Le 15 mars, elle en faisait 7. En six semaines, elle a pris 2 cm. Si on n\u2019agit pas vite, on laisse les patients sans chance \u00bb, regrette Fabien Verdier.<\/p>\n<p class=\"paragraph text_align_left lp-f-body-02\">En parall\u00e8le, il d\u00e9plore \u00e9galement le manque d\u2019\u00e9quipements sur place, obligeant les malades \u00e0 se rendre \u00e0 Chartres ou Orl\u00e9ans pour leurs soins. \u00ab Un Dunois m\u2019a racont\u00e9 que son p\u00e8re faisait deux heures de route par jour pour ses s\u00e9ances. Et que cela l\u2019avait tu\u00e9 \u00bb, se souvient-il, encore marqu\u00e9 par ce t\u00e9moignage.<\/p>\n<p>Un d\u00e9faut de d\u00e9pistage et des soins trop \u00e9loign\u00e9s<\/p>\n<p class=\"paragraph text_align_left lp-f-body-02\">Selon lui, cette situation r\u00e9sulte de la d\u00e9gradation progressive de l\u2019h\u00f4pital de Ch\u00e2teaudun : \u00ab Des services tels que la chirurgie et la maternit\u00e9 ont \u00e9t\u00e9 supprim\u00e9s entre 2012 et 2015. On a aussi retir\u00e9 des bouts de laboratoire, des services ici et l\u00e0, petit \u00e0 petit. Et aujourd\u2019hui, on en paie le prix \u00bb, accuse l\u2019\u00e9lu.<\/p>\n<p class=\"paragraph text_align_left lp-f-body-02\">Selon les donn\u00e9es de l\u2019Observatoire r\u00e9gional de la sant\u00e9, l\u2019Eure-et-Loir pr\u00e9sente un taux de mortalit\u00e9 par cancer l\u00e9g\u00e8rement sup\u00e9rieur \u00e0 la moyenne r\u00e9gionale, notamment chez les hommes. Le taux standardis\u00e9 de mortalit\u00e9 pr\u00e9matur\u00e9e (d\u00e9c\u00e8s avant 65 ans) y est, pour l\u2019ann\u00e9e 2023, de 194 d\u00e9c\u00e8s pour 100 000 habitants, contre 161 dans le Loir-et-Cher ou 175 dans l\u2019Indre-et-Loire. Mais l\u2019Eure-et-Loir reste moins touch\u00e9 que le Cher ou l\u2019Indre, o\u00f9 l\u2019on observe une surmortalit\u00e9 de plus de 15 % chez les hommes.<\/p>\n<p class=\"paragraph text_align_left lp-f-body-02\">Pour l\u2019Eure-et-Loir, une analyse territoriale de l\u2019Agence r\u00e9gionale de sant\u00e9 indique : \u00ab Le taux standardis\u00e9 de mortalit\u00e9 pr\u00e9matur\u00e9e par cancer est particuli\u00e8rement \u00e9lev\u00e9 dans certaines zones, notamment le sud-ouest du d\u00e9partement. \u00bb Une observation qui semble recouper les inqui\u00e9tudes de Fabien Verdier.<\/p>\n<p class=\"paragraph text_align_left lp-f-body-02\">Le maire de Ch\u00e2teaudun demande la mise en place d\u2019un v\u00e9ritable p\u00f4le de canc\u00e9rologie dans sa ville : \u00ab Nous avons besoin d\u2019un service avec d\u00e9pistage, pr\u00e9vention et chimioth\u00e9rapie. \u00bb L\u2019\u00e9lu souhaite \u00e9galement couper court \u00e0 certaines rumeurs qui circulent localement, laissant entendre que l\u2019agriculture serait en cause : \u00ab Je n\u2019ai aucune information \u00e0 ce sujet. Ce que je vois, c\u2019est un d\u00e9faut de d\u00e9pistage. C\u2019est mon hypoth\u00e8se. \u00bb<\/p>\n<p class=\"paragraph text_align_left lp-f-body-02\">L\u2019ARS, selon le maire, a reconnu dans un courrier une pr\u00e9valence \u00ab peut-\u00eatre un peu plus \u00e9lev\u00e9e \u00bb. Mais cela reste insuffisant pour Fabien Verdier : \u00ab J\u2019attends un vrai plan. Et, si n\u00e9cessaire, que Sant\u00e9 publique France se penche s\u00e9rieusement sur la situation. \u00bb<\/p>\n","protected":false},"excerpt":{"rendered":"C\u2019est dans une courte vid\u00e9o au ton solennel, publi\u00e9e sur le r\u00e9seau X (ex-Twitter) le 24 juillet, que&hellip;\n","protected":false},"author":2,"featured_media":295761,"comment_status":"","ping_status":"","sticky":false,"template":"","format":"standard","meta":{"footnotes":""},"categories":[10],"tags":[917,459,26844,1011,27,72,71,104],"class_list":{"0":"post-295760","1":"post","2":"type-post","3":"status-publish","4":"format-standard","5":"has-post-thumbnail","7":"category-sante","8":"tag-actu-locale","9":"tag-departements-horsidfo","10":"tag-eure-et-loir-28","11":"tag-fr","12":"tag-france","13":"tag-health","14":"tag-sante","15":"tag-societe"},"share_on_mastodon":{"url":"https:\/\/pubeurope.com\/@fr\/114970586206158998","error":""},"_links":{"self":[{"href":"https:\/\/www.europesays.com\/fr\/wp-json\/wp\/v2\/posts\/295760","targetHints":{"allow":["GET"]}}],"collection":[{"href":"https:\/\/www.europesays.com\/fr\/wp-json\/wp\/v2\/posts"}],"about":[{"href":"https:\/\/www.europesays.com\/fr\/wp-json\/wp\/v2\/types\/post"}],"author":[{"embeddable":true,"href":"https:\/\/www.europesays.com\/fr\/wp-json\/wp\/v2\/users\/2"}],"replies":[{"embeddable":true,"href":"https:\/\/www.europesays.com\/fr\/wp-json\/wp\/v2\/comments?post=295760"}],"version-history":[{"count":0,"href":"https:\/\/www.europesays.com\/fr\/wp-json\/wp\/v2\/posts\/295760\/revisions"}],"wp:featuredmedia":[{"embeddable":true,"href":"https:\/\/www.europesays.com\/fr\/wp-json\/wp\/v2\/media\/295761"}],"wp:attachment":[{"href":"https:\/\/www.europesays.com\/fr\/wp-json\/wp\/v2\/media?parent=295760"}],"wp:term":[{"taxonomy":"category","embeddable":true,"href":"https:\/\/www.europesays.com\/fr\/wp-json\/wp\/v2\/categories?post=295760"},{"taxonomy":"post_tag","embeddable":true,"href":"https:\/\/www.europesays.com\/fr\/wp-json\/wp\/v2\/tags?post=295760"}],"curies":[{"name":"wp","href":"https:\/\/api.w.org\/{rel}","templated":true}]}}