{"id":295768,"date":"2025-08-04T12:54:11","date_gmt":"2025-08-04T12:54:11","guid":{"rendered":"https:\/\/www.europesays.com\/fr\/295768\/"},"modified":"2025-08-04T12:54:11","modified_gmt":"2025-08-04T12:54:11","slug":"tesla-augmente-apres-lattribution-de-96-millions-dactions-a-son-directeur-general-elon-musk-04-08-2025-a-1234","status":"publish","type":"post","link":"https:\/\/www.europesays.com\/fr\/295768\/","title":{"rendered":"Tesla augmente apr\u00e8s l&rsquo;attribution de 96 millions d&rsquo;actions \u00e0 son directeur g\u00e9n\u00e9ral, Elon Musk &#8211; 04\/08\/2025 \u00e0 12:34"},"content":{"rendered":"<p>\n ((Traduction automatis\u00e9e par Reuters \u00e0 l&rsquo;aide de l&rsquo;apprentissage<br \/>\nautomatique et de l&rsquo;IA g\u00e9n\u00e9rative, veuillez vous r\u00e9f\u00e9rer \u00e0<br \/>\nl&rsquo;avertissement suivant: https:\/\/bit.ly\/rtrsauto))\n<\/p>\n<p>\n 4 ao\u00fbt &#8211;    ** Les actions de Tesla<br \/>\n <a href=\"https:\/\/www.boursorama.com\/cours\/TSLA\/\" rel=\"nofollow noopener\" target=\"_blank\"><br \/>\n  TSLA.O<br \/>\n <\/a><br \/>\n augmentent de<br \/>\n2,5 % \u00e0 310 $ avant le march\u00e9\n<\/p>\n<p>\n ** La soci\u00e9t\u00e9 attribue au directeur g\u00e9n\u00e9ral Elon Musk 96<br \/>\nmillions d&rsquo;actions  de l&rsquo;entreprise d&rsquo;une valeur d&rsquo;environ<br \/>\n29 milliards de dollars\n<\/p>\n<p>\n ** Musk doit payer \u00e0 Tesla 23,34 dollars par action<br \/>\nrestreinte acquise, ce qui \u00e9quivaut au prix d&rsquo;exercice par<br \/>\naction de la prime de directeur g\u00e9n\u00e9ral 2018, a d\u00e9clar\u00e9 Tesla<br \/>\ndans le dossier\n<\/p>\n<p>\n ** Plus t\u00f4t cette ann\u00e9e, Tesla a d\u00e9clar\u00e9 que le conseil<br \/>\nd&rsquo;administration avait form\u00e9 un comit\u00e9 sp\u00e9cial pour examiner<br \/>\ncertaines questions de r\u00e9mun\u00e9ration impliquant Musk\n<\/p>\n<p>\n ** Le comit\u00e9 sp\u00e9cial a d\u00e9clar\u00e9: \u00ab\u00a0Bien que nous<br \/>\nreconnaissions que les entreprises commerciales, les int\u00e9r\u00eats et<br \/>\nles autres demandes potentielles de temps et d&rsquo;attention d&rsquo;Elon<br \/>\nsont vastes et diversifi\u00e9s&#8230; nous sommes convaincus que cette<br \/>\nr\u00e9compense incitera Elon \u00e0 rester chez Tesla\u00a0\u00bb\n<\/p>\n<p>\n ** Jusqu&rsquo;\u00e0 la derni\u00e8re cl\u00f4ture, l&rsquo;action a chut\u00e9 de 25 %<br \/>\ndepuis le d\u00e9but de l&rsquo;ann\u00e9e<\/p>\n","protected":false},"excerpt":{"rendered":"((Traduction automatis\u00e9e par Reuters \u00e0 l&rsquo;aide de l&rsquo;apprentissage automatique et de l&rsquo;IA g\u00e9n\u00e9rative, veuillez vous r\u00e9f\u00e9rer \u00e0 l&rsquo;avertissement&hellip;\n","protected":false},"author":2,"featured_media":295769,"comment_status":"","ping_status":"","sticky":false,"template":"","format":"standard","meta":{"footnotes":""},"categories":[6],"tags":[400,398,408,35,405,33,34,1011,27,403,402,399,404,401,406,407],"class_list":{"0":"post-295768","1":"post","2":"type-post","3":"status-publish","4":"format-standard","5":"has-post-thumbnail","7":"category-economie","8":"tag-action-cac-40","9":"tag-bourse-de-paris","10":"tag-boursorama","11":"tag-business","12":"tag-cotations","13":"tag-economie","14":"tag-economy","15":"tag-fr","16":"tag-france","17":"tag-indices-devises","18":"tag-investir","19":"tag-investissement","20":"tag-marche-boursier","21":"tag-sicav","22":"tag-trackers","23":"tag-warrants"},"share_on_mastodon":{"url":"https:\/\/pubeurope.com\/@fr\/114970602034206650","error":""},"_links":{"self":[{"href":"https:\/\/www.europesays.com\/fr\/wp-json\/wp\/v2\/posts\/295768","targetHints":{"allow":["GET"]}}],"collection":[{"href":"https:\/\/www.europesays.com\/fr\/wp-json\/wp\/v2\/posts"}],"about":[{"href":"https:\/\/www.europesays.com\/fr\/wp-json\/wp\/v2\/types\/post"}],"author":[{"embeddable":true,"href":"https:\/\/www.europesays.com\/fr\/wp-json\/wp\/v2\/users\/2"}],"replies":[{"embeddable":true,"href":"https:\/\/www.europesays.com\/fr\/wp-json\/wp\/v2\/comments?post=295768"}],"version-history":[{"count":0,"href":"https:\/\/www.europesays.com\/fr\/wp-json\/wp\/v2\/posts\/295768\/revisions"}],"wp:featuredmedia":[{"embeddable":true,"href":"https:\/\/www.europesays.com\/fr\/wp-json\/wp\/v2\/media\/295769"}],"wp:attachment":[{"href":"https:\/\/www.europesays.com\/fr\/wp-json\/wp\/v2\/media?parent=295768"}],"wp:term":[{"taxonomy":"category","embeddable":true,"href":"https:\/\/www.europesays.com\/fr\/wp-json\/wp\/v2\/categories?post=295768"},{"taxonomy":"post_tag","embeddable":true,"href":"https:\/\/www.europesays.com\/fr\/wp-json\/wp\/v2\/tags?post=295768"}],"curies":[{"name":"wp","href":"https:\/\/api.w.org\/{rel}","templated":true}]}}