{"id":295771,"date":"2025-08-04T12:56:13","date_gmt":"2025-08-04T12:56:13","guid":{"rendered":"https:\/\/www.europesays.com\/fr\/295771\/"},"modified":"2025-08-04T12:56:13","modified_gmt":"2025-08-04T12:56:13","slug":"un-octogenaire-mis-en-examen-pour-meurtre-apres-avoir-percute-une-auxiliaire-de-vie","status":"publish","type":"post","link":"https:\/\/www.europesays.com\/fr\/295771\/","title":{"rendered":"un octog\u00e9naire mis en examen pour meurtre apr\u00e8s avoir percut\u00e9 une auxiliaire de vie"},"content":{"rendered":"<p>L\u2019octog\u00e9naire, qui a \u00e9t\u00e9 plac\u00e9 en d\u00e9tention provisoire, est \u00e9galement poursuivi pour tentative de meurtre, ayant bless\u00e9 un autre auxiliaire de vie de 55 ans qui \u00e9tait sur place avec sa coll\u00e8gue au moment des faits.<\/p>\n<p class=\"fig-paragraph\">Un homme de 80 ans a \u00e9t\u00e9 mis en examen pour meurtre apr\u00e8s avoir mortellement percut\u00e9 en voiture une auxiliaire de vie de 42 ans la semaine derni\u00e8re pr\u00e8s de\u00a0<a href=\"http:\/\/www.lefigaro.fr\/faits-divers\/a-cambrai-un-abbe-de-96-ans-passe-a-tabac-les-auteurs-en-fuite-20250317\" target=\"_blank\" data-fig-type=\"NewsFlash\" rel=\"noopener nofollow\" data-gtm-custom-categorie=\"navigation\" data-gtm-custom-action=\"crossclick\" data-gtm-custom-label=\"Contextuel\" data-gtm-event=\"customEventSPE\" data-fig-domain=\"LEFIGARO\">Cambrai<\/a>, a appris lundi l&rsquo;AFP du parquet de Douai.<\/p>\n<p class=\"fig-paragraph\">L&rsquo;octog\u00e9naire, qui a \u00e9t\u00e9 plac\u00e9 en d\u00e9tention provisoire, est \u00e9galement poursuivi pour tentative de meurtre, ayant aussi bless\u00e9 un autre auxiliaire de vie de 55 ans qui \u00e9tait sur place avec sa coll\u00e8gue au moment des faits.<\/p>\n<p>                                    <a class=\"fig-a11y-skip a11y-hidden\" href=\"#fig-a11y-skip-main-inarticle\"><br \/>\n        Passer la publicit\u00e9<br \/>\n    <\/a><\/p>\n<p>\u00abLe p\u00e8re avait perdu la tutelle de son fils\u00bb<\/p>\n<p class=\"fig-paragraph\">Le drame s&rsquo;est produit vers minuit dans la nuit de mercredi \u00e0 jeudi \u00e0 B\u00e9villers, un village pr\u00e8s de Cambrai o\u00f9 r\u00e9sidait l&rsquo;octog\u00e9naire avec son fils handicap\u00e9, dont les\u00a0<a href=\"http:\/\/www.lefigaro.fr\/marseille\/marseille-une-auxiliaire-de-vie-condamnee-pour-avoir-vole-des-cheques-a-une-octogenaire-pendant-5-ans-20240326\" target=\"_blank\" data-fig-type=\"NewsFlash\" rel=\"noopener nofollow\" data-gtm-custom-categorie=\"navigation\" data-gtm-custom-action=\"crossclick\" data-gtm-custom-label=\"Contextuel\" data-gtm-event=\"customEventSPE\" data-fig-domain=\"LEFIGARO\">auxiliaires de vie<\/a>\u00a0s&rsquo;occupaient r\u00e9guli\u00e8rement \u00e0 domicile.<\/p>\n<p class=\"fig-paragraph\">Le suspect avait initialement pris la fuite avec sa voiture, emmenant son fils avec lui. Tous deux ont \u00e9t\u00e9 retrouv\u00e9s jeudi matin \u00e0 Douai et le p\u00e8re a alors \u00e9t\u00e9 interpell\u00e9 sans difficult\u00e9, selon une source proche de l&rsquo;enqu\u00eate interrog\u00e9e par l&rsquo;AFP. \u00abLe p\u00e8re avait perdu la tutelle de son fils\u00bb et avait ainsi perdu la main sur \u00abune grosse somme\u00bb d&rsquo;argent li\u00e9 \u00e0 son handicap. Les relations de cet homme \u00abirascible\u00bb avec les auxiliaires de vie s&rsquo;\u00e9taient consid\u00e9rablement d\u00e9t\u00e9rior\u00e9es depuis lors, selon cette m\u00eame source.<\/p>\n<p class=\"fig-paragraph\">Comme les victimes \u00e9taient charg\u00e9es d&rsquo;une mission de service public, cette circonstance aggravante a \u00e9t\u00e9 retenue dans la qualification des faits, a soulign\u00e9 le parquet de Douai.<\/p>\n","protected":false},"excerpt":{"rendered":"L\u2019octog\u00e9naire, qui a \u00e9t\u00e9 plac\u00e9 en d\u00e9tention provisoire, est \u00e9galement poursuivi pour tentative de meurtre, ayant bless\u00e9 un&hellip;\n","protected":false},"author":2,"featured_media":295772,"comment_status":"","ping_status":"","sticky":false,"template":"","format":"standard","meta":{"footnotes":""},"categories":[4],"tags":[11,43590,1011,27,777,12,25],"class_list":{"0":"post-295771","1":"post","2":"type-post","3":"status-publish","4":"format-standard","5":"has-post-thumbnail","7":"category-france","8":"tag-actualites","9":"tag-douai","10":"tag-fr","11":"tag-france","12":"tag-meurtre","13":"tag-news","14":"tag-republique-francaise"},"share_on_mastodon":{"url":"https:\/\/pubeurope.com\/@fr\/114970609840691361","error":""},"_links":{"self":[{"href":"https:\/\/www.europesays.com\/fr\/wp-json\/wp\/v2\/posts\/295771","targetHints":{"allow":["GET"]}}],"collection":[{"href":"https:\/\/www.europesays.com\/fr\/wp-json\/wp\/v2\/posts"}],"about":[{"href":"https:\/\/www.europesays.com\/fr\/wp-json\/wp\/v2\/types\/post"}],"author":[{"embeddable":true,"href":"https:\/\/www.europesays.com\/fr\/wp-json\/wp\/v2\/users\/2"}],"replies":[{"embeddable":true,"href":"https:\/\/www.europesays.com\/fr\/wp-json\/wp\/v2\/comments?post=295771"}],"version-history":[{"count":0,"href":"https:\/\/www.europesays.com\/fr\/wp-json\/wp\/v2\/posts\/295771\/revisions"}],"wp:featuredmedia":[{"embeddable":true,"href":"https:\/\/www.europesays.com\/fr\/wp-json\/wp\/v2\/media\/295772"}],"wp:attachment":[{"href":"https:\/\/www.europesays.com\/fr\/wp-json\/wp\/v2\/media?parent=295771"}],"wp:term":[{"taxonomy":"category","embeddable":true,"href":"https:\/\/www.europesays.com\/fr\/wp-json\/wp\/v2\/categories?post=295771"},{"taxonomy":"post_tag","embeddable":true,"href":"https:\/\/www.europesays.com\/fr\/wp-json\/wp\/v2\/tags?post=295771"}],"curies":[{"name":"wp","href":"https:\/\/api.w.org\/{rel}","templated":true}]}}