{"id":295777,"date":"2025-08-04T12:59:12","date_gmt":"2025-08-04T12:59:12","guid":{"rendered":"https:\/\/www.europesays.com\/fr\/295777\/"},"modified":"2025-08-04T12:59:12","modified_gmt":"2025-08-04T12:59:12","slug":"pour-ses-maillots-lasse-mise-sur-ses-supporters","status":"publish","type":"post","link":"https:\/\/www.europesays.com\/fr\/295777\/","title":{"rendered":"Pour ses maillots, l\u2019ASSE mise sur ses supporters"},"content":{"rendered":"<p class=\"is-style-chapo\">Le virage avait \u00e9t\u00e9 amorc\u00e9 l\u2019ann\u00e9e derni\u00e8re, il se confirme pour cette saison. L\u2019ASSE et son \u00e9quipementier Hummel ont fait le choix de miser sur de vrais supporters pour pr\u00e9senter l\u2019ensemble des maillots du club. L\u2019id\u00e9e est de faire prendre la pose uniquement \u00e0 des personnes qui ont un lien avec l\u2019ASSE, pour mettre en avant le rapport entre le club et son public\u2026<\/p>\n<p><img loading=\"lazy\" decoding=\"async\" width=\"1024\" height=\"576\" src=\"https:\/\/www.europesays.com\/fr\/wp-content\/uploads\/2025\/08\/Design-sans-titre-13-1024x576.png\" alt=\"\" class=\"wp-image-80228\"  \/>Ils ont \u00e9t\u00e9 s\u00e9lectionn\u00e9s parmi plus de 2 000 candidatures. \u00a9ASSE<\/p>\n<p>\u00ab\u00a0Ce sont eux les stars du club, avant m\u00eame les joueurs\u00a0\u00bb, pointe Thomas Granger, responsable communication de l\u2019ASSE. Trois jours apr\u00e8s la pr\u00e9sentation du <a href=\"https:\/\/www.asse.fr\/?utm_source=siteofficiel&amp;utm_medium=menu_burger&amp;utm_campaign=organic\" target=\"_blank\" rel=\"noreferrer noopener\">maillot third 2025-2026<\/a> par l\u2019AS Saint-Etienne et son \u00e9quipementier Hummel, nous avons voulu revenir sur le virage amorc\u00e9 la saison derni\u00e8re, et confirm\u00e9 cette ann\u00e9e, pour la pr\u00e9sentation des <a href=\"https:\/\/www.if-saint-etienne.fr\/breves\/voila-le-maillot-2025-2026-de-lasse-en-vert-et-blanc-comme-jamais-depuis-40-ans\" target=\"_blank\" rel=\"noreferrer noopener\">maillots<\/a>. La strat\u00e9gie est simple\u00a0: faire d\u00e9sormais poser de vrais supporters de l\u2019ASSE pour les campagnes. <\/p>\n<p>\u00ab\u00a0Tous les mod\u00e8les ont un lien particulier avec Saint-Etienne, et c\u2019est g\u00e9nial de voir \u00e0 chaque fois leurs yeux qui brillent\u00a0\u00bb, poursuit Thomas Granger. Et le moins que l\u2019on puisse dire, c\u2019est que le club ne manque pas de mod\u00e8les\u2026<\/p>\n<p>2 000 candidats en 72 heures<\/p>\n<p>\u00ab\u00a0On a lanc\u00e9 un appel \u00e0 candidatures et nous avons eu 2 000 r\u00e9pondants en 72 heures, d\u00e9taille le responsable communication du club. Cela nous a permis de nous constituer un petit annuaire, et de pouvoir recontacter certains profils que l\u2019on n\u2019avait pas s\u00e9lectionn\u00e9s, pour la collaboration entre la marque Steph\u2019 et le Foreztival par exemple\u00a0\u00bb. Car il a bien fallu choisir la dizaine de personnes qui seront le visage de l\u2019ASSE pour la saison 2025-2026. <\/p>\n<p>La multitude de profils permet d\u2019avoir des femmes, des hommes, plus ou moins \u00e2g\u00e9s, d\u2019univers tr\u00e8s diff\u00e9rents. Pour exemple, sur la campagne du maillot ext\u00e9rieur, l\u2019influenceur st\u00e9phanois aux 4 millions d\u2019abonn\u00e9s, Jonathan Coni, sp\u00e9cialiste des \u00ab\u00a0astuces de g\u00e9nie\u00a0\u00bb, c\u00f4toie notre ancien confr\u00e8re du Progr\u00e8s, Dominique Goubatian, ou encore Sara, qui n\u2019est pas st\u00e9phanoise d\u2019origine, qui s\u2019est install\u00e9e sur le territoire pour avec son mari et est tomb\u00e9e amoureuse du club. <\/p>\n<p>Pas de Tournoi des 7 Collines<\/p>\n<p>\u00ab\u00a0Les \u00e2ges sont diff\u00e9rents et nous avons \u00e9t\u00e9 surpris par le nombre de jeunes qui voulaient participer, on a le sentiment qu\u2019il n\u2019y a pas eu de saut de g\u00e9n\u00e9ration, alors que les jeunes fans n\u2019ont pourtant pas connu de troph\u00e9es avec l\u2019ASSE\u00a0\u00bb. Le club veille aussi \u00e0 \u00eatre inclusif dans ses choix, et d\u2019apr\u00e8s Thomas Granger, les retours sont positifs. \u00ab\u00a0L\u2019id\u00e9e, c\u2019est que l\u2019on n\u2019a pas besoin d\u2019\u00eatre top model pour poser. On nous dit que c\u2019est plus authentique, que ce ne serait pas nous avec des mannequins\u00a0\u00bb. <\/p>\n<p>Autre d\u00e9cision importante. Cette ann\u00e9e, la pr\u00e9sentation du maillot a eu lieu \u00e0 la Cit\u00e9 du Design, conjointement \u00e0 la Biennale. Lors des deux saisons pr\u00e9c\u00e9dentes, la pr\u00e9sentation se d\u00e9roulait lors du <a href=\"https:\/\/www.if-saint-etienne.fr\/breves\/football-le-tournoi-des-7-collines-se-jouera-a-5-place-hotel-de-ville-a-saint-etienne\" target=\"_blank\" rel=\"noreferrer noopener\">Tournoi des 7 Collines<\/a>, qui n\u2019a donc pas \u00e9t\u00e9 reconduit cette ann\u00e9e. \u00ab\u00a0Il y a une volont\u00e9 de changer d\u2019\u00e9v\u00e9nement et le tournoi reste un investissement cons\u00e9quent. Et puis cette ann\u00e9e, le maillot avait un lien avec la Cit\u00e9 du Design. Cela a \u00e9t\u00e9 une belle f\u00eate, et nous sommes contents de ce que nous avons fait\u00a0\u00bb. Il pr\u00e9cise que le Tournoi des 7 collines n\u2019est pas d\u00e9finitivement enterr\u00e9, mais suspendu pour le moment, avec une r\u00e9flexion autour de l\u2019\u00e9v\u00e9nement\u2026 \u00a0En revanche, l\u2019\u00e9quipe assure vouloir poursuivre la mise en avant de ses supporters. Vous pourriez donc bien devenir l\u2019un des visages de l\u2019ASSE saison 2026-2027.<\/p>\n","protected":false},"excerpt":{"rendered":"Le virage avait \u00e9t\u00e9 amorc\u00e9 l\u2019ann\u00e9e derni\u00e8re, il se confirme pour cette saison. L\u2019ASSE et son \u00e9quipementier Hummel&hellip;\n","protected":false},"author":2,"featured_media":295778,"comment_status":"","ping_status":"","sticky":false,"template":"","format":"standard","meta":{"footnotes":""},"categories":[9653],"tags":[43591,1111,11,461,43592,2430,7819,1777,674,1011,27,43593,43594,43595,43596,12,25,4001],"class_list":{"0":"post-295777","1":"post","2":"type-post","3":"status-publish","4":"format-standard","5":"has-post-thumbnail","7":"category-saint-etienne","8":"tag-3e-maillot","9":"tag-actu","10":"tag-actualites","11":"tag-asse","12":"tag-asse-2025-2026","13":"tag-auvergne-rhone-alpes","14":"tag-collectif","15":"tag-eu","16":"tag-europe","17":"tag-fr","18":"tag-france","19":"tag-maillot-asse","20":"tag-maillot-asse-2022-23","21":"tag-maillot-asse-sponsor","22":"tag-maillot-third","23":"tag-news","24":"tag-republique-francaise","25":"tag-saint-etienne"},"share_on_mastodon":{"url":"https:\/\/pubeurope.com\/@fr\/114970621873959315","error":""},"_links":{"self":[{"href":"https:\/\/www.europesays.com\/fr\/wp-json\/wp\/v2\/posts\/295777","targetHints":{"allow":["GET"]}}],"collection":[{"href":"https:\/\/www.europesays.com\/fr\/wp-json\/wp\/v2\/posts"}],"about":[{"href":"https:\/\/www.europesays.com\/fr\/wp-json\/wp\/v2\/types\/post"}],"author":[{"embeddable":true,"href":"https:\/\/www.europesays.com\/fr\/wp-json\/wp\/v2\/users\/2"}],"replies":[{"embeddable":true,"href":"https:\/\/www.europesays.com\/fr\/wp-json\/wp\/v2\/comments?post=295777"}],"version-history":[{"count":0,"href":"https:\/\/www.europesays.com\/fr\/wp-json\/wp\/v2\/posts\/295777\/revisions"}],"wp:featuredmedia":[{"embeddable":true,"href":"https:\/\/www.europesays.com\/fr\/wp-json\/wp\/v2\/media\/295778"}],"wp:attachment":[{"href":"https:\/\/www.europesays.com\/fr\/wp-json\/wp\/v2\/media?parent=295777"}],"wp:term":[{"taxonomy":"category","embeddable":true,"href":"https:\/\/www.europesays.com\/fr\/wp-json\/wp\/v2\/categories?post=295777"},{"taxonomy":"post_tag","embeddable":true,"href":"https:\/\/www.europesays.com\/fr\/wp-json\/wp\/v2\/tags?post=295777"}],"curies":[{"name":"wp","href":"https:\/\/api.w.org\/{rel}","templated":true}]}}