{"id":295781,"date":"2025-08-04T13:01:15","date_gmt":"2025-08-04T13:01:15","guid":{"rendered":"https:\/\/www.europesays.com\/fr\/295781\/"},"modified":"2025-08-04T13:01:15","modified_gmt":"2025-08-04T13:01:15","slug":"fic2025-retour-triomphal-de-nancy-ajram-a-carthage-huit-ans-apres-sa-derniere-apparition","status":"publish","type":"post","link":"https:\/\/www.europesays.com\/fr\/295781\/","title":{"rendered":"FIC2025: Retour triomphal de Nancy Ajram \u00e0 Carthage huit ans apr\u00e8s sa derni\u00e8re apparition"},"content":{"rendered":"<p><img fetchpriority=\"high\" decoding=\"async\" class=\"aligncenter wp-image-550021 size-full\" src=\"data:image\/svg+xml,%3Csvg%20xmlns=\" http:=\"\" alt=\"\" width=\"680\" height=\"400\" data-lazy- data-lazy- data-lazy-src=\"https:\/\/www.europesays.com\/fr\/wp-content\/uploads\/2025\/08\/nancyajram-fic2025.jpg\"\/>Huit ans apr\u00e8s son dernier passage au Festival international de Carthage, lors de la 53\u00e8me \u00e9dition en 2017, la star libanaise Nancy Ajram a sign\u00e9 dans la soir\u00e9e du 2 ao\u00fbt 2025, un retour triomphal dans le cadre de la 59\u00e8me \u00e9dition du festival.<\/p>\n<p>Devant un amphith\u00e9\u00e2tre archicomble et face \u00e0 un public qui a d\u00e9barqu\u00e9 pr\u00e8s de cinq heures avant le d\u00e9but du spectacle, patientant avec ferveur pour assister \u00e0 la soir\u00e9e, elle a offert deux heures de prestation vibrante et de musique envoutante lors d\u2019un concert \u00e0 guichets ferm\u00e9s.<\/p>\n<p>Depuis la sortie de son album \u201cYa Salam\u201d en 2003, Nancy Ajram s\u2019est impos\u00e9e comme une figure incontournable de la sc\u00e8ne musicale arabe, s\u00e9duisant des g\u00e9n\u00e9rations diff\u00e9rentes par un style m\u00ealant fra\u00eecheur, spontan\u00e9it\u00e9 et charisme. Deux d\u00e9cennies plus tard, elle continue de captiver les fans gr\u00e2ce \u00e0 une pr\u00e9sence sc\u00e9nique affirm\u00e9e et un r\u00e9pertoire aussi vaste que vari\u00e9.<\/p>\n<p>Accueillie par un torrent d\u2019applaudissements, elle a commenc\u00e9 le spectacle avec son tube \u201cbadna nwallee el jaw\u201d, donnant d\u2019embl\u00e9e le ton d\u2019une soir\u00e9e rythm\u00e9e et festive. Dans une ambiance de parfaite complicit\u00e9 entre l\u2019artiste et ses fans, le concert a altern\u00e9 entre titres anciens et morceaux plus r\u00e9cents, offrant un v\u00e9ritable voyage musical \u00e0 travers ses plus grands succ\u00e8s. Des tubes \u00e9nergiques comme \u201cye tabtab\u201d, \u201chobbak saffah\u201d, \u201ceddonia helwa\u201d, \u201ctigui nenbesset\u201d ou \u201cah w noss\u201d ont fait danser un public euphorique, debout d\u00e8s les premi\u00e8res notes.<\/p>\n<p>Les ballades romantiques, parmi lesquelles \u201cfi hagat\u201d, \u201calbi ya albi\u201d ou encore \u201centa eeh\u201d, ont envelopp\u00e9 l\u2019amphith\u00e9\u00e2tre romain de Carthage d\u2019une \u00e9motion palpable. A la demande du public, elle a \u00e9galement interpr\u00e9t\u00e9 \u201commi\u201d, un moment fort qui a renforc\u00e9 le lien authentique et profond entre l\u2019artiste et ses fans.<\/p>\n<p>Derri\u00e8re la simplicit\u00e9 apparente de son style, les chansons de Nancy Ajram touchent par leur sinc\u00e9rit\u00e9, oscillant entre l\u00e9g\u00e8ret\u00e9 et profondeur. Sa mani\u00e8re spontan\u00e9e de parler \u00e0 son public, son sourire naturel et sa pr\u00e9sence sc\u00e9nique ont largement contribu\u00e9 \u00e0 cr\u00e9er une ambiance chaleureuse et inoubliable.<\/p>\n<p>En marge du concert, et lors d\u2019une conf\u00e9rence de presse, l\u2019artiste n\u2019a pas cach\u00e9 son \u00e9motion de retrouver le public tunisien, qu\u2019elle a qualifi\u00e9 de \u201cfid\u00e8le et chaleureux\u201d. Elle a affirm\u00e9 avoir donn\u00e9 le meilleur d\u2019elle-m\u00eame pour r\u00e9pondre aux attentes de cette soir\u00e9e tant attendue. Interrog\u00e9e sur d\u2019\u00e9ventuelles collaborations, elle s\u2019est dite enthousiaste \u00e0 l\u2019id\u00e9e de travailler avec des artistes tunisiens, notamment des paroliers, esp\u00e9rant nourrir son univers musical de nouvelles couleurs cr\u00e9atives.<\/p>\n<p>Dans un paysage musical souvent domin\u00e9 par les tendances \u00e9lectroniques, Nancy Ajram qui a offert une parenth\u00e8se d\u00e9licate, rappelant que certaines m\u00e9lodies traversent le temps sans jamais perdre leur \u00e9clat, vient de signer ainsi un retour qui r\u00e9sonne comme une c\u00e9l\u00e9bration du talent et d\u2019un succ\u00e8s incontest\u00e9.<\/p>\n","protected":false},"excerpt":{"rendered":"Huit ans apr\u00e8s son dernier passage au Festival international de Carthage, lors de la 53\u00e8me \u00e9dition en 2017,&hellip;\n","protected":false},"author":2,"featured_media":295782,"comment_status":"","ping_status":"","sticky":false,"template":"","format":"standard","meta":{"footnotes":""},"categories":[9635],"tags":[1111,11,1777,674,43597,43598,1011,27,775,15061,1702,43599,12,25,2028],"class_list":{"0":"post-295781","1":"post","2":"type-post","3":"status-publish","4":"format-standard","5":"has-post-thumbnail","7":"category-nancy","8":"tag-actu","9":"tag-actualites","10":"tag-eu","11":"tag-europe","12":"tag-festival-international-carthage","13":"tag-fic-2025","14":"tag-fr","15":"tag-france","16":"tag-grand-est","17":"tag-guichets-fermes","18":"tag-nancy","19":"tag-nancy-ajram","20":"tag-news","21":"tag-republique-francaise","22":"tag-tunisie"},"share_on_mastodon":{"url":"https:\/\/pubeurope.com\/@fr\/114970629430682299","error":""},"_links":{"self":[{"href":"https:\/\/www.europesays.com\/fr\/wp-json\/wp\/v2\/posts\/295781","targetHints":{"allow":["GET"]}}],"collection":[{"href":"https:\/\/www.europesays.com\/fr\/wp-json\/wp\/v2\/posts"}],"about":[{"href":"https:\/\/www.europesays.com\/fr\/wp-json\/wp\/v2\/types\/post"}],"author":[{"embeddable":true,"href":"https:\/\/www.europesays.com\/fr\/wp-json\/wp\/v2\/users\/2"}],"replies":[{"embeddable":true,"href":"https:\/\/www.europesays.com\/fr\/wp-json\/wp\/v2\/comments?post=295781"}],"version-history":[{"count":0,"href":"https:\/\/www.europesays.com\/fr\/wp-json\/wp\/v2\/posts\/295781\/revisions"}],"wp:featuredmedia":[{"embeddable":true,"href":"https:\/\/www.europesays.com\/fr\/wp-json\/wp\/v2\/media\/295782"}],"wp:attachment":[{"href":"https:\/\/www.europesays.com\/fr\/wp-json\/wp\/v2\/media?parent=295781"}],"wp:term":[{"taxonomy":"category","embeddable":true,"href":"https:\/\/www.europesays.com\/fr\/wp-json\/wp\/v2\/categories?post=295781"},{"taxonomy":"post_tag","embeddable":true,"href":"https:\/\/www.europesays.com\/fr\/wp-json\/wp\/v2\/tags?post=295781"}],"curies":[{"name":"wp","href":"https:\/\/api.w.org\/{rel}","templated":true}]}}