{"id":295789,"date":"2025-08-04T13:07:11","date_gmt":"2025-08-04T13:07:11","guid":{"rendered":"https:\/\/www.europesays.com\/fr\/295789\/"},"modified":"2025-08-04T13:07:11","modified_gmt":"2025-08-04T13:07:11","slug":"lhistoire-de-la-cathedrale-de-rouen-du-iv-au-xie-siecle-dapres-les-fouilles","status":"publish","type":"post","link":"https:\/\/www.europesays.com\/fr\/295789\/","title":{"rendered":"L\u2019histoire de la cath\u00e9drale de Rouen du IV au XIe si\u00e8cle d\u2019apr\u00e8s les fouilles"},"content":{"rendered":"<p>        L\u2019histoire de la cath\u00e9drale de Rouen du IV au XIe si\u00e8cle d\u2019apr\u00e8s les fouilles<\/p>\n<p style=\"text-align:justify\">Deux grandes fouilles programm\u00e9es ont \u00e9t\u00e9 men\u00e9es au pied de la nef de la cath\u00e9drale de Rouen de 1986 \u00e0 1993, l\u2019une au nord, l\u2019autre au sud. De part et d\u2019autre, les niveaux les plus profonds ont livr\u00e9 les vestiges d\u2019un quartier d\u2019habitation du IIIe et du d\u00e9but du IVe si\u00e8cle. Au nord lui succ\u00e9da vers 330-340 une basilique pal\u00e9ochr\u00e9tienne, avec un baptist\u00e8re install\u00e9 dans un ancien b\u00e2timent thermal. \u00c0 la fin du IVe si\u00e8cle, une seconde basilique, identifi\u00e9e \u00e0 celle mentionn\u00e9e dans une c\u00e9l\u00e8bre hom\u00e9lie de l\u2019\u00e9v\u00eaque Victrice, fut \u00e9difi\u00e9e au sud. <strong>C\u2019est toute l\u2019histoire des constructions de ce groupe \u00e9piscopal au cours du haut Moyen \u00c2ge, depuis l\u2019\u00e9poque carolingienne (VIIIe-IXe si\u00e8cle) jusqu\u2019aux premiers travaux d\u2019agrandissement de l\u2019\u00e9glise Notre-Dame (Xe-XIe si\u00e8cle) que les fouilles ont permis de restituer.<\/strong><\/p>\n<p>L&rsquo;ICP campus de Rouen lance la 1\u00e8re \u00e9dition des Rencontres Histoire et Patrimoine en Normandie<\/p>\n<p>Un jeudi par mois venez prendre l&rsquo;air aux Rencontres Histoire et Patrimoine en Normandie organis\u00e9es par l&rsquo;ICP campus de Rouen.<\/p>\n<p>Pour mieux comprendre l&rsquo;histoire et le patrimoine de Normandie, venez rencontrer des chercheurs et des sp\u00e9cialistes locaux. L&rsquo;ICP campus de Rouen organise un cycle de huit conf\u00e9rences une fois par mois, d&rsquo;octobre2024 \u00e0 mai 2025, les jeudis, de 20h \u00e0 22h (sauf le 4 f\u00e9vrier \u00e0 18h30) sur le campus rouennais de l&rsquo;ICP &#8211; 41 route de Neufch\u00e2tel.<\/p>\n<p>Chaque rencontre peut \u00eatre suivie individuellement.<\/p>\n<p>&#13;<br \/>\n<strong><strong>Programmation :<\/strong><\/strong><\/p>\n<ul>&#13;<\/p>\n<li><strong><strong>17 octobre &#8211; 20h :<\/strong><\/strong> L\u2019histoire de la cath\u00e9drale de Rouen du IVe au XIe si\u00e8cle d\u2019apr\u00e8s les fouilles, par Jacques Le Maho<\/li>\n<p>&#13;<\/p>\n<li><strong><strong>28 novembre &#8211; 20h :<\/strong><\/strong> Le Carmel en France et en Normandie, du XVII\u00e8me si\u00e8cle \u00e0 nos jours : l\u2019esprit d\u2019oraison au c\u0153ur de la cit\u00e9,\u00a0par le P\u00e8re Gilbert, Olivier Chaline, anim\u00e9e par Alexandre de Gmeline<\/li>\n<p>&#13;<\/p>\n<li><strong><strong>19 d\u00e9cembre &#8211; 20h :<\/strong><\/strong> Les 150 ans de l\u2019impressionnisme,\u00a0par Florence Calame-Levert<\/li>\n<p>&#13;<\/p>\n<li><strong><strong>4 f\u00e9vrier &#8211; <\/strong><\/strong><strong><strong>18h30<\/strong><\/strong><strong><strong> :<\/strong><\/strong> \u00ab Un soir avec G\u00e9ricault \u00bb Conf\u00e9rence commune avec le cycle \u00ab Le Printemps des arts \u00bb,\u00a0par Diederik Bakhu\u00ffs<\/li>\n<p>&#13;<\/p>\n<li><strong><strong>27 f\u00e9vrier &#8211; 20h :<\/strong><\/strong> Reconstruire la fl\u00e8che de la cath\u00e9drale de Rouen,\u00a0par Guillaume Gohon<\/li>\n<p>&#13;<\/p>\n<li><strong><strong>20 mars &#8211; 20h :<\/strong><\/strong> L\u2019\u00e9glise abbatiale Saint-Ouen : un \u00e9crin magnifique pour les vitraux,\u00a0par Henri Deca\u00ebns<\/li>\n<p>&#13;<\/p>\n<li><strong><strong>24 avril &#8211; 20h :<\/strong><\/strong> Nouvelles d\u00e9couvertes arch\u00e9ologiques \u00e0 l\u2019abbaye de Jumi\u00e8ges,\u00a0par St\u00e9phane B\u00fcttner<\/li>\n<p>&#13;<\/p>\n<li><strong><strong>22 mai &#8211; 20h :<\/strong><\/strong> La recherche de provenance des \u0153uvres ou comment rendre justice aux victimes de spoliations,\u00a0par Denise Vernerey-Laplace, H\u00e9l\u00e8ne Ivanoff et Marie Duflot<\/li>\n<p>&#13;\n<\/ul>\n<p>\u00a0<\/p>\n","protected":false},"excerpt":{"rendered":"L\u2019histoire de la cath\u00e9drale de Rouen du IV au XIe si\u00e8cle d\u2019apr\u00e8s les fouilles Deux grandes fouilles programm\u00e9es&hellip;\n","protected":false},"author":2,"featured_media":295790,"comment_status":"","ping_status":"","sticky":false,"template":"","format":"standard","meta":{"footnotes":""},"categories":[9587],"tags":[1111,11,1777,674,1011,27,12,5161,25,9590],"class_list":{"0":"post-295789","1":"post","2":"type-post","3":"status-publish","4":"format-standard","5":"has-post-thumbnail","7":"category-rouen","8":"tag-actu","9":"tag-actualites","10":"tag-eu","11":"tag-europe","12":"tag-fr","13":"tag-france","14":"tag-news","15":"tag-normandie","16":"tag-republique-francaise","17":"tag-rouen"},"share_on_mastodon":{"url":"https:\/\/pubeurope.com\/@fr\/114970653136700138","error":""},"_links":{"self":[{"href":"https:\/\/www.europesays.com\/fr\/wp-json\/wp\/v2\/posts\/295789","targetHints":{"allow":["GET"]}}],"collection":[{"href":"https:\/\/www.europesays.com\/fr\/wp-json\/wp\/v2\/posts"}],"about":[{"href":"https:\/\/www.europesays.com\/fr\/wp-json\/wp\/v2\/types\/post"}],"author":[{"embeddable":true,"href":"https:\/\/www.europesays.com\/fr\/wp-json\/wp\/v2\/users\/2"}],"replies":[{"embeddable":true,"href":"https:\/\/www.europesays.com\/fr\/wp-json\/wp\/v2\/comments?post=295789"}],"version-history":[{"count":0,"href":"https:\/\/www.europesays.com\/fr\/wp-json\/wp\/v2\/posts\/295789\/revisions"}],"wp:featuredmedia":[{"embeddable":true,"href":"https:\/\/www.europesays.com\/fr\/wp-json\/wp\/v2\/media\/295790"}],"wp:attachment":[{"href":"https:\/\/www.europesays.com\/fr\/wp-json\/wp\/v2\/media?parent=295789"}],"wp:term":[{"taxonomy":"category","embeddable":true,"href":"https:\/\/www.europesays.com\/fr\/wp-json\/wp\/v2\/categories?post=295789"},{"taxonomy":"post_tag","embeddable":true,"href":"https:\/\/www.europesays.com\/fr\/wp-json\/wp\/v2\/tags?post=295789"}],"curies":[{"name":"wp","href":"https:\/\/api.w.org\/{rel}","templated":true}]}}