{"id":295793,"date":"2025-08-04T13:10:02","date_gmt":"2025-08-04T13:10:02","guid":{"rendered":"https:\/\/www.europesays.com\/fr\/295793\/"},"modified":"2025-08-04T13:10:02","modified_gmt":"2025-08-04T13:10:02","slug":"80-ans-du-dauphine-libere-philippe-andreolety-eybens-bresson-poisat-presque-deux-decennies-a-relater-lactualite","status":"publish","type":"post","link":"https:\/\/www.europesays.com\/fr\/295793\/","title":{"rendered":"80 ans du Dauphin\u00e9 Lib\u00e9r\u00e9. Philippe Andr\u00e9ol\u00e9ty (Eybens, Bresson, Poisat), presque deux d\u00e9cennies \u00e0 relater l\u2019actualit\u00e9"},"content":{"rendered":"<p>D\u2019habitude, c\u2019est lui qui interroge les gens, prend des notes et fait poser ses interlocuteurs. Pour une fois, Philippe Andr\u00e9ol\u00e9ty a d\u00fb laisser son appareil photo sur l\u2019\u00e9paule et s\u2019asseoir pour se pr\u00eater au jeu des questions-r\u00e9ponses. Un exercice pas \u00e9vident quand on est <a href=\"https:\/\/www.ledauphine.com\/d\/nos-correspondants-de-presse-visages-de-la-proximite-54daba57-a7a8-4fc0-a3f6-39d88e82a58c\" target=\"_blank\" rel=\"noopener\">correspondant local de presse<\/a> pour Le Dauphin\u00e9 Lib\u00e9r\u00e9 depuis 18 ans\u00a0!<\/p>\n<p>C\u2019est son go\u00fbt pour l\u2019\u00e9criture qui l\u2019a men\u00e9 \u00e0 se lancer dans l\u2019aventure. \u00ab\u00a0J\u2019avais rejoint la plateforme Fulgure sur internet, qui r\u00e9unissait des personnes aimant \u00e9crire. On \u00e9tait limit\u00e9s \u00e0 1\u00a0000 caract\u00e8res et on recevait les critiques des autres, sur le fond et la forme. \u00c7a m\u2019a beaucoup aid\u00e9 dans mon processus d\u2019\u00e9criture.\u00a0\u00bb<\/p>\n<p>En 2007, il tombe sur une annonce\u00a0: le quotidien local cherche des correspondants sur Eybens. \u00ab\u00a0J\u2019ai pouss\u00e9 la porte de l\u2019agence \u00e9chirolloise du Dauphin\u00e9 Lib\u00e9r\u00e9, qui \u00e9tait \u00e0 l\u2019\u00e9poque install\u00e9e pr\u00e8s du Path\u00e9\u00a0\u00bb.<\/p>\n<p>Son premier reportage s\u2019est fait sur la rentr\u00e9e des associations. \u00ab\u00a0On \u00e9tait deux \u00e0 couvrir l\u2019\u00e9v\u00e9nement. J\u2019ai trouv\u00e9 \u00e7a sympa.\u00a0\u00bb Au fil des sujets, \u00ab\u00a0j\u2019ai vu que mes textes \u00e9taient publi\u00e9s sans grosses modifications, que mes photos aussi\u2026 J\u2019ai pris confiance en moi\u00a0\u00bb et poursuivi l\u2019exp\u00e9rience.<\/p>\n<p>\u00ab\u00a0J\u2019avais beau habiter \u00e0 Eybens depuis longtemps, je me suis rendu compte que je ne connaissais pas ma ville. J\u2019ai donc pris beaucoup de contacts, jusqu\u2019\u00e0 me cr\u00e9er un gros carnet d\u2019adresses et je me suis immerg\u00e9 dans cette activit\u00e9.\u00a0\u00bb<\/p>\n<p>  \u00ab\u00a0L\u2019aviation me passionne depuis gamin\u00a0\u00bb<\/p>\n<p>L\u2019occasion de d\u00e9couvrir \u00ab\u00a0le gros tissu associatif\u00a0\u00bb de la commune, de parler politique, urbanisme, culture, commerces\u2026<\/p>\n<p>Le tout en ayant un m\u00e9tier en parall\u00e8le\u00a0: \u00ab\u00a0Je suis fonctionnaire et ma hi\u00e9rarchie m\u2019a donn\u00e9 le feu vert, \u00e0 condition que \u00e7a n\u2019empi\u00e8te pas sur mes fonctions. Mon poste me permet de fa\u00e7onner mon emploi du temps et de m\u2019organiser pour mes reportages\u00a0\u00bb.<\/p>\n<p>Il y a aussi la vie de famille, qu\u2019il ne n\u00e9glige pas. \u00ab\u00a0Avant de me lancer, j\u2019en ai \u00e9videmment parl\u00e9 \u00e0 mon \u00e9pouse et \u00e0 mes enfants et \u00e7a a \u00e9t\u00e9 bien accept\u00e9.\u00a0\u00bb Une de ses deux filles s\u2019est d\u2019ailleurs laiss\u00e9e tenter et a \u00e9t\u00e9 correspondante pour le journal pendant quatre ou cinq ans.<\/p>\n<p>En presque deux d\u00e9cennies \u00e0 relater l\u2019actualit\u00e9 locale, Philippe Andr\u00e9ol\u00e9ty ne compte plus les reportages, qu\u2019il effectue aussi du c\u00f4t\u00e9 de Bresson et de Poisat, mais il se souvient de quelques moments marquants, comme ce d\u00e9part r\u00e9el du Tour de France donn\u00e9 \u00e0 Eybens, il y a une dizaine d\u2019ann\u00e9es. \u00ab\u00a0Les pompiers \u00e9taient en gr\u00e8ve et avaient fait p\u00e9ter des fumig\u00e8nes dans la mont\u00e9e de Tavernolles. J\u2019ai gard\u00e9 des photos du directeur du Tour et des coureurs qui sortent de ce nuage de fum\u00e9e\u2026 C\u2019\u00e9tait impressionnant.\u00a0\u00bb<\/p>\n<p>Son appareil photo, il le sort aussi pour capturer les moments li\u00e9s \u00e0 sa grande passion\u00a0: l\u2019aviation. \u00ab\u00a0J\u2019adore \u00e7a depuis gamin. Je suis capable d\u2019aller au pied des pistes pour faire un beau clich\u00e9.\u00a0\u00bb Ou d\u2019embarquer dans un avion de tourisme pour survoler les lacs savoyards. \u00ab\u00a0Mes amis m\u2019avaient offert ce vol pour mes 50 ans. Sauf que j\u2019ai eu la peur de ma vie. La porti\u00e8re du pilote s\u2019est ouverte au d\u00e9collage !\u00a0\u00bb<\/p>\n<p>Moins dangereux, Philippe est pr\u00e9sident de l\u2019association \u201cLa main \u00e0 la p\u00e2te\u201d qui fait vivre le four \u00e0 pain d\u2019Eybens et il d\u00e9vore aussi les polars, qu\u2019il peut feuilleter en compagnie de son chat Gapian. \u00ab\u00a0\u00c7a veut dire contrebandier en patois savoyard. On l\u2019a r\u00e9cup\u00e9r\u00e9 avec son fr\u00e8re pr\u00e8s du chalet familial. Sa maman \u00e9tait morte\u2026 On a trouv\u00e9 un foyer \u00e0 son fr\u00e8re\u00a0\u00bb et l\u2019autre matou a int\u00e9gr\u00e9 celui de Philippe. \u00ab\u00a0Depuis, il nous suit de partout.\u00a0\u00bb Enfin presque.<\/p>\n<p>Sur le terrain du reportage, Philippe n\u2019emporte que son carnet de notes et son appareil photo. Et \u00e0 61 ans, \u00ab\u00a0et \u00e0 quelques ann\u00e9es seulement de la retraite\u00a0\u00bb, il compte bien poursuivre l\u2019aventure de correspondant local de presse plusieurs ann\u00e9es encore.<\/p>\n","protected":false},"excerpt":{"rendered":"D\u2019habitude, c\u2019est lui qui interroge les gens, prend des notes et fait poser ses interlocuteurs. Pour une fois,&hellip;\n","protected":false},"author":2,"featured_media":295794,"comment_status":"","ping_status":"","sticky":false,"template":"","format":"standard","meta":{"footnotes":""},"categories":[9566],"tags":[34254,1111,11,2430,1687,112,1777,674,12390,1011,27,2731,108,7000,12,25,104,2205],"class_list":{"0":"post-295793","1":"post","2":"type-post","3":"status-publish","4":"format-standard","5":"has-post-thumbnail","7":"category-grenoble","8":"tag-80-ans-du-dauphine-libere","9":"tag-actu","10":"tag-actualites","11":"tag-auvergne-rhone-alpes","12":"tag-culture-loisirs","13":"tag-edition-grenoble-agglomeration","14":"tag-eu","15":"tag-europe","16":"tag-eybens","17":"tag-fr","18":"tag-france","19":"tag-grenoble","20":"tag-isere","21":"tag-lagglomeration","22":"tag-news","23":"tag-republique-francaise","24":"tag-societe","25":"tag-television-medias"},"share_on_mastodon":{"url":"https:\/\/pubeurope.com\/@fr\/114970665019403476","error":""},"_links":{"self":[{"href":"https:\/\/www.europesays.com\/fr\/wp-json\/wp\/v2\/posts\/295793","targetHints":{"allow":["GET"]}}],"collection":[{"href":"https:\/\/www.europesays.com\/fr\/wp-json\/wp\/v2\/posts"}],"about":[{"href":"https:\/\/www.europesays.com\/fr\/wp-json\/wp\/v2\/types\/post"}],"author":[{"embeddable":true,"href":"https:\/\/www.europesays.com\/fr\/wp-json\/wp\/v2\/users\/2"}],"replies":[{"embeddable":true,"href":"https:\/\/www.europesays.com\/fr\/wp-json\/wp\/v2\/comments?post=295793"}],"version-history":[{"count":0,"href":"https:\/\/www.europesays.com\/fr\/wp-json\/wp\/v2\/posts\/295793\/revisions"}],"wp:featuredmedia":[{"embeddable":true,"href":"https:\/\/www.europesays.com\/fr\/wp-json\/wp\/v2\/media\/295794"}],"wp:attachment":[{"href":"https:\/\/www.europesays.com\/fr\/wp-json\/wp\/v2\/media?parent=295793"}],"wp:term":[{"taxonomy":"category","embeddable":true,"href":"https:\/\/www.europesays.com\/fr\/wp-json\/wp\/v2\/categories?post=295793"},{"taxonomy":"post_tag","embeddable":true,"href":"https:\/\/www.europesays.com\/fr\/wp-json\/wp\/v2\/tags?post=295793"}],"curies":[{"name":"wp","href":"https:\/\/api.w.org\/{rel}","templated":true}]}}