{"id":295796,"date":"2025-08-04T13:12:13","date_gmt":"2025-08-04T13:12:13","guid":{"rendered":"https:\/\/www.europesays.com\/fr\/295796\/"},"modified":"2025-08-04T13:12:13","modified_gmt":"2025-08-04T13:12:13","slug":"un-chantier-demarre-avenue-georges-graff-le-point-sur-les-travaux-et-la-circulation-a-rennes","status":"publish","type":"post","link":"https:\/\/www.europesays.com\/fr\/295796\/","title":{"rendered":"Un chantier d\u00e9marre avenue Georges-Graff. Le point sur les travaux et la circulation \u00e0 Rennes"},"content":{"rendered":"<p>Un chantier d\u00e9marre ce lundi 4\u00a0ao\u00fbt et jusqu\u2019au 3\u00a0octobre 2025, avenue Georges-Graff, pour la r\u00e9alisation de travaux sur le r\u00e9seau de chauffage urbain. Voici la liste des autres secteurs de Rennes (Ille-et-Vilaine) concern\u00e9s, cette semaine, par les travaux.<\/p>\n<p>Voici un point sur les <a target=\"_self\" href=\"https:\/\/rennes.maville.com\/actu\/actudet_-a-rennes-des-travaux-compliquent-la-circulation-pres-du-pont-de-nantes-_7-6915596_actu.Htm?utm_source=troove&amp;utm_medium=site\" rel=\"noopener\">travaux men\u00e9s cette semaine<\/a> sur les voies de circulation de <a target=\"_self\" href=\"https:\/\/rennes.maville.com\/info\/info-locale\/\" rel=\"noopener\">Rennes (Ille-et-Vilaine)<\/a>.<\/p>\n<p>Avenue Georges-Graff<\/p>\n<p>Circulation interdite entre l\u2019all\u00e9e Pierre-de-Coubertin et le boulevard Albert-1er (travaux sur le r\u00e9seau de chauffage urbain). D\u00e9viation par le boulevard Albert-1er, la rue de Belgique et l\u2019all\u00e9e Pierre-de-Coubertin.<\/p>\n<p>Avenue du G\u00e9n\u00e9ral-Patton<\/p>\n<p>Circulation interdite entre le boulevard d\u2019Armorique et la rue Fran\u00e7ois-Duine (s\u00e9curisation du carrefour). D\u00e9viation par l\u2019avenue de Rochester, la rue de Foug\u00e8res et le boulevard Volney.<\/p>\n<p>Rue de Ch\u00e2teaugiron<\/p>\n<p>Circulation interdite entre la rue de la Sauvaie et la rocade sud (am\u00e9nagement du R\u00e9seau express v\u00e9lo Rennes). D\u00e9viation par le boulevard Paul-Hutin-Desgr\u00e9es, la rue de Vern et la rocade sud.<\/p>\n<p>Boulevard Villebois-Mareuil<\/p>\n<p>Circulation interdite entre l\u2019avenue Gaston-Monnerville et la rue Louis-Coquillet (maintenance sur un ouvrage d\u2019art). D\u00e9viation par l\u2019avenue Monseigneur-Mou\u00e9zy, la rue de Ch\u00e2teaugiron, la rue Saint-H\u00e9lier, le boulevard Ren\u00e9-La\u00ebnnec et les avenues Sergent-Maginot ou Aristide-Briand\u00a0; d\u00e9viation par l\u2019est rue Auguste-Pavie, rue de Bray, boulevard des Alli\u00e9s, avenue des Pr\u00e9ales et avenue Fran\u00e7ois-Ch\u00e2teau.<\/p>\n<p>Boulevard de la Tour-d\u2019Auvergne<\/p>\n<p>Circulation interdite dans le sens sud &gt;\u00a0nord, au niveau du boulevard de Guines (travaux sur le r\u00e9seau de chauffage urbain). D\u00e9viation par les boulevards du Colombier, de Beaumont, Magenta et Libert\u00e9.<\/p>\n<p>Boulevard de Guines<\/p>\n<p>Circulation interdite entre les boulevards de la Tour-d\u2019Auvergne et Saint-Cowo\u00efon (travaux sur le r\u00e9seau de chauffage urbain). Dans le sens ouest &gt;\u00a0est, d\u00e9viation par le boulevard Saint-Cowo\u00efon, la rue Pierre-Ab\u00e9lard et le boulevard de la\u00a0Tour-d\u2019Auvergne. Dans le sens est &gt;\u00a0ouest, d\u00e9viation du boulevard de la Tour-d\u2019Auvergne.<\/p>\n<p>Boulevard de Vitr\u00e9<\/p>\n<p>Circulation interdite entre l\u2019avenue du G\u00e9n\u00e9ral-Leclerc et la rue du Bois-Perrin (travaux de r\u00e9seaux). D\u00e9viation par l\u2019avenue du G\u00e9n\u00e9ral-Leclerc, la rue Beaumarchais et la rue Danton.<\/p>\n<p>Avenue Charles-et-Raymonde-Tillon<\/p>\n<p>Chauss\u00e9e r\u00e9duite \u00e0 l\u2019intersection de l\u2019avenue Churchill (intervention sur le r\u00e9seau d\u2019eau potable). D\u00e9viation par la rue d\u2019Alsace et le cours du Pr\u00e9sident-Kennedy.<\/p>\n<p>Rue de Lorient<\/p>\n<p>Chauss\u00e9e r\u00e9duite jusqu\u2019au 8\u00a0ao\u00fbt entre la rocade et le boulevard Marbeuf (intervention sur le r\u00e9seau d\u2019eau potable).<\/p>\n<p>Rue de Saint-Malo<\/p>\n<p>Circulation interdite dans le sens sud &gt;\u00a0nord entre la rue Legraverend et le passage Jeanne-Chauveau (construction d\u2019un immeuble). D\u00e9viation par les rues de l\u2019H\u00f4tel-Dieu, d\u2019Antrain et de Saint-Martin.<\/p>\n<p>\u00a0<\/p>\n","protected":false},"excerpt":{"rendered":"Un chantier d\u00e9marre ce lundi 4\u00a0ao\u00fbt et jusqu\u2019au 3\u00a0octobre 2025, avenue Georges-Graff, pour la r\u00e9alisation de travaux sur&hellip;\n","protected":false},"author":2,"featured_media":295797,"comment_status":"","ping_status":"","sticky":false,"template":"","format":"standard","meta":{"footnotes":""},"categories":[2821],"tags":[1111,11,43600,829,4107,3542,27051,1777,674,1011,27,43601,12,584,25,2086],"class_list":{"0":"post-295796","1":"post","2":"type-post","3":"status-publish","4":"format-standard","5":"has-post-thumbnail","7":"category-rennes","8":"tag-actu","9":"tag-actualites","10":"tag-avenue","11":"tag-bretagne","12":"tag-chantier","13":"tag-circulation","14":"tag-demarre","15":"tag-eu","16":"tag-europe","17":"tag-fr","18":"tag-france","19":"tag-georges-graff","20":"tag-news","21":"tag-rennes","22":"tag-republique-francaise","23":"tag-travaux"},"share_on_mastodon":{"url":"https:\/\/pubeurope.com\/@fr\/114970672713339661","error":""},"_links":{"self":[{"href":"https:\/\/www.europesays.com\/fr\/wp-json\/wp\/v2\/posts\/295796","targetHints":{"allow":["GET"]}}],"collection":[{"href":"https:\/\/www.europesays.com\/fr\/wp-json\/wp\/v2\/posts"}],"about":[{"href":"https:\/\/www.europesays.com\/fr\/wp-json\/wp\/v2\/types\/post"}],"author":[{"embeddable":true,"href":"https:\/\/www.europesays.com\/fr\/wp-json\/wp\/v2\/users\/2"}],"replies":[{"embeddable":true,"href":"https:\/\/www.europesays.com\/fr\/wp-json\/wp\/v2\/comments?post=295796"}],"version-history":[{"count":0,"href":"https:\/\/www.europesays.com\/fr\/wp-json\/wp\/v2\/posts\/295796\/revisions"}],"wp:featuredmedia":[{"embeddable":true,"href":"https:\/\/www.europesays.com\/fr\/wp-json\/wp\/v2\/media\/295797"}],"wp:attachment":[{"href":"https:\/\/www.europesays.com\/fr\/wp-json\/wp\/v2\/media?parent=295796"}],"wp:term":[{"taxonomy":"category","embeddable":true,"href":"https:\/\/www.europesays.com\/fr\/wp-json\/wp\/v2\/categories?post=295796"},{"taxonomy":"post_tag","embeddable":true,"href":"https:\/\/www.europesays.com\/fr\/wp-json\/wp\/v2\/tags?post=295796"}],"curies":[{"name":"wp","href":"https:\/\/api.w.org\/{rel}","templated":true}]}}