{"id":295798,"date":"2025-08-04T13:13:09","date_gmt":"2025-08-04T13:13:09","guid":{"rendered":"https:\/\/www.europesays.com\/fr\/295798\/"},"modified":"2025-08-04T13:13:09","modified_gmt":"2025-08-04T13:13:09","slug":"stade-rennais-olympique-de-marseille-la-billetterie-grand-public-ouvrira-mercredi","status":"publish","type":"post","link":"https:\/\/www.europesays.com\/fr\/295798\/","title":{"rendered":"Stade Rennais &#8211; Olympique de Marseille\u00a0: la billetterie grand public ouvrira mercredi"},"content":{"rendered":"<p>Toujours en pleine pr\u00e9paration estivale et <a href=\"https:\/\/rennes.maville.com\/sport\/detail_--ni-chaud-ni-froid-que-disent-les-supporters-de-l-arrivee-de-merlin-et-rongier-au-stade-rennais-_7-6918983_actu.Htm\" target=\"_blank\" rel=\"noopener\">fort de ses nouvelles recrues<\/a>, le Stade Rennais peaufine les derniers r\u00e9glages avant la reprise de la Ligue 1\u00a0McDonald\u2019s, pr\u00e9vue le vendredi 15\u00a0ao\u00fbt 2025, \u00e0 21\u00a0h, au Roazhon Park.<\/p>\n<p><strong>Lire aussi\u00a0:<\/strong> <a href=\"https:\/\/rennes.maville.com\/sport\/detail_-stade-rennais.-meme-de-l-autre-cote-des-pyrenees-les-rouge-et-noir-etaient-en-terrain-connu-_7-6923116_actu.Htm\" target=\"_blank\" rel=\"noopener\">Stade Rennais. M\u00eame de l\u2019autre c\u00f4t\u00e9 des Pyr\u00e9n\u00e9es, les Rouge et Noir \u00e9taient en terrain connu<\/a><\/p>\n<p>Le tarif des places inconnu<\/p>\n<p>Pour cette premi\u00e8re sortie de la saison \u00e0 domicile, les Rouges et noirs accueilleront un \u00ab\u00a0gros\u00a0\u00bb du championnat, \u00e0 savoir l\u2019Olympique de Marseille. Si l\u2019affiche enchante plus d\u2019un supporter pas s\u00fbr que tout le monde puisse avoir le pr\u00e9cieux s\u00e9same pour p\u00e9n\u00e9trer dans le stade. Mais pour mettre toutes les chances de votre c\u00f4t\u00e9, il ne faudra pas oublier la date d\u2019ouverture de la billetterie grand public. Les f\u00e9rus de ballon rond pourront se connecter mercredi 6\u00a0ao\u00fbt 2025, \u00e0 14\u00a0h, sur le site du Stade Rennais pour tenter d\u2019obtenir des places.<\/p>\n<p>Aucune communication concernant le tarif n\u2019a \u00e9t\u00e9 faite par le club pour l\u2019instant.<\/p>\n<p>\u00a0<\/p>\n","protected":false},"excerpt":{"rendered":"Toujours en pleine pr\u00e9paration estivale et fort de ses nouvelles recrues, le Stade Rennais peaufine les derniers r\u00e9glages&hellip;\n","protected":false},"author":2,"featured_media":295799,"comment_status":"","ping_status":"","sticky":false,"template":"","format":"standard","meta":{"footnotes":""},"categories":[2821],"tags":[1111,11,13940,829,1777,674,1011,27,2515,884,6774,12,32699,16089,3532,13658,584,25,2858],"class_list":{"0":"post-295798","1":"post","2":"type-post","3":"status-publish","4":"format-standard","5":"has-post-thumbnail","7":"category-rennes","8":"tag-actu","9":"tag-actualites","10":"tag-billetterie","11":"tag-bretagne","12":"tag-eu","13":"tag-europe","14":"tag-fr","15":"tag-france","16":"tag-grand","17":"tag-marseille","18":"tag-mercredi","19":"tag-news","20":"tag-olympique","21":"tag-ouvrira","22":"tag-public","23":"tag-rennais","24":"tag-rennes","25":"tag-republique-francaise","26":"tag-stade"},"share_on_mastodon":{"url":"https:\/\/pubeurope.com\/@fr\/114970676658312936","error":""},"_links":{"self":[{"href":"https:\/\/www.europesays.com\/fr\/wp-json\/wp\/v2\/posts\/295798","targetHints":{"allow":["GET"]}}],"collection":[{"href":"https:\/\/www.europesays.com\/fr\/wp-json\/wp\/v2\/posts"}],"about":[{"href":"https:\/\/www.europesays.com\/fr\/wp-json\/wp\/v2\/types\/post"}],"author":[{"embeddable":true,"href":"https:\/\/www.europesays.com\/fr\/wp-json\/wp\/v2\/users\/2"}],"replies":[{"embeddable":true,"href":"https:\/\/www.europesays.com\/fr\/wp-json\/wp\/v2\/comments?post=295798"}],"version-history":[{"count":0,"href":"https:\/\/www.europesays.com\/fr\/wp-json\/wp\/v2\/posts\/295798\/revisions"}],"wp:featuredmedia":[{"embeddable":true,"href":"https:\/\/www.europesays.com\/fr\/wp-json\/wp\/v2\/media\/295799"}],"wp:attachment":[{"href":"https:\/\/www.europesays.com\/fr\/wp-json\/wp\/v2\/media?parent=295798"}],"wp:term":[{"taxonomy":"category","embeddable":true,"href":"https:\/\/www.europesays.com\/fr\/wp-json\/wp\/v2\/categories?post=295798"},{"taxonomy":"post_tag","embeddable":true,"href":"https:\/\/www.europesays.com\/fr\/wp-json\/wp\/v2\/tags?post=295798"}],"curies":[{"name":"wp","href":"https:\/\/api.w.org\/{rel}","templated":true}]}}