{"id":295806,"date":"2025-08-04T13:18:09","date_gmt":"2025-08-04T13:18:09","guid":{"rendered":"https:\/\/www.europesays.com\/fr\/295806\/"},"modified":"2025-08-04T13:18:09","modified_gmt":"2025-08-04T13:18:09","slug":"un-chateau-du-xixe-siecle-en-proie-aux-flammes-depuis-dimanche-soir","status":"publish","type":"post","link":"https:\/\/www.europesays.com\/fr\/295806\/","title":{"rendered":"un ch\u00e2teau du XIXe si\u00e8cle en proie aux flammes depuis dimanche soir"},"content":{"rendered":"<p>L\u2019op\u00e9ration d\u2019extinction du feu de cette demeure d\u00e9saffect\u00e9e situ\u00e9e \u00e0 Bouguenais a \u00e9t\u00e9 difficile pour les soldats du feu. Une partie de la toiture s\u2019est effondr\u00e9e. Dix pompiers sont toujours mobilis\u00e9s.<\/p>\n<p class=\"fig-paragraph\">Des pompiers sont mobilis\u00e9s depuis dimanche soir pour un incendie au ch\u00e2teau de Bougon, dans la commune de\u00a0<a href=\"http:\/\/www.lefigaro.fr\/nantes\/bouguenais-cette-commune-de-loire-atlantique-qui-ne-veut-pas-d-un-centre-de-retention-pour-les-etrangers-20230622\" target=\"_blank\" data-fig-type=\"Article\" rel=\"noopener nofollow\" data-gtm-custom-categorie=\"navigation\" data-gtm-custom-action=\"crossclick\" data-gtm-custom-label=\"Contextuel\" data-gtm-event=\"customEventSPE\" data-fig-domain=\"LEFIGARO\">Bouguenais<\/a>, \u00e0 proximit\u00e9 de\u00a0<a href=\"http:\/\/www.lefigaro.fr\/nantes\/elle-fait-sienne-l-ideologie-decroissante-passe-d-armes-entre-la-maire-de-nantes-et-la-region-au-sujet-du-developpement-de-l-aeroport-20250722\" target=\"_blank\" data-fig-type=\"NewsFlash\" rel=\"noopener nofollow\" data-gtm-custom-categorie=\"navigation\" data-gtm-custom-action=\"crossclick\" data-gtm-custom-label=\"Contextuel\" data-gtm-event=\"customEventSPE\" data-fig-domain=\"LEFIGARO\">l\u2019a\u00e9roport de Nantes<\/a>. Vers 19h45, les soldats du feu sont intervenus \u00abpour un feu dans un ch\u00e2teau d\u00e9saffect\u00e9 d\u2019une emprise au sol de 250 m\u00e8tres carr\u00e9s environ\u00bb, a communiqu\u00e9 le centre op\u00e9rationnel d\u00e9partemental d\u2019incendie et de secours de Loire-Atlantique lundi matin.<\/p>\n<p class=\"fig-paragraph\">\u00ab\u00c0 leur arriv\u00e9e sur les lieux, le b\u00e2timent \u00e9tait totalement embras\u00e9 avec une propagation en cous \u00e0 la v\u00e9g\u00e9tation environnante\u00bb, est-il d\u00e9taill\u00e9 dans le bilan d\u2019intervention, mobilisant cette nuit 33 sapeurs-pompiers. S\u2019il n\u2019y a pas eu de victime, l\u2019extinction \u00aba \u00e9t\u00e9 rendue complexe et de longue dur\u00e9e en raison de chutes de mat\u00e9riaux et de l\u2019effondrement d\u2019une partie de la toiture\u00bb, expliquent les secours. Lundi midi, ils n\u2019\u00e9taient plus que dix sur les lieux et \u00ables op\u00e9rations d\u2019extinction se [poursuivaient]\u00bb.<\/p>\n<p>                                    <a class=\"fig-a11y-skip a11y-hidden\" href=\"#fig-a11y-skip-main-inarticle\"><br \/>\n        Passer la publicit\u00e9<br \/>\n    <\/a><\/p>\n<p>D\u00e9j\u00e0 incendi\u00e9<\/p>\n<p class=\"fig-paragraph\"><a href=\"https:\/\/www.bouguenais.fr\/sites\/default\/files\/media\/downloads\/Chronique%20de%20village%20La%20Ville%20au%20Denis.pdf\" target=\"_blank\" rel=\"noopener nofollow\" data-gtm-custom-categorie=\"navigation\" data-gtm-custom-action=\"crossclick\" data-gtm-custom-label=\"Contextuel\" data-gtm-event=\"customEventSPE\">Le ch\u00e2teau de Bougon<\/a>\u00a0a \u00e9t\u00e9 \u00e9rig\u00e9 au XIXe si\u00e8cle par Paul Renaud, un constructeur-m\u00e9canicien. Apr\u00e8s avoir acquis 110 hectares de terrain en 1864 et ras\u00e9 un ancien ch\u00e2teau incendi\u00e9 lors de la R\u00e9volution, ce Nantais ayant fait fortune dans le machinisme agricole s\u2019est fait construire une demeure. D\u2019apr\u00e8s\u00a0<a href=\"https:\/\/www.ouest-france.fr\/pays-de-la-loire\/nantes-44000\/aeroport-de-nantes\/laeroport-de-nantes-atlantique-sappelait-autrefois-chateau-bougon-99300b9a-6e7d-11ee-97d6-d90367762e60\" target=\"_blank\" rel=\"noopener nofollow\" data-gtm-custom-categorie=\"navigation\" data-gtm-custom-action=\"crossclick\" data-gtm-custom-label=\"Contextuel\" data-gtm-event=\"customEventSPE\">Ouest France<\/a>, sa fille, h\u00e9riti\u00e8re du ch\u00e2teau, en fut expuls\u00e9e par les Allemands en 1940. Bombard\u00e9 en 1943 par les Alli\u00e9s puis repris par l\u2019Arm\u00e9e de l\u2019air fran\u00e7aise, le site \u00e0 l\u2019abandon situ\u00e9 sur un terrain contr\u00f4l\u00e9 par la Direction g\u00e9n\u00e9rale de l\u2019Aviation civile (DGAC) a d\u00e9j\u00e0 \u00e9t\u00e9 victime d\u2019un incendie en 2007.\u00a0<a href=\"https:\/\/guide-urbex.com\/\" target=\"_blank\" rel=\"noopener nofollow\" data-gtm-custom-categorie=\"navigation\" data-gtm-custom-action=\"crossclick\" data-gtm-custom-label=\"Contextuel\" data-gtm-event=\"customEventSPE\">R\u00e9f\u00e9renc\u00e9<\/a>\u00a0sur un guide\u00a0<a href=\"http:\/\/www.lefigaro.fr\/actualite-france\/c-est-du-vandalisme-l-urbex-cette-aventure-qui-oublie-l-existence-des-proprietaires-20240508\" target=\"_blank\" data-fig-type=\"Article\" rel=\"noopener nofollow\" data-gtm-custom-categorie=\"navigation\" data-gtm-custom-action=\"crossclick\" data-gtm-custom-label=\"Contextuel\" data-gtm-event=\"customEventSPE\" data-fig-domain=\"LEFIGARO\">Urbex<\/a>, le lieu fait parfois l\u2019objet d\u2019intrusions. Pour l\u2019heure, l\u2019origine de ce nouvel incendie n\u2019est pas connue.<\/p>\n<p class=\"fig-paragraph\">Plus d\u2019informations \u00e0 suivre&#8230;<\/p>\n","protected":false},"excerpt":{"rendered":"L\u2019op\u00e9ration d\u2019extinction du feu de cette demeure d\u00e9saffect\u00e9e situ\u00e9e \u00e0 Bouguenais a \u00e9t\u00e9 difficile pour les soldats du&hellip;\n","protected":false},"author":2,"featured_media":295807,"comment_status":"","ping_status":"","sticky":false,"template":"","format":"standard","meta":{"footnotes":""},"categories":[2818],"tags":[1111,11,1777,674,1011,27,1310,766,12,2636,25],"class_list":{"0":"post-295806","1":"post","2":"type-post","3":"status-publish","4":"format-standard","5":"has-post-thumbnail","7":"category-nantes","8":"tag-actu","9":"tag-actualites","10":"tag-eu","11":"tag-europe","12":"tag-fr","13":"tag-france","14":"tag-incendie","15":"tag-nantes","16":"tag-news","17":"tag-pays-de-la-loire","18":"tag-republique-francaise"},"share_on_mastodon":{"url":"https:\/\/pubeurope.com\/@fr\/114970696374475133","error":""},"_links":{"self":[{"href":"https:\/\/www.europesays.com\/fr\/wp-json\/wp\/v2\/posts\/295806","targetHints":{"allow":["GET"]}}],"collection":[{"href":"https:\/\/www.europesays.com\/fr\/wp-json\/wp\/v2\/posts"}],"about":[{"href":"https:\/\/www.europesays.com\/fr\/wp-json\/wp\/v2\/types\/post"}],"author":[{"embeddable":true,"href":"https:\/\/www.europesays.com\/fr\/wp-json\/wp\/v2\/users\/2"}],"replies":[{"embeddable":true,"href":"https:\/\/www.europesays.com\/fr\/wp-json\/wp\/v2\/comments?post=295806"}],"version-history":[{"count":0,"href":"https:\/\/www.europesays.com\/fr\/wp-json\/wp\/v2\/posts\/295806\/revisions"}],"wp:featuredmedia":[{"embeddable":true,"href":"https:\/\/www.europesays.com\/fr\/wp-json\/wp\/v2\/media\/295807"}],"wp:attachment":[{"href":"https:\/\/www.europesays.com\/fr\/wp-json\/wp\/v2\/media?parent=295806"}],"wp:term":[{"taxonomy":"category","embeddable":true,"href":"https:\/\/www.europesays.com\/fr\/wp-json\/wp\/v2\/categories?post=295806"},{"taxonomy":"post_tag","embeddable":true,"href":"https:\/\/www.europesays.com\/fr\/wp-json\/wp\/v2\/tags?post=295806"}],"curies":[{"name":"wp","href":"https:\/\/api.w.org\/{rel}","templated":true}]}}