{"id":295808,"date":"2025-08-04T13:19:17","date_gmt":"2025-08-04T13:19:17","guid":{"rendered":"https:\/\/www.europesays.com\/fr\/295808\/"},"modified":"2025-08-04T13:19:17","modified_gmt":"2025-08-04T13:19:17","slug":"nantes-juges-discriminatoires-pour-les-femmes-linstallation-de-nouveaux-uritrottoirs-refusee-par-la-metropole","status":"publish","type":"post","link":"https:\/\/www.europesays.com\/fr\/295808\/","title":{"rendered":"Nantes : jug\u00e9s \u00ab discriminatoires pour les femmes \u00bb, l\u2019installation de nouveaux uritrottoirs refus\u00e9e par la M\u00e9tropole"},"content":{"rendered":"<p>                                            Soci\u00e9t\u00e9\n                                                                            <\/p>\n<p>\n                                            Un certain nombre de commer\u00e7ants nantais souhaitent voir appara\u00eetre des uritrottoirs en ville, dans le but de combattre le probl\u00e8me grandissant de la salet\u00e9. Cependant, la M\u00e9tropole refuse cette proposition, arguant que ces installations pourraient discriminer les femmes.                                        <\/p>\n<p>                                                Publi\u00e9 le 4 ao\u00fbt 2025 \u00e0 13h26                                                                                            <\/p>\n<p>                                            <img loading=\"lazy\" width=\"1024\" height=\"683\" src=\"https:\/\/www.europesays.com\/fr\/wp-content\/uploads\/2025\/08\/SIPA_00873159_000003-2.jpg\" class=\"attachment-post-thumbnail size-post-thumbnail wp-post-image lazy\" alt=\"\u00c0 Nantes l\u2019installation de nouveaux uritrottoirs refus\u00e9e par la M\u00e9tropole \u00a9 SEBASTIEN SALOM GOMIS\/SIPA\" decoding=\"async\"  data-\/><\/p>\n<p>                                            \u00c0 Nantes l\u2019installation de nouveaux uritrottoirs refus\u00e9e par la M\u00e9tropole \u00a9 SEBASTIEN SALOM GOMIS\/SIPA<\/p>\n<p data-start=\"103\" data-end=\"908\">La M\u00e9tropole de <a href=\"https:\/\/www.valeursactuelles.com\/regions\/pays-de-la-loire\/loire-atlantique\/nantes\/faits-divers\/nantes-une-femme-poignardee-par-son-ex-compagnon-algerien-en-situation-irreguliere\" target=\"_blank\" rel=\"noopener nofollow\">Nantes<\/a> refuse d\u2019installer des uritrottoirs, ces urinoirs publics \u00e9cologiques, dans les rues de la ville, invoquant un risque de discrimination \u00ab envers les femmes \u00bb, comme le rapporte <a href=\"https:\/\/www.lefigaro.fr\/nantes\/nantes-la-metropole-refuse-l-installation-de-nouveaux-uritrottoirs-pres-du-quai-de-la-fosse-pour-ne-pas-discriminer-les-femmes-20250804\" target=\"_blank\" rel=\"noopener nofollow\">Le Figaro<\/a>. Il y a un an, \u00c9l\u00e9onore Kurtz, pr\u00e9sidente de l\u2019association des commer\u00e7ants du quai de la Fosse, avait sollicit\u00e9 cette installation afin de lutter contre un probl\u00e8me d\u2019insalubrit\u00e9 qui persiste.<\/p>\n<p><a href=\"https:\/\/www.valeursactuelles.com\/politique\/municipales-a-nantes-la-candidate-lfi-eclaboussee-par-une-affaire-de-viol-visant-un-militant-quelle-soutient\" class=\"h-flex h-align-items-center h-border-tb h-ptb-15\" rel=\"nofollow noopener\" target=\"_blank\">A\u00a0LIRE\u00a0Municipales \u00e0 Nantes : la candidate LFI \u00e9clabouss\u00e9e par une affaire de viol visant un militant qu\u2019elle soutient<\/a><\/p>\n<p>Retrouvez-nous sur :<\/p>\n<blockquote class=\"wp-embedded-content\" data-secret=\"GjHZ8r9mo9\">\n<p><a href=\"https:\/\/www.valeursactuelles.com\/\" rel=\"nofollow noopener\" target=\"_blank\">Accueil<\/a><\/p>\n<\/blockquote>\n<p>\u2013 Facebook :<\/p>\n<p>https:\/\/www.facebook.com\/valeursactuelles.page\u00a0\u00bb&gt;<\/p>\n<p data-start=\"103\" data-end=\"908\">En raison de l\u2019absence d\u2019emplacements adapt\u00e9s, il est courant de voir des hommes uriner contre les murs, surtout lors des soir\u00e9es estivales, apr\u00e8s avoir bu dans les bars aux alentours\u2026 \u00ab Les hommes ont l\u2019impression que ce sont leurs toilettes, d\u00e9plore la porte-parole d\u2019une dizaine de commerces aupr\u00e8s de nos confr\u00e8res. Pour les clients, ce n\u2019est pas agr\u00e9able, et l\u2019odeur est insupportable \u00bb.<\/p>\n<p>La M\u00e9tropole assume<\/p>\n<p data-start=\"935\" data-end=\"1662\">\u00ab On aimerait installer un uritrottoir, voire m\u00eame deux \u00bb, r\u00e9sume l\u2019ancienne restauratrice. Pourtant, les commer\u00e7ants ne voient pas leurs requ\u00eates aboutir. \u00ab <a href=\"https:\/\/www.valeursactuelles.com\/regions\/pays-de-la-loire\/loire-atlantique\/nantes\/faits-divers\/nantes-cetait-une-boucherie-sauvage-un-malien-interpelle-pour-avoir-decoupe-six-chevres-dans-un-parking\" target=\"_blank\" rel=\"noopener nofollow\">Nantes<\/a> M\u00e9tropole nous a r\u00e9pondu qu\u2019ils n\u2019en installaient plus, car c\u2019est discriminant \u00bb, d\u00e9clare \u00c9l\u00e9onore Kurtz.<\/p>\n<p><a href=\"https:\/\/www.valeursactuelles.com\/clubvaleurs\/politique\/nantes-la-presidente-de-region-defend-la-nuit-du-bien-commun-la-gauche-setrangle\" class=\"h-flex h-align-items-center h-border-tb h-ptb-15\" rel=\"nofollow noopener\" target=\"_blank\">A\u00a0LIRE\u00a0Nantes\u00a0: la pr\u00e9sidente de r\u00e9gion d\u00e9fend La nuit du bien commun, la gauche s\u2019\u00e9trangle<\/a><\/p>\n<p data-start=\"935\" data-end=\"1662\">Interrog\u00e9 par Le Figaro, le service public a confirm\u00e9 : \u00ab Le d\u00e9veloppement de ce type d\u2019\u00e9quipement n\u2019est pas envisag\u00e9 pour le moment. Puisque les uritrottoirs s\u2019adressent uniquement aux hommes, leur installation ne constitue pas une solution adapt\u00e9e \u00e0 l\u2019ensemble de la population. C\u2019est pourquoi la M\u00e9tropole r\u00e9fl\u00e9chit actuellement \u00e0 l\u2019implantation de toilettes publiques qui r\u00e9pondraient aux besoins de tous, et pas uniquement \u00e0 ceux des hommes. \u00bb<\/p>\n","protected":false},"excerpt":{"rendered":"Soci\u00e9t\u00e9 Un certain nombre de commer\u00e7ants nantais souhaitent voir appara\u00eetre des uritrottoirs en ville, dans le but de&hellip;\n","protected":false},"author":2,"featured_media":295809,"comment_status":"","ping_status":"","sticky":false,"template":"","format":"standard","meta":{"footnotes":""},"categories":[2818],"tags":[1111,11,11412,1777,674,1294,1011,27,2800,766,12,2636,25],"class_list":{"0":"post-295808","1":"post","2":"type-post","3":"status-publish","4":"format-standard","5":"has-post-thumbnail","7":"category-nantes","8":"tag-actu","9":"tag-actualites","10":"tag-discrimination","11":"tag-eu","12":"tag-europe","13":"tag-femme","14":"tag-fr","15":"tag-france","16":"tag-metropole","17":"tag-nantes","18":"tag-news","19":"tag-pays-de-la-loire","20":"tag-republique-francaise"},"share_on_mastodon":{"url":"https:\/\/pubeurope.com\/@fr\/114970700305881976","error":""},"_links":{"self":[{"href":"https:\/\/www.europesays.com\/fr\/wp-json\/wp\/v2\/posts\/295808","targetHints":{"allow":["GET"]}}],"collection":[{"href":"https:\/\/www.europesays.com\/fr\/wp-json\/wp\/v2\/posts"}],"about":[{"href":"https:\/\/www.europesays.com\/fr\/wp-json\/wp\/v2\/types\/post"}],"author":[{"embeddable":true,"href":"https:\/\/www.europesays.com\/fr\/wp-json\/wp\/v2\/users\/2"}],"replies":[{"embeddable":true,"href":"https:\/\/www.europesays.com\/fr\/wp-json\/wp\/v2\/comments?post=295808"}],"version-history":[{"count":0,"href":"https:\/\/www.europesays.com\/fr\/wp-json\/wp\/v2\/posts\/295808\/revisions"}],"wp:featuredmedia":[{"embeddable":true,"href":"https:\/\/www.europesays.com\/fr\/wp-json\/wp\/v2\/media\/295809"}],"wp:attachment":[{"href":"https:\/\/www.europesays.com\/fr\/wp-json\/wp\/v2\/media?parent=295808"}],"wp:term":[{"taxonomy":"category","embeddable":true,"href":"https:\/\/www.europesays.com\/fr\/wp-json\/wp\/v2\/categories?post=295808"},{"taxonomy":"post_tag","embeddable":true,"href":"https:\/\/www.europesays.com\/fr\/wp-json\/wp\/v2\/tags?post=295808"}],"curies":[{"name":"wp","href":"https:\/\/api.w.org\/{rel}","templated":true}]}}