{"id":295813,"date":"2025-08-04T13:22:11","date_gmt":"2025-08-04T13:22:11","guid":{"rendered":"https:\/\/www.europesays.com\/fr\/295813\/"},"modified":"2025-08-04T13:22:11","modified_gmt":"2025-08-04T13:22:11","slug":"toulouse-le-metro-sera-interrompu-durant-deux-soirees-voici-comment-se-deplacer","status":"publish","type":"post","link":"https:\/\/www.europesays.com\/fr\/295813\/","title":{"rendered":"Toulouse. Le m\u00e9tro sera interrompu durant deux soir\u00e9es : voici comment se d\u00e9placer"},"content":{"rendered":"<p>            Par<br \/>\n        <strong><br \/>\n            <a href=\"https:\/\/actu.fr\/auteur\/lea-afonso\" title=\"Consulter tous les articles de L\u00e9a Afonso\" target=\"_blank\" rel=\"noopener\">L\u00e9a Afonso<\/a><br \/>\n        <\/strong><\/p>\n<p>        Publi\u00e9 le<\/p>\n<p>            4 ao\u00fbt 2025 \u00e0 15h01        <\/p>\n<p>La <strong>ligne B<\/strong> du <a href=\"https:\/\/actu.fr\/tag\/metro-de-toulouse\" target=\"_blank\" rel=\"noopener\">m\u00e9tro de Toulouse<\/a> va conna\u00eetre une nouvelle <strong>interruption en soir\u00e9e<\/strong> ces mardi\u00a05 et mercredi 6\u00a0ao\u00fbt 2025. Voici quelles sont les stations concern\u00e9es et comment se d\u00e9placer.<\/p>\n<p>Sept stations concern\u00e9es<\/p>\n<p class=\" wall-content\">Sept stations au total seront concern\u00e9es par deux soir\u00e9es de fermeture de la ligne B\u2009: <strong>Borderouge, Trois Cocus, La Vache, Barri\u00e8re de Paris, Minimes Claude Nougaro, Canal du Midi, Compans Caffarelli.<\/strong><\/p>\n<p class=\" wall-content\">Le dernier d\u00e9part de Borderouge sera \u00e0 21\u2009h\u200930.<\/p>\n<p>Comment se d\u00e9placer\u2009?<\/p>\n<p class=\" wall-content\">Mais alors apr\u00e8s 21\u2009h\u200930, comment se d\u00e9placer entre les diff\u00e9rentes stations de la ville\u2009? Tiss\u00e9o pr\u00e9voit la mise en place <strong>d\u2019un bus relais B\u2019<\/strong> effectuant la liaison entre le terminus et Jean Jaur\u00e8s.<\/p>\n<p class=\" wall-content\">Voici le trac\u00e9\u2009:<\/p>\n<p>Vid\u00e9os : en ce moment sur Actu<br \/>\n    <img   decoding=\"async\" loading=\"lazy\" src=\"https:\/\/www.europesays.com\/fr\/wp-content\/uploads\/2025\/08\/capture-decran-2025-08-04-a-141548-960x640.png\" alt=\"Voici le trac\u00e9 du bus relai qui remplacera la ligne de m\u00e9tro en soir\u00e9e. \" width=\"960\" height=\"640\"\/><br \/>\n    Voici le trac\u00e9 du bus relais qui remplacera la ligne de m\u00e9tro en soir\u00e9e.<\/p>\n<p class=\" wall-content\">Avec une fr\u00e9quence de 7 \u00e0 8 minutes, le dernier d\u00e9part de Borderouge est pr\u00e9vu \u00e0 minuit et le dernier d\u00e9part de Jean Jaur\u00e8s \u00e0 00h28.<\/p>\n<p class=\" wall-content\">Suivez toute l\u2019actualit\u00e9 de vos villes et m\u00e9dias favoris en vous inscrivant \u00e0 <a href=\"https:\/\/moncompte.actu.fr\" title=\"D\u00e9couvez Mon Actu\" rel=\"nofollow noopener\" data-trk=\"{&quot;cta&quot;:{&quot;action&quot;:&quot;https:\\\/\\\/moncompte.actu.fr&quot;,&quot;category&quot;:&quot;mon compte&quot;,&quot;from&quot;:&quot;article footer&quot;,&quot;name&quot;:&quot;Mon actu&quot;,&quot;type&quot;:&quot;cta&quot;}}\" target=\"_blank\">Mon Actu<\/a>.<\/p>\n<ul class=\"ac-article-tag wall-content\">\n<li><a href=\"https:\/\/actu.fr\/tag\/metro-de-toulouse\" data-trk=\"{&quot;cta&quot;:{&quot;action&quot;:&quot;M\\u00e9tro de Toulouse&quot;,&quot;category&quot;:&quot;tag&quot;,&quot;from&quot;:&quot;article footer&quot;,&quot;name&quot;:&quot;M\\u00e9tro de Toulouse&quot;,&quot;type&quot;:&quot;cta&quot;}}\" target=\"_blank\" rel=\"noopener\">#M\u00e9tro de Toulouse<\/a><\/li>\n<li><a href=\"https:\/\/actu.fr\/tag\/tisseo\" data-trk=\"{&quot;cta&quot;:{&quot;action&quot;:&quot;Tiss\\u00e9o&quot;,&quot;category&quot;:&quot;tag&quot;,&quot;from&quot;:&quot;article footer&quot;,&quot;name&quot;:&quot;Tiss\\u00e9o&quot;,&quot;type&quot;:&quot;cta&quot;}}\" target=\"_blank\" rel=\"noopener\">#Tiss\u00e9o<\/a><\/li>\n<\/ul>\n","protected":false},"excerpt":{"rendered":"Par L\u00e9a Afonso Publi\u00e9 le 4 ao\u00fbt 2025 \u00e0 15h01 La ligne B du m\u00e9tro de Toulouse va&hellip;\n","protected":false},"author":2,"featured_media":295814,"comment_status":"","ping_status":"","sticky":false,"template":"","format":"standard","meta":{"footnotes":""},"categories":[2816],"tags":[1111,11,1777,674,1011,27,10596,12,2680,25,104,5400,2312],"class_list":{"0":"post-295813","1":"post","2":"type-post","3":"status-publish","4":"format-standard","5":"has-post-thumbnail","7":"category-toulouse","8":"tag-actu","9":"tag-actualites","10":"tag-eu","11":"tag-europe","12":"tag-fr","13":"tag-france","14":"tag-metro-de-toulouse","15":"tag-news","16":"tag-occitanie","17":"tag-republique-francaise","18":"tag-societe","19":"tag-tisseo","20":"tag-toulouse"},"share_on_mastodon":{"url":"https:\/\/pubeurope.com\/@fr\/114970712175321913","error":""},"_links":{"self":[{"href":"https:\/\/www.europesays.com\/fr\/wp-json\/wp\/v2\/posts\/295813","targetHints":{"allow":["GET"]}}],"collection":[{"href":"https:\/\/www.europesays.com\/fr\/wp-json\/wp\/v2\/posts"}],"about":[{"href":"https:\/\/www.europesays.com\/fr\/wp-json\/wp\/v2\/types\/post"}],"author":[{"embeddable":true,"href":"https:\/\/www.europesays.com\/fr\/wp-json\/wp\/v2\/users\/2"}],"replies":[{"embeddable":true,"href":"https:\/\/www.europesays.com\/fr\/wp-json\/wp\/v2\/comments?post=295813"}],"version-history":[{"count":0,"href":"https:\/\/www.europesays.com\/fr\/wp-json\/wp\/v2\/posts\/295813\/revisions"}],"wp:featuredmedia":[{"embeddable":true,"href":"https:\/\/www.europesays.com\/fr\/wp-json\/wp\/v2\/media\/295814"}],"wp:attachment":[{"href":"https:\/\/www.europesays.com\/fr\/wp-json\/wp\/v2\/media?parent=295813"}],"wp:term":[{"taxonomy":"category","embeddable":true,"href":"https:\/\/www.europesays.com\/fr\/wp-json\/wp\/v2\/categories?post=295813"},{"taxonomy":"post_tag","embeddable":true,"href":"https:\/\/www.europesays.com\/fr\/wp-json\/wp\/v2\/tags?post=295813"}],"curies":[{"name":"wp","href":"https:\/\/api.w.org\/{rel}","templated":true}]}}