{"id":295816,"date":"2025-08-04T13:25:10","date_gmt":"2025-08-04T13:25:10","guid":{"rendered":"https:\/\/www.europesays.com\/fr\/295816\/"},"modified":"2025-08-04T13:25:10","modified_gmt":"2025-08-04T13:25:10","slug":"lille-pret-a-jouer-un-mauvais-tour-a-lol-sur-greif","status":"publish","type":"post","link":"https:\/\/www.europesays.com\/fr\/295816\/","title":{"rendered":"Lille pr\u00eat \u00e0 jouer un mauvais tour \u00e0 l&rsquo;OL sur Greif ?"},"content":{"rendered":"<p>                            <img width=\"770\" height=\"433\" src=\"https:\/\/www.europesays.com\/fr\/wp-content\/uploads\/2025\/08\/AFP__20240831__2169630878__v1__HighRes__CdLeganesVRcdMallorcaLaLigaEaSports-770x433.jpg\" class=\"attachment-article size-article wp-post-image\" alt=\"Dominik Greif, gardien de Majorque\" decoding=\"async\" fetchpriority=\"high\"  \/><\/p>\n<p>Dominik Greif, gardien de Majorque (Photo by Florencia Tan Jun \/ GETTY IMAGES EUROPE \/ Getty Images via AFP)<\/p>\n<p>Dans le viseur de l&rsquo;OL depuis plusieurs jours, Dominik Greif aurait attir\u00e9 l&rsquo;attention de Lille aussi. Toutefois, le portier slovaque donnerait la priorit\u00e9 au club lyonnais.<\/p>\n<p>Si beaucoup estimaient que <strong>l&rsquo;OL <\/strong>n&rsquo;aurait pas pes\u00e9 dans le mercato, ils avaient tort. Les joueurs aussit\u00f4t partis de D\u00e9cines, <strong>l&rsquo;OL <\/strong>fait son jeu, tente de redistribuer les cartes afin de reconstruire son effectif. Le nom de Dominik <strong>Greif <\/strong>revient ces derniers temps entre Rh\u00f4ne et Sa\u00f4ne dans la qu\u00eate d&rsquo;un successeur \u00e0 Lucas <strong>Perri<\/strong>. Apr\u00e8s une premi\u00e8re approche la semaine pass\u00e9e, les dirigeants lyonnais seraient de nouveau <a href=\"https:\/\/www.olympique-et-lyonnais.com\/ol-mercato-une-offre-revue-a-la-hausse-pour-greif,374110.html\" target=\"_blank\" rel=\"noopener\">pass\u00e9s \u00e0 l&rsquo;attaque <\/a>durant le week-end avec une deuxi\u00e8me offre proche des quatre millions d&rsquo;euros. Suffisant pour faire pencher la balance ? <strong>Majorque<\/strong> semble faire jouer la montre, dans l&rsquo;espoir de pourquoi pas faire monter les ench\u00e8res. Cela tombe bien puisque <strong>Lille<\/strong> serait r\u00e9cemment venu aux renseignements d&rsquo;apr\u00e8s le m\u00e9dia espagnol \u00ab\u00a0Ultima Hora\u00a0\u00bb.<\/p>\n<p>Le Slovaque a sa pr\u00e9f\u00e9rence<\/p>\n<p><strong>C<\/strong>omme l&rsquo;OL, le <strong>LOSC<\/strong> serait en passe de perdre son gardien titulaire. Lucas <strong>Chevalier<\/strong> se rapprocherait de plus en plus du PSG et le club nordiste pense d\u00e9j\u00e0 \u00e0 l&rsquo;apr\u00e8s. Bruno <strong>Genesio<\/strong> va-t-il jouer un mauvais tour \u00e0 son ancien club? Trop t\u00f4t pour le dire, d&rsquo;autant plus que Greif \u00e9tait bien \u00e0 l&rsquo;entra\u00eenement avec Majorque ce lundi matin. Et selon les \u00e9chos espagnols, la pr\u00e9f\u00e9rence du Slovaque irait plut\u00f4t du c\u00f4t\u00e9 de la capitale des Gaules que du nord de la France.<\/p>\n<p>\t\t\t\t\t<a href=\"https:\/\/www.olympique-et-lyonnais.com\/ol-govou-tacle-les-messages-dadieux-des-joueurs,374117.html\" title=\"OL : Govou tacle les messages d&#039;adieux des joueurs\" target=\"_blank\" rel=\"noopener\"><img loading=\"lazy\" width=\"580\" height=\"326\" src=\"https:\/\/www.europesays.com\/fr\/wp-content\/uploads\/2025\/08\/000_9MT27Z-580x326.jpg\" class=\"attachment-actularge size-actularge wp-post-image\" alt=\"Sidney Govou en septembre 2021\" decoding=\"async\"  \/>\t\t\t\t\t<\/a><\/p>\n","protected":false},"excerpt":{"rendered":"Dominik Greif, gardien de Majorque (Photo by Florencia Tan Jun \/ GETTY IMAGES EUROPE \/ Getty Images via&hellip;\n","protected":false},"author":2,"featured_media":295817,"comment_status":"","ping_status":"","sticky":false,"template":"","format":"standard","meta":{"footnotes":""},"categories":[2815],"tags":[1111,11,43602,1777,674,1011,27,811,1307,1434,12,241,25],"class_list":{"0":"post-295816","1":"post","2":"type-post","3":"status-publish","4":"format-standard","5":"has-post-thumbnail","7":"category-lille","8":"tag-actu","9":"tag-actualites","10":"tag-dominik-greif","11":"tag-eu","12":"tag-europe","13":"tag-fr","14":"tag-france","15":"tag-hauts-de-france","16":"tag-lille","17":"tag-mercato","18":"tag-news","19":"tag-ol","20":"tag-republique-francaise"},"share_on_mastodon":{"url":"https:\/\/pubeurope.com\/@fr\/114970723856585286","error":""},"_links":{"self":[{"href":"https:\/\/www.europesays.com\/fr\/wp-json\/wp\/v2\/posts\/295816","targetHints":{"allow":["GET"]}}],"collection":[{"href":"https:\/\/www.europesays.com\/fr\/wp-json\/wp\/v2\/posts"}],"about":[{"href":"https:\/\/www.europesays.com\/fr\/wp-json\/wp\/v2\/types\/post"}],"author":[{"embeddable":true,"href":"https:\/\/www.europesays.com\/fr\/wp-json\/wp\/v2\/users\/2"}],"replies":[{"embeddable":true,"href":"https:\/\/www.europesays.com\/fr\/wp-json\/wp\/v2\/comments?post=295816"}],"version-history":[{"count":0,"href":"https:\/\/www.europesays.com\/fr\/wp-json\/wp\/v2\/posts\/295816\/revisions"}],"wp:featuredmedia":[{"embeddable":true,"href":"https:\/\/www.europesays.com\/fr\/wp-json\/wp\/v2\/media\/295817"}],"wp:attachment":[{"href":"https:\/\/www.europesays.com\/fr\/wp-json\/wp\/v2\/media?parent=295816"}],"wp:term":[{"taxonomy":"category","embeddable":true,"href":"https:\/\/www.europesays.com\/fr\/wp-json\/wp\/v2\/categories?post=295816"},{"taxonomy":"post_tag","embeddable":true,"href":"https:\/\/www.europesays.com\/fr\/wp-json\/wp\/v2\/tags?post=295816"}],"curies":[{"name":"wp","href":"https:\/\/api.w.org\/{rel}","templated":true}]}}