{"id":295819,"date":"2025-08-04T13:27:12","date_gmt":"2025-08-04T13:27:12","guid":{"rendered":"https:\/\/www.europesays.com\/fr\/295819\/"},"modified":"2025-08-04T13:27:12","modified_gmt":"2025-08-04T13:27:12","slug":"a-marseille-150-policiers-municipaux-supplementaires","status":"publish","type":"post","link":"https:\/\/www.europesays.com\/fr\/295819\/","title":{"rendered":"\u00c0 Marseille, 150 policiers municipaux suppl\u00e9mentaires"},"content":{"rendered":"<p>                    <img loading=\"lazy\" decoding=\"async\" src=\"https:\/\/www.europesays.com\/fr\/wp-content\/uploads\/2025\/08\/cf28b2bd430a8d75baaf98e263247f.jpg\" class=\"img-responsive post-image\" width=\"680\" height=\"510\" alt=\"\u00c0 Marseille, 150 policier\" title=\"\u00c0 Marseille, 150 policiers municipaux suppl\u00e9mentaires\"\/><\/p>\n<p class=\"chapo\">Depuis 2020, la Ville de Marseille renforce ses moyens de police et de pr\u00e9vention pour plus de tranquillit\u00e9.<\/p>\n<p>                    Recrutements, \u00e9quipements, cr\u00e9ations de brigades sp\u00e9cialis\u00e9es&#8230;<\/p>\n<p>En 2026, la police municipale aura doubl\u00e9 ses effectifs pour atteindre 800 agents, \u00e0 vos c\u00f4t\u00e9s, de jour comme de nuit.<\/p>\n<p>Servir et prot\u00e9ger, de jour comme de nuit<\/p>\n<p>Cr\u00e9\u00e9e en 1974, la police municipale de Marseille est la deuxi\u00e8me police municipale de France. Ses missions sont de servir et prot\u00e9ger de jour comme de nuit. Elle m\u00e8ne des op\u00e9rations conjointes avec la police nationale.<\/p>\n<p>La police municipale de Marseille<\/p>\n<p>S\u00e9curise l\u2019espace public, les b\u00e2timents communaux, les manifestations assure la tranquillit\u00e9 sur la voie publique et dans les aires pi\u00e9tonnes a en charge la r\u00e9gulation de la circulation et la r\u00e9pression du stationnement illicite.<\/p>\n<p>Doubler les effectifs d\u2019ici 2026<\/p>\n<p>Depuis 2020, augmentation de pr\u00e8s de 40% des effectifs.<br class=\"autobr\"\/><br \/>\nEn 2020, la Ville comptait 422 policiers municipaux.<br class=\"autobr\"\/><br \/>\nAu 15 octobre 2024, elle compte 573 policiers municipaux.<br class=\"autobr\"\/><br \/>\nL\u2019objectif en 2026 est d\u2019atteindre 800 policiers municipaux.<\/p>\n<p>Un important investissement dans l\u2019\u00e9quipement<\/p>\n<p>Parc roulant de plus de 200 v\u00e9hicules l\u00e9gers.<br class=\"autobr\"\/><br \/>\nStock de plus d\u2019un millier d\u2019armes g\u00e9r\u00e9 par des armureries informatis\u00e9es.<br class=\"autobr\"\/><br \/>\nGilets pare-balles tactiques de derni\u00e8re g\u00e9n\u00e9ration.<br class=\"autobr\"\/><br \/>\nCasque individuel de protection.<br class=\"autobr\"\/><br \/>\n345 radios num\u00e9riques.<br class=\"autobr\"\/><br \/>\n200 cam\u00e9ras pi\u00e9tons derni\u00e8re g\u00e9n\u00e9ration \u00e0 d\u00e9clenchement automatique.<br class=\"autobr\"\/><br \/>\n280 tablettes pour la verbalisation \u00e9lectronique.<\/p>\n","protected":false},"excerpt":{"rendered":"Depuis 2020, la Ville de Marseille renforce ses moyens de police et de pr\u00e9vention pour plus de tranquillit\u00e9.&hellip;\n","protected":false},"author":2,"featured_media":295820,"comment_status":"","ping_status":"","sticky":false,"template":"","format":"standard","meta":{"footnotes":""},"categories":[2814],"tags":[1111,11,2408,1777,674,1011,27,884,12,882,25],"class_list":{"0":"post-295819","1":"post","2":"type-post","3":"status-publish","4":"format-standard","5":"has-post-thumbnail","7":"category-marseille","8":"tag-actu","9":"tag-actualites","10":"tag-appels-d","11":"tag-eu","12":"tag-europe","13":"tag-fr","14":"tag-france","15":"tag-marseille","16":"tag-news","17":"tag-provence-alpes-cote-dazur","18":"tag-republique-francaise"},"share_on_mastodon":{"url":"https:\/\/pubeurope.com\/@fr\/114970731720404352","error":""},"_links":{"self":[{"href":"https:\/\/www.europesays.com\/fr\/wp-json\/wp\/v2\/posts\/295819","targetHints":{"allow":["GET"]}}],"collection":[{"href":"https:\/\/www.europesays.com\/fr\/wp-json\/wp\/v2\/posts"}],"about":[{"href":"https:\/\/www.europesays.com\/fr\/wp-json\/wp\/v2\/types\/post"}],"author":[{"embeddable":true,"href":"https:\/\/www.europesays.com\/fr\/wp-json\/wp\/v2\/users\/2"}],"replies":[{"embeddable":true,"href":"https:\/\/www.europesays.com\/fr\/wp-json\/wp\/v2\/comments?post=295819"}],"version-history":[{"count":0,"href":"https:\/\/www.europesays.com\/fr\/wp-json\/wp\/v2\/posts\/295819\/revisions"}],"wp:featuredmedia":[{"embeddable":true,"href":"https:\/\/www.europesays.com\/fr\/wp-json\/wp\/v2\/media\/295820"}],"wp:attachment":[{"href":"https:\/\/www.europesays.com\/fr\/wp-json\/wp\/v2\/media?parent=295819"}],"wp:term":[{"taxonomy":"category","embeddable":true,"href":"https:\/\/www.europesays.com\/fr\/wp-json\/wp\/v2\/categories?post=295819"},{"taxonomy":"post_tag","embeddable":true,"href":"https:\/\/www.europesays.com\/fr\/wp-json\/wp\/v2\/tags?post=295819"}],"curies":[{"name":"wp","href":"https:\/\/api.w.org\/{rel}","templated":true}]}}