{"id":295821,"date":"2025-08-04T13:28:09","date_gmt":"2025-08-04T13:28:09","guid":{"rendered":"https:\/\/www.europesays.com\/fr\/295821\/"},"modified":"2025-08-04T13:28:09","modified_gmt":"2025-08-04T13:28:09","slug":"lemploye-sans-papier-dormait-dans-larriere-boutique-cette-epicerie-fermee-par-la-prefecture","status":"publish","type":"post","link":"https:\/\/www.europesays.com\/fr\/295821\/","title":{"rendered":"l&#8217;employ\u00e9 sans papier dormait dans l&rsquo;arri\u00e8re-boutique, cette \u00e9picerie ferm\u00e9e par la pr\u00e9fecture"},"content":{"rendered":"<p itemprop=\"description\"><strong>Les clients du March\u00e9 Royal devront faire leurs emplettes ailleurs.<\/strong><\/p>\n<p>Car la pr\u00e9fecture du Rh\u00f4ne a s\u00e9vi et a ferm\u00e9 pour un mois l&rsquo;\u00e9picerie du 165 avenue F\u00e9lix-Faure, \u00e0 l&rsquo;angle de la rue Baraban dans le 3e arrondissement de Lyon.<\/p>\n<p>Cette fermeture administrative fait suite \u00e0 un contr\u00f4le de police r\u00e9alis\u00e9 le 20 juin dernier et qui a permis d&rsquo;\u00e9tablir qu&rsquo;un homme en situation irr\u00e9guli\u00e8re en France \u00e9tait employ\u00e9 par l&rsquo;\u00e9tablissement.<\/p>\n<p>Ce ressortissant tunisien n&rsquo;\u00e9tait pas d\u00e9clar\u00e9. Pire, les autorit\u00e9s ont d\u00e9couvert que le g\u00e9rant lui avait install\u00e9 un lit dans l&rsquo;arri\u00e8re-boutique pour qu&rsquo;il puisse dormir directement sur place.<\/p>\n<p>Face au silence de la direction face aux interrogations de la police, u second contr\u00f4le avait \u00e9t\u00e9 r\u00e9alis\u00e9 une semaine plus tard. Cette fois, un autre employ\u00e9 non d\u00e9clar\u00e9 avait \u00e9t\u00e9 retrouv\u00e9 sur place.<\/p>\n<p>La pr\u00e9fecture du Rh\u00f4ne a donc s\u00e9vi. D&rsquo;autant que le March\u00e9 Royal avait d\u00e9j\u00e0 \u00e9t\u00e9 \u00e9pingl\u00e9 en 2017 pour les m\u00eames raisons.<\/p>\n<blockquote class=\"twitter-tweet\"><p>&#13;<\/p>\n<p dir=\"ltr\" lang=\"fr\">\u274c La pr\u00e9f\u00e8te du Rh\u00f4ne a proc\u00e9d\u00e9 \u00e0 la fermeture d&rsquo;urgence de l&rsquo;\u00e9picerie March\u00e9 Royal (soci\u00e9t\u00e9 HB Market) \u00e0 Lyon 3, pour une dur\u00e9e de 1 mois, en raison de travail dissimul\u00e9 et emploi d&rsquo;un \u00e9tranger sans autorisation de travail salari\u00e9 sur le territoire fran\u00e7ais. <a href=\"https:\/\/t.co\/W4829lpWQl\" rel=\"nofollow\">pic.twitter.com\/W4829lpWQl<\/a><\/p>\n<p>&#13;<br \/>\n\u2014 Pr\u00e9f\u00e8te de r\u00e9gion Auvergne-Rh\u00f4ne-Alpes et du Rh\u00f4ne (@prefetrhone) <a href=\"https:\/\/twitter.com\/prefetrhone\/status\/1952305629936173123?ref_src=twsrc%5Etfw\" rel=\"nofollow noopener\" target=\"_blank\">August 4, 2025<\/a><\/p><\/blockquote>\n<p>\t\t  <script async src=\"https:\/\/platform.twitter.com\/widgets.js\" charset=\"utf-8\"><\/script><\/p>\n","protected":false},"excerpt":{"rendered":"Les clients du March\u00e9 Royal devront faire leurs emplettes ailleurs. Car la pr\u00e9fecture du Rh\u00f4ne a s\u00e9vi et&hellip;\n","protected":false},"author":2,"featured_media":295822,"comment_status":"","ping_status":"","sticky":false,"template":"","format":"standard","meta":{"footnotes":""},"categories":[1889],"tags":[1111,11,2813,2190,2430,1109,251,1112,2811,1777,674,118,1011,27,1922,1110,1114,2428,2810,12,241,316,25,2812,517,800],"class_list":{"0":"post-295821","1":"post","2":"type-post","3":"status-publish","4":"format-standard","5":"has-post-thumbnail","7":"category-lyon","8":"tag-actu","9":"tag-actualites","10":"tag-article","11":"tag-asvel","12":"tag-auvergne-rhone-alpes","13":"tag-breves","14":"tag-culture","15":"tag-depeches","16":"tag-economique","17":"tag-eu","18":"tag-europe","19":"tag-faits-divers","20":"tag-fr","21":"tag-france","22":"tag-info","23":"tag-informations","24":"tag-infos","25":"tag-lyon","26":"tag-lyonmag","27":"tag-news","28":"tag-ol","29":"tag-politique","30":"tag-republique-francaise","31":"tag-sociale","32":"tag-sport","33":"tag-transports"},"share_on_mastodon":{"url":"https:\/\/pubeurope.com\/@fr\/114970735694452823","error":""},"_links":{"self":[{"href":"https:\/\/www.europesays.com\/fr\/wp-json\/wp\/v2\/posts\/295821","targetHints":{"allow":["GET"]}}],"collection":[{"href":"https:\/\/www.europesays.com\/fr\/wp-json\/wp\/v2\/posts"}],"about":[{"href":"https:\/\/www.europesays.com\/fr\/wp-json\/wp\/v2\/types\/post"}],"author":[{"embeddable":true,"href":"https:\/\/www.europesays.com\/fr\/wp-json\/wp\/v2\/users\/2"}],"replies":[{"embeddable":true,"href":"https:\/\/www.europesays.com\/fr\/wp-json\/wp\/v2\/comments?post=295821"}],"version-history":[{"count":0,"href":"https:\/\/www.europesays.com\/fr\/wp-json\/wp\/v2\/posts\/295821\/revisions"}],"wp:featuredmedia":[{"embeddable":true,"href":"https:\/\/www.europesays.com\/fr\/wp-json\/wp\/v2\/media\/295822"}],"wp:attachment":[{"href":"https:\/\/www.europesays.com\/fr\/wp-json\/wp\/v2\/media?parent=295821"}],"wp:term":[{"taxonomy":"category","embeddable":true,"href":"https:\/\/www.europesays.com\/fr\/wp-json\/wp\/v2\/categories?post=295821"},{"taxonomy":"post_tag","embeddable":true,"href":"https:\/\/www.europesays.com\/fr\/wp-json\/wp\/v2\/tags?post=295821"}],"curies":[{"name":"wp","href":"https:\/\/api.w.org\/{rel}","templated":true}]}}