{"id":295825,"date":"2025-08-04T13:31:26","date_gmt":"2025-08-04T13:31:26","guid":{"rendered":"https:\/\/www.europesays.com\/fr\/295825\/"},"modified":"2025-08-04T13:31:26","modified_gmt":"2025-08-04T13:31:26","slug":"vague-de-chaleur-en-espagne-avec-pres-de-45-degres-la-canicule-va-t-elle-gagner-paris-et-lile-de-france","status":"publish","type":"post","link":"https:\/\/www.europesays.com\/fr\/295825\/","title":{"rendered":"Vague de chaleur en Espagne avec pr\u00e8s de 45 degr\u00e9s ! La canicule va-t-elle gagner Paris et l&rsquo;\u00cele-de-France ?"},"content":{"rendered":"<p> <img decoding=\"async\" fetchpriority=\"high\" src=\"https:\/\/www.europesays.com\/fr\/wp-content\/uploads\/2025\/08\/dailymotion-x9o536c_1024.jpg\"  width=\"768\" height=\"432\" id=\"x9o536c\"\/>  <\/p>\n<p>Des temp\u00e9ratures incroyablement \u00e9lev\u00e9es sont attendues cette semaine en Espagne, qui pourrait conna\u00eetre sa pire vague de chaleur de la saison. La canicule va peu \u00e0 peu gagner la France, mais Paris et l\u2019\u00cele-de-France seront-elles concern\u00e9es cette semaine ? Retrouvez nos pr\u00e9visions m\u00e9t\u00e9o.<\/p>\n<p>    <img decoding=\"async\" fetchpriority=\"high\" src=\"https:\/\/www.europesays.com\/fr\/wp-content\/uploads\/2025\/04\/marc-hay.jpg\" alt=\"Marc Hay\" width=\"40\" height=\"40\"\/>    <a class=\"nombre text-hv\" href=\"https:\/\/www.tameteo.com\/auteur\/marc-hay\/\" title=\"Marc Hay\" rel=\"nofollow noopener\" target=\"_blank\">Marc Hay<\/a>         04\/08\/2025 14:23   4 min   <\/p>\n<p><strong>Une vague de chaleur <\/strong>concerne depuis plusieurs jours le Portugal et l\u2019Espagne, avec des temp\u00e9ratures qui d\u00e9passent quotidiennement les<strong> 40 degr\u00e9s.<\/strong> Selon les derni\u00e8res pr\u00e9visions,<strong> la barre des 45 degr\u00e9s pourrait m\u00eame \u00eatre localement approch\u00e9e <\/strong>dans le sud de l\u2019Espagne.<\/p>\n<p>Pour l\u2019instant,<strong> la France reste relativement en marge, <\/strong>avec des temp\u00e9ratures chaudes mais encore supportables dans le sud du pays.<\/p>\n<p>Toutefois, les temp\u00e9ratures caniculaires d\u00e9j\u00e0 bien install\u00e9es en Espagne et au Portugal <strong>vont peu \u00e0 peu gagner notre territoire. <\/strong>La barre des 40 degr\u00e9s pourrait localement \u00eatre approch\u00e9e, voire franchie, <strong>en deuxi\u00e8me partie de semaine dans le sud-ouest de la <a href=\"https:\/\/www.tameteo.com\/actualites\/previsions\/tameteo.com\" rel=\"nofollow noopener\" target=\"_blank\">France<\/a>.<\/strong><\/p>\n<p>Qu\u2019en sera-t-il dans le nord du pays ? <strong>Paris et l\u2019\u00cele-de-France seront-elles touch\u00e9es par cette vague de chaleur et ces temp\u00e9ratures caniculaires ? <\/strong>\u00c0 quoi faut-il concr\u00e8tement s\u2019attendre dans la r\u00e9gion parisienne cette semaine ?<br \/>Pour le savoir, retrouvez nos toutes derni\u00e8res pr\u00e9visions dans cet article.<\/p>\n<p>Des temp\u00e9ratures relativement raisonnables pour l\u2019instant<\/p>\n<p>Au cours des prochains jours, jusqu\u2019\u00e0 mercredi inclus, <strong>les temp\u00e9ratures s\u2019annoncent plus que raisonnables sur la r\u00e9gion parisienne. <\/strong>Mardi apr\u00e8s-midi, on n\u2019attend que<strong> 24 degr\u00e9s \u00e0 <a href=\"https:\/\/www.tameteo.com\/meteo_Paris-Europe-France-Paris-LFPB-1-26048.html\" data-mrf-recirculation=\"cuerpo_intext\" rel=\"nofollow noopener\" target=\"_blank\">Paris<\/a>, <\/strong>et il faudra compter sur 26 degr\u00e9s pour la journ\u00e9e de mercredi.<\/p>\n<p><img loading=\"lazy\" decoding=\"async\" fetchpriority=\"low\" class=\"lazy \" src=\"https:\/\/www.europesays.com\/fr\/wp-content\/uploads\/2025\/08\/vague-de-chaleur-en-espagne-avec-pres-de-45-degres-la-canicule-va-t-elle-gagner-paris-et-l-ile-de-fr.png\"  width=\"768\" height=\"432\" alt=\"Une perturbation de faible activit\u00e9 attendue demain matin en r\u00e9gion parisienne.\" title=\"Une perturbation de faible activit\u00e9 attendue demain matin en r\u00e9gion parisienne.\" data-image=\"z6bzpgw0gcl8\"\/>Une perturbation de faible activit\u00e9 attendue demain matin en r\u00e9gion parisienne. <\/p>\n<p>C\u00f4t\u00e9 ciel, <strong>une perturbation de faible activit\u00e9 va traverser la r\u00e9gion entre le milieu de la nuit prochaine et la fin de matin\u00e9e de demain. <\/strong>Elle apportera quelques pluies \u00e0 son passage. Une fois \u00e9vacu\u00e9e, un franc soleil s\u2019imposera sur l\u2019ensemble de la r\u00e9gion dans l\u2019apr\u00e8s-midi.<\/p>\n<p><a class=\"imagen \" href=\"https:\/\/www.tameteo.com\/actualites\/previsions\/moins-de-10-c-au-nord-pres-de-40-c-au-sud-ouest-vers-un-grand-ecart-des-temperatures-en-france-en-milieu-de-semaine-chaleur-fraicheur-matin-apres-midi.html\" title=\"Moins de 10\u00b0C au Nord, pr\u00e8s de 40\u00b0C au Sud-Ouest : vers un grand \u00e9cart des temp\u00e9ratures en France en milieu de semaine ?\" rel=\"nofollow noopener\" target=\"_blank\"><img loading=\"lazy\" decoding=\"async\" fetchpriority=\"low\" class=\"lazy img-body non-editable\" src=\"https:\/\/www.europesays.com\/fr\/wp-content\/uploads\/2025\/08\/moins-de-10-c-au-nord-pres-de-40-c-au-sud-ouest-vers-un-grand-ecart-des-temperatures-en-france-en-mi.png\"  width=\"320\" height=\"225\" alt=\"Moins de 10\u00b0C au Nord, pr\u00e8s de 40\u00b0C au Sud-Ouest : vers un grand \u00e9cart des temp\u00e9ratures en France en milieu de semaine ?\"\/><\/a><\/p>\n<p><strong>La journ\u00e9e de mercredi s\u2019annonce agr\u00e9able et plut\u00f4t ensoleill\u00e9e, <\/strong>malgr\u00e9 la pr\u00e9sence d\u2019un voile nuageux.<\/p>\n<p>Nettement plus chaud \u00e0 partir de jeudi <\/p>\n<p><strong>C\u2019est v\u00e9ritablement \u00e0 partir de jeudi que les temp\u00e9ratures vont faire un bond en avant. <\/strong>Dans le sud-ouest de la France, le mercure pourrait localement approcher les 38 degr\u00e9s, tandis que la barre des 30 degr\u00e9s sera \u00e0 nouveau franchie au nord de la Seine.<\/p>\n<p><strong>On pourra donc \u00e0 nouveau parler de fortes chaleurs en <a href=\"https:\/\/www.tameteo.com\/meteo-Europe-France-Ile+de+France-1-1-135-29.html\" data-mrf-recirculation=\"cuerpo_intext\" rel=\"nofollow noopener\" target=\"_blank\">\u00cele-de-France<\/a> et \u00e0 Paris \u00e0 partir de jeudi,<\/strong> le tout sous un grand soleil.<\/p>\n<p><img loading=\"lazy\" decoding=\"async\" fetchpriority=\"low\" class=\"lazy \" src=\"https:\/\/www.europesays.com\/fr\/wp-content\/uploads\/2025\/08\/1754314283_837_vague-de-chaleur-en-espagne-avec-pres-de-45-degres-la-canicule-va-t-elle-gagner-paris-et-l-ile-de-fr.png\"  width=\"768\" height=\"432\" alt=\"30\u00b0C \u00e0 Paris jeudi apr\u00e8s-midi.\" title=\"30\u00b0C \u00e0 Paris jeudi apr\u00e8s-midi.\" data-image=\"zxer24o0o19i\"\/>30\u00b0C \u00e0 Paris jeudi apr\u00e8s-midi.<\/p>\n<p>Les tr\u00e8s fortes chaleurs, avec des temp\u00e9ratures sup\u00e9rieures \u00e0 35 degr\u00e9s,<strong> ne devraient toutefois pas remonter jusqu\u2019en \u00cele-de-France, <\/strong>o\u00f9 les temp\u00e9ratures resteront \u00e0 un niveau raisonnable cette semaine.<\/p>\n<p>Vendredi : journ\u00e9e la plus chaude <\/p>\n<p><strong>La journ\u00e9e de vendredi pourrait \u00eatre la plus chaude de la semaine en \u00cele-de-France, <\/strong>avec des maximales d\u00e9passant facilement la barre des 30 degr\u00e9s, tandis que des pointes \u00e0 40 degr\u00e9s sont envisag\u00e9es dans le sud-ouest de la France, notamment en Nouvelle-Aquitaine ou en Occitanie.<\/p>\n<p><img loading=\"lazy\" decoding=\"async\" fetchpriority=\"low\" class=\"lazy \" src=\"https:\/\/www.europesays.com\/fr\/wp-content\/uploads\/2025\/08\/1754314284_122_vague-de-chaleur-en-espagne-avec-pres-de-45-degres-la-canicule-va-t-elle-gagner-paris-et-l-ile-de-fr.png\"  width=\"768\" height=\"432\" alt=\"Vendredi : journ\u00e9e la plus chaude de la semaine !\" title=\"Vendredi : journ\u00e9e la plus chaude de la semaine !\" data-image=\"3x34pn7vt3mb\"\/>Vendredi : journ\u00e9e la plus chaude de la semaine ! <\/p>\n<p>Malgr\u00e9 cette journ\u00e9e tr\u00e8s chaude, les temp\u00e9ratures attendues ainsi que la dur\u00e9e de cet \u00e9pisode<strong> ne permettront pas de remplir les crit\u00e8res n\u00e9cessaires pour parler de canicule<\/strong> en \u00cele-de-France et \u00e0 Paris.<\/p>\n<p><a class=\"imagen \" href=\"https:\/\/www.tameteo.com\/actualites\/previsions\/meteo-de-la-semaine-en-france-installation-d-une-vague-de-chaleur-caniculaire-des-pointes-a-40-c-attendues-previsions.html\" title=\"M\u00e9t\u00e9o de la semaine en France : installation d&#039;une vague de chaleur caniculaire, des pointes \u00e0 40\u00b0C attendues\" rel=\"nofollow noopener\" target=\"_blank\"><img loading=\"lazy\" decoding=\"async\" fetchpriority=\"low\" class=\"lazy img-body non-editable\" src=\"https:\/\/www.europesays.com\/fr\/wp-content\/uploads\/2025\/08\/meteo-de-la-semaine-en-france-installation-d-une-vague-de-chaleur-caniculaire-des-pointes-a-40-c-att.png\"  width=\"320\" height=\"225\" alt=\"M\u00e9t\u00e9o de la semaine en France : installation d'une vague de chaleur caniculaire, des pointes \u00e0 40\u00b0C attendues\"\/><\/a>Moins chaud ce week-end ?<\/p>\n<p><strong>Les temp\u00e9ratures pourraient \u00e0 nouveau l\u00e9g\u00e8rement fl\u00e9chir en \u00cele-de-France ce week-end, <\/strong>tout en se maintenant \u00e0 un niveau estival, avec des valeurs souvent comprises entre 28 et 30 degr\u00e9s.<\/p>\n<p><img loading=\"lazy\" decoding=\"async\" fetchpriority=\"low\" class=\"lazy \" src=\"https:\/\/www.europesays.com\/fr\/wp-content\/uploads\/2025\/08\/1754314286_137_vague-de-chaleur-en-espagne-avec-pres-de-45-degres-la-canicule-va-t-elle-gagner-paris-et-l-ile-de-fr.png\"  width=\"768\" height=\"432\" alt=\"Soleil et temp\u00e9ratures estivales ce week-end \u00e0 Paris et en \u00cele-de-France.\" title=\"Soleil et temp\u00e9ratures estivales ce week-end \u00e0 Paris et en \u00cele-de-France.\" data-image=\"t5a95znqd0gh\"\/>Soleil et temp\u00e9ratures estivales ce week-end \u00e0 Paris et en \u00cele-de-France. <\/p>\n<p>C\u00f4t\u00e9 ciel, toujours rien \u00e0 signaler :<strong> les conditions resteront parfaitement anticycloniques au-dessus de la r\u00e9gion, <\/strong>avec la poursuite d\u2019un temps tr\u00e8s ensoleill\u00e9.<\/p>\n","protected":false},"excerpt":{"rendered":"Des temp\u00e9ratures incroyablement \u00e9lev\u00e9es sont attendues cette semaine en Espagne, qui pourrait conna\u00eetre sa pire vague de chaleur&hellip;\n","protected":false},"author":2,"featured_media":295826,"comment_status":"","ping_status":"","sticky":false,"template":"","format":"standard","meta":{"footnotes":""},"categories":[1592],"tags":[1111,11,6698,13208,123,1777,674,1011,27,662,2487,12,626,25,15637],"class_list":{"0":"post-295825","1":"post","2":"type-post","3":"status-publish","4":"format-standard","5":"has-post-thumbnail","7":"category-ile-de-france","8":"tag-actu","9":"tag-actualites","10":"tag-canicule","11":"tag-chaleur","12":"tag-espagne","13":"tag-eu","14":"tag-europe","15":"tag-fr","16":"tag-france","17":"tag-ile-de-france","18":"tag-meteo","19":"tag-news","20":"tag-paris","21":"tag-republique-francaise","22":"tag-vague-de-chaleur"},"share_on_mastodon":{"url":"https:\/\/pubeurope.com\/@fr\/114970747691721776","error":""},"_links":{"self":[{"href":"https:\/\/www.europesays.com\/fr\/wp-json\/wp\/v2\/posts\/295825","targetHints":{"allow":["GET"]}}],"collection":[{"href":"https:\/\/www.europesays.com\/fr\/wp-json\/wp\/v2\/posts"}],"about":[{"href":"https:\/\/www.europesays.com\/fr\/wp-json\/wp\/v2\/types\/post"}],"author":[{"embeddable":true,"href":"https:\/\/www.europesays.com\/fr\/wp-json\/wp\/v2\/users\/2"}],"replies":[{"embeddable":true,"href":"https:\/\/www.europesays.com\/fr\/wp-json\/wp\/v2\/comments?post=295825"}],"version-history":[{"count":0,"href":"https:\/\/www.europesays.com\/fr\/wp-json\/wp\/v2\/posts\/295825\/revisions"}],"wp:featuredmedia":[{"embeddable":true,"href":"https:\/\/www.europesays.com\/fr\/wp-json\/wp\/v2\/media\/295826"}],"wp:attachment":[{"href":"https:\/\/www.europesays.com\/fr\/wp-json\/wp\/v2\/media?parent=295825"}],"wp:term":[{"taxonomy":"category","embeddable":true,"href":"https:\/\/www.europesays.com\/fr\/wp-json\/wp\/v2\/categories?post=295825"},{"taxonomy":"post_tag","embeddable":true,"href":"https:\/\/www.europesays.com\/fr\/wp-json\/wp\/v2\/tags?post=295825"}],"curies":[{"name":"wp","href":"https:\/\/api.w.org\/{rel}","templated":true}]}}