{"id":295827,"date":"2025-08-04T13:32:11","date_gmt":"2025-08-04T13:32:11","guid":{"rendered":"https:\/\/www.europesays.com\/fr\/295827\/"},"modified":"2025-08-04T13:32:11","modified_gmt":"2025-08-04T13:32:11","slug":"le-corps-dun-homme-de-32-ans-egorge-eviscere-et-les-bras-en-croix-decouvert-dans-un-parc-pres-damiens","status":"publish","type":"post","link":"https:\/\/www.europesays.com\/fr\/295827\/","title":{"rendered":"Le corps d&rsquo;un homme de 32\u00a0ans, \u00e9gorg\u00e9, \u00e9visc\u00e9r\u00e9 et les bras en croix, d\u00e9couvert dans un parc pr\u00e8s d&rsquo;Amiens"},"content":{"rendered":"<p class=\"c-chapo \">\n  Il a \u00e9t\u00e9 retrouv\u00e9 dans la matin\u00e9e de lundi sur une aire de sport \u00e0 Pont-de-Metz (Somme), pr\u00e8s d&rsquo;Amiens. Le maire de la commune se dit \u00ab\u00a0choqu\u00e9 de cette d\u00e9couverte (&#8230;) dans un coin familial\u00a0\u00bb.\n<\/p>\n<p>            lire plus tard<\/p>\n<p id=\"dialog__title\" class=\"dialog__title\">Pour sauvegarder cet article, connectez-vous ou cr\u00e9ez un compte franceinfo<\/p>\n<p class=\"dialog__description\">Sans paiement. Sans abonnement.<\/p>\n<p>        Fermer la fen\u00eatre d\u2019activation des notifications France Info<\/p>\n<p>            cr\u00e9er votre compte<\/p>\n<p>            se connecter<\/p>\n<p>        Fermer la fen\u00eatre de pr\u00e9sentation<\/p>\n<p>    <img loading=\"lazy\" decoding=\"async\" class=\"signature__image lazyload\" width=\"100\" height=\"100\" data- alt=\"\" src=\"https:\/\/www.europesays.com\/fr\/wp-content\/uploads\/2025\/06\/64a55fd777de4_placeholder-36b69ec8.png\"\/><\/p>\n<p>    Publi\u00e9 le 04\/08\/2025 14:48<\/p>\n<p>        Temps de lecture : 1min<\/p>\n<p>    <img decoding=\"async\"  alt=\"Le commissariat d'Amiens (Somme), le 30 octobre 2024. (CHARLES BURY \/ LE COURRIER PICARD \/ MAXPPP)\" width=\"432\" height=\"243\" src=\"https:\/\/www.europesays.com\/fr\/wp-content\/uploads\/2025\/08\/maxnewsspecialtwo037030-6890ab562dff4466619843.jpg\" fetchpriority=\"high\"\/><\/p>\n<p>      Le commissariat d&rsquo;Amiens (Somme), le 30 octobre 2024. (CHARLES BURY \/ LE COURRIER PICARD \/ MAXPPP)<\/p>\n<p>Le cadavre d&rsquo;un homme de 32\u00a0ans a \u00e9t\u00e9 d\u00e9couvert, dans la matin\u00e9e du lundi 4\u00a0ao\u00fbt, sur une aire de sport \u00e0 Pont-de-Metz (Somme), pr\u00e8s d&rsquo;Amiens, a appris franceinfo de source polici\u00e8re, confirmant une information du <a href=\"https:\/\/www.leparisien.fr\/faits-divers\/un-cadavre-egorge-et-eviscere-decouvert-dans-la-somme-04-08-2025-R7GNPCYL6RBNLOEZ7ZMT5VJS74.php\" target=\"_blank\" rel=\"noopener nofollow\">Parisien<\/a>. Retrouv\u00e9 vers 7\u00a0heures par une promeneuse, le corps, \u00e9visc\u00e9r\u00e9 et \u00e9gorg\u00e9, \u00e9tait allong\u00e9 en position de croix. Il pr\u00e9sentait des plaies \u00e0 l&rsquo;arme blanche au niveau du cou et dans le dos. La police judiciaire est saisie de l&rsquo;enqu\u00eate.<\/p>\n<p>Interrog\u00e9 par <a href=\"https:\/\/france3-regions.franceinfo.fr\/hauts-de-france\/somme\/amiens\/un-cadavre-egorge-et-eviscere-retrouve-en-position-de-croix-dans-un-parc-pres-d-amiens-3197409.html\" rel=\"nofollow noopener\" target=\"_blank\">France 3 Hauts-de-France<\/a>, le maire de la commune, Lo\u00efc Bulant, se dit \u00ab\u00a0choqu\u00e9 de cette d\u00e9couverte (&#8230;) dans un coin familial\u00a0\u00bb. L&rsquo;\u00e9dile ajoute que ce parc, \u00ab\u00a0o\u00f9 il y a deux terrains de tennis ouverts \u00e0 tous\u00a0\u00bb, est \u00ab\u00a0un lieu pour les promenades et les pique-niques\u00a0\u00bb.<\/p>\n<p class=\"related-tags__title\" role=\"heading\" aria-level=\"2\">les mots-cl\u00e9s associ\u00e9s \u00e0 cet article\n    <\/p>\n","protected":false},"excerpt":{"rendered":"Il a \u00e9t\u00e9 retrouv\u00e9 dans la matin\u00e9e de lundi sur une aire de sport \u00e0 Pont-de-Metz (Somme), pr\u00e8s&hellip;\n","protected":false},"author":2,"featured_media":295828,"comment_status":"","ping_status":"","sticky":false,"template":"","format":"standard","meta":{"footnotes":""},"categories":[1888],"tags":[1111,1928,11,1927,1777,674,1011,27,12,1926,626,1925,25],"class_list":{"0":"post-295827","1":"post","2":"type-post","3":"status-publish","4":"format-standard","5":"has-post-thumbnail","7":"category-paris","8":"tag-actu","9":"tag-actu-paris","10":"tag-actualites","11":"tag-actualites-paris","12":"tag-eu","13":"tag-europe","14":"tag-fr","15":"tag-france","16":"tag-news","17":"tag-news-paris","18":"tag-paris","19":"tag-paris-news","20":"tag-republique-francaise"},"share_on_mastodon":{"url":"https:\/\/pubeurope.com\/@fr\/114970751727595132","error":""},"_links":{"self":[{"href":"https:\/\/www.europesays.com\/fr\/wp-json\/wp\/v2\/posts\/295827","targetHints":{"allow":["GET"]}}],"collection":[{"href":"https:\/\/www.europesays.com\/fr\/wp-json\/wp\/v2\/posts"}],"about":[{"href":"https:\/\/www.europesays.com\/fr\/wp-json\/wp\/v2\/types\/post"}],"author":[{"embeddable":true,"href":"https:\/\/www.europesays.com\/fr\/wp-json\/wp\/v2\/users\/2"}],"replies":[{"embeddable":true,"href":"https:\/\/www.europesays.com\/fr\/wp-json\/wp\/v2\/comments?post=295827"}],"version-history":[{"count":0,"href":"https:\/\/www.europesays.com\/fr\/wp-json\/wp\/v2\/posts\/295827\/revisions"}],"wp:featuredmedia":[{"embeddable":true,"href":"https:\/\/www.europesays.com\/fr\/wp-json\/wp\/v2\/media\/295828"}],"wp:attachment":[{"href":"https:\/\/www.europesays.com\/fr\/wp-json\/wp\/v2\/media?parent=295827"}],"wp:term":[{"taxonomy":"category","embeddable":true,"href":"https:\/\/www.europesays.com\/fr\/wp-json\/wp\/v2\/categories?post=295827"},{"taxonomy":"post_tag","embeddable":true,"href":"https:\/\/www.europesays.com\/fr\/wp-json\/wp\/v2\/tags?post=295827"}],"curies":[{"name":"wp","href":"https:\/\/api.w.org\/{rel}","templated":true}]}}