{"id":295829,"date":"2025-08-04T13:33:29","date_gmt":"2025-08-04T13:33:29","guid":{"rendered":"https:\/\/www.europesays.com\/fr\/295829\/"},"modified":"2025-08-04T13:33:29","modified_gmt":"2025-08-04T13:33:29","slug":"mercato-david-luiz-lancien-defenseur-du-psg-rejoint-le-championnat-chypriote","status":"publish","type":"post","link":"https:\/\/www.europesays.com\/fr\/295829\/","title":{"rendered":"Mercato : David Luiz l\u2019ancien d\u00e9fenseur du PSG rejoint le championnat chypriote"},"content":{"rendered":"<p class=\"paragraph text_align_left lp-f-body-02\">Il n\u2019est toujours pas l\u2019heure de raccrocher les crampons pour <a href=\"https:\/\/www.leparisien.fr\/sports\/football\/le-monde-ma-connu-grace-a-mes-cheveux-david-luiz-perd-ses-bouclettes-et-fait-reagir-les-fans-24-04-2025-CRAWZAVP3ZEU7IHCPTDHL5Q35M.php\" target=\"_blank\" rel=\"noreferrer nofollow noopener\">David Luiz<\/a>. \u00c0 38 ans, le d\u00e9fenseur central va poursuivre sa carri\u00e8re \u00e0 Chypre, du c\u00f4t\u00e9 du Pafos FC, r\u00e9cemment vainqueur de son championnat pour la premi\u00e8re fois de son histoire. <\/p>\n<p class=\"paragraph text_align_left lp-f-body-02\">L\u2019ancien joueur du <a href=\"https:\/\/www.leparisien.fr\/sports\/football\/psg\/\" target=\"_blank\" rel=\"noreferrer nofollow noopener\">Paris Saint-Germain<\/a> (2014-2016) fait son retour en Europe apr\u00e8s deux passages au Br\u00e9sil, \u00e0 Flamengo (2021-2024) et \u00e0 Fortaleza (janvier-ao\u00fbt 2025).<\/p>\n<blockquote class=\"twitter-tweet\">\n<p lang=\"en\" dir=\"ltr\">\ud835\udde2\ud835\uddd9\ud835\uddd9\ud835\udddc\ud835\uddd6\ud835\udddc\ud835\uddd4\ud835\udddf | \ud835\uddd7\ud835\uddd4\ud835\udde9\ud835\udddc\ud835\uddd7 \ud835\udddf\ud835\udde8\ud835\udddc\ud835\udded \ud835\udddc\ud835\udde6 \ud835\udddb\ud835\uddd8\ud835\udde5\ud835\uddd8 \ud83c\udde7\ud83c\uddf7\ud83d\udd35<\/p>\n<p>Pafos FC is proud to announce the signing of Brazilian football icon <a href=\"https:\/\/twitter.com\/DavidLuiz_4?ref_src=twsrc%5Etfw\" rel=\"nofollow noopener\" target=\"_blank\">@DavidLuiz_4<\/a> , who joins the club on a contract until 2027. \u270d\ud83c\udffc<\/p>\n<p>\ud83d\udd17 Read the full announcement: <a href=\"https:\/\/t.co\/WbJIWG0027\" rel=\"nofollow\">https:\/\/t.co\/WbJIWG0027<\/a> <a href=\"https:\/\/t.co\/ntzkHpM9tv\" rel=\"nofollow\">pic.twitter.com\/ntzkHpM9tv<\/a><\/p>\n<p>\u2014 Pafos FC (@pafosfcofficial) <a href=\"https:\/\/twitter.com\/pafosfcofficial\/status\/1952063764389372240?ref_src=twsrc%5Etfw\" rel=\"nofollow noopener\" target=\"_blank\">August 3, 2025<\/a><\/p><\/blockquote>\n<p class=\"paragraph text_align_left lp-f-body-02\">L\u2019ex-international br\u00e9silien (57 s\u00e9lections) a \u00e9t\u00e9 accueilli en nombre par les supporters de sa nouvelle \u00e9curie, dont la ville de 47 000 habitants est situ\u00e9e au sud-ouest de l\u2019\u00eele de Chypre. Il pourrait m\u00eame retrouver les joies de la <a href=\"https:\/\/www.leparisien.fr\/sports\/football\/ligue-des-champions\/\" target=\"_blank\" rel=\"noreferrer nofollow noopener\">Ligue des champions<\/a>, puisque le Pafos FC, engag\u00e9 pour le 3e tour pr\u00e9liminaire de la comp\u00e9tition, affrontera le Dynamo Kiev<b> <\/b>le 5 et le 12 ao\u00fbt pour tenter d\u2019acc\u00e9der aux barrages.<\/p>\n<p class=\"paragraph text_align_left lp-f-body-02\">Il y a quelques jours, David Luiz s\u2019\u00e9tait affich\u00e9 sur les r\u00e9seaux sociaux au milieu de l\u2019avenue des Champs-\u00c9lys\u00e9es, \u00e0 Paris, avec le message : \u00ab Chez moi ! Paris est magique ! \u00bb Nul doute que cela fera sourire les supporters du champion d\u2019Europe 2025.<\/p>\n<p><script async src=\"https:\/\/platform.twitter.com\/widgets.js\" charset=\"utf-8\"><\/script><\/p>\n","protected":false},"excerpt":{"rendered":"Il n\u2019est toujours pas l\u2019heure de raccrocher les crampons pour David Luiz. \u00c0 38 ans, le d\u00e9fenseur central&hellip;\n","protected":false},"author":2,"featured_media":295830,"comment_status":"","ping_status":"","sticky":false,"template":"","format":"standard","meta":{"footnotes":""},"categories":[1888],"tags":[1111,1928,11,1927,1777,674,63,1011,27,12,1926,626,1925,25,60],"class_list":{"0":"post-295829","1":"post","2":"type-post","3":"status-publish","4":"format-standard","5":"has-post-thumbnail","7":"category-paris","8":"tag-actu","9":"tag-actu-paris","10":"tag-actualites","11":"tag-actualites-paris","12":"tag-eu","13":"tag-europe","14":"tag-football","15":"tag-fr","16":"tag-france","17":"tag-news","18":"tag-news-paris","19":"tag-paris","20":"tag-paris-news","21":"tag-republique-francaise","22":"tag-sports"},"share_on_mastodon":{"url":"https:\/\/pubeurope.com\/@fr\/114970755250526343","error":""},"_links":{"self":[{"href":"https:\/\/www.europesays.com\/fr\/wp-json\/wp\/v2\/posts\/295829","targetHints":{"allow":["GET"]}}],"collection":[{"href":"https:\/\/www.europesays.com\/fr\/wp-json\/wp\/v2\/posts"}],"about":[{"href":"https:\/\/www.europesays.com\/fr\/wp-json\/wp\/v2\/types\/post"}],"author":[{"embeddable":true,"href":"https:\/\/www.europesays.com\/fr\/wp-json\/wp\/v2\/users\/2"}],"replies":[{"embeddable":true,"href":"https:\/\/www.europesays.com\/fr\/wp-json\/wp\/v2\/comments?post=295829"}],"version-history":[{"count":0,"href":"https:\/\/www.europesays.com\/fr\/wp-json\/wp\/v2\/posts\/295829\/revisions"}],"wp:featuredmedia":[{"embeddable":true,"href":"https:\/\/www.europesays.com\/fr\/wp-json\/wp\/v2\/media\/295830"}],"wp:attachment":[{"href":"https:\/\/www.europesays.com\/fr\/wp-json\/wp\/v2\/media?parent=295829"}],"wp:term":[{"taxonomy":"category","embeddable":true,"href":"https:\/\/www.europesays.com\/fr\/wp-json\/wp\/v2\/categories?post=295829"},{"taxonomy":"post_tag","embeddable":true,"href":"https:\/\/www.europesays.com\/fr\/wp-json\/wp\/v2\/tags?post=295829"}],"curies":[{"name":"wp","href":"https:\/\/api.w.org\/{rel}","templated":true}]}}