{"id":295831,"date":"2025-08-04T13:34:11","date_gmt":"2025-08-04T13:34:11","guid":{"rendered":"https:\/\/www.europesays.com\/fr\/295831\/"},"modified":"2025-08-04T13:34:11","modified_gmt":"2025-08-04T13:34:11","slug":"paris-deux-clients-victimes-dun-vol-a-main-armee-dans-un-hotel-4-etoiles","status":"publish","type":"post","link":"https:\/\/www.europesays.com\/fr\/295831\/","title":{"rendered":"Paris\u00a0: deux clients victimes d\u2019un vol \u00e0 main arm\u00e9e dans un h\u00f4tel 4 \u00e9toiles"},"content":{"rendered":"<p class=\"paragraph text_align_left lp-f-body-02\">La fin de week-end a pris un tournant inattendu pour ce p\u00e8re et son fils dimanche soir \u00e0 Paris. Les deux hommes, venus consommer un verre au bar de l\u2019h\u00f4tel Kopster du boulevard Victor (XVe arrondissement), ont \u00e9t\u00e9 victimes d\u2019un vol \u00e0 main arm\u00e9e commis par deux individus.<\/p>\n<p class=\"paragraph text_align_left lp-f-body-02\">Les faits se sont d\u00e9roul\u00e9s peu avant 22 heures dans cet \u00e9tablissement 4 \u00e9toiles de la Porte de Versailles, ouvert en f\u00e9vrier 2024. Un p\u00e8re et son fils d\u00e9gustaient une boisson au bar de l\u2019h\u00f4tel lorsque deux hommes, \u00ab v\u00eatus d\u2019un jogging noir \u00bb, selon une source polici\u00e8re, ont fait irruption, l\u2019un d\u2019eux porteur d\u2019une arme de poing.<\/p>\n<p>Perdus de vue dans le m\u00e9tro<\/p>\n<p class=\"paragraph text_align_left lp-f-body-02\">Les deux individus ont alors menac\u00e9 le p\u00e8re et son fils et leur ont d\u00e9rob\u00e9 bijoux, montres et sacs, d\u2019apr\u00e8s cette m\u00eame source. Les malfrats, \u00e9paul\u00e9s d\u2019un troisi\u00e8me complice attabl\u00e9 en terrasse, ont pris la fuite. Rapidement rep\u00e9r\u00e9s par les policiers, ces derniers les ont finalement perdus de vue lorsque les trois individus se sont engouffr\u00e9s dans la station de m\u00e9tro Boucicaut (ligne 8).<\/p>\n<p class=\"paragraph text_align_left lp-f-body-02\">Malgr\u00e9 le visionnage des cam\u00e9ras de vid\u00e9oprotection, les forces de l\u2019ordre n\u2019ont pu proc\u00e9der \u00e0 des interpellations ce dimanche soir. \u00ab Les auteurs ont r\u00e9ussi \u00e0 prendre la fuite \u00bb, confirme une seconde source polici\u00e8re. Quant aux victimes, elles auraient quitt\u00e9 ce chic h\u00f4tel urbain aux 126 chambres avant l\u2019arriv\u00e9e de la police. <\/p>\n","protected":false},"excerpt":{"rendered":"La fin de week-end a pris un tournant inattendu pour ce p\u00e8re et son fils dimanche soir \u00e0&hellip;\n","protected":false},"author":2,"featured_media":178316,"comment_status":"","ping_status":"","sticky":false,"template":"","format":"standard","meta":{"footnotes":""},"categories":[1888],"tags":[11,1777,674,118,1011,27,1944,12,626,25],"class_list":{"0":"post-295831","1":"post","2":"type-post","3":"status-publish","4":"format-standard","5":"has-post-thumbnail","7":"category-paris","8":"tag-actualites","9":"tag-eu","10":"tag-europe","11":"tag-faits-divers","12":"tag-fr","13":"tag-france","14":"tag-ma-ville","15":"tag-news","16":"tag-paris","17":"tag-republique-francaise"},"share_on_mastodon":{"url":"https:\/\/pubeurope.com\/@fr\/114970759218357758","error":""},"_links":{"self":[{"href":"https:\/\/www.europesays.com\/fr\/wp-json\/wp\/v2\/posts\/295831","targetHints":{"allow":["GET"]}}],"collection":[{"href":"https:\/\/www.europesays.com\/fr\/wp-json\/wp\/v2\/posts"}],"about":[{"href":"https:\/\/www.europesays.com\/fr\/wp-json\/wp\/v2\/types\/post"}],"author":[{"embeddable":true,"href":"https:\/\/www.europesays.com\/fr\/wp-json\/wp\/v2\/users\/2"}],"replies":[{"embeddable":true,"href":"https:\/\/www.europesays.com\/fr\/wp-json\/wp\/v2\/comments?post=295831"}],"version-history":[{"count":0,"href":"https:\/\/www.europesays.com\/fr\/wp-json\/wp\/v2\/posts\/295831\/revisions"}],"wp:featuredmedia":[{"embeddable":true,"href":"https:\/\/www.europesays.com\/fr\/wp-json\/wp\/v2\/media\/178316"}],"wp:attachment":[{"href":"https:\/\/www.europesays.com\/fr\/wp-json\/wp\/v2\/media?parent=295831"}],"wp:term":[{"taxonomy":"category","embeddable":true,"href":"https:\/\/www.europesays.com\/fr\/wp-json\/wp\/v2\/categories?post=295831"},{"taxonomy":"post_tag","embeddable":true,"href":"https:\/\/www.europesays.com\/fr\/wp-json\/wp\/v2\/tags?post=295831"}],"curies":[{"name":"wp","href":"https:\/\/api.w.org\/{rel}","templated":true}]}}