{"id":295834,"date":"2025-08-04T13:36:12","date_gmt":"2025-08-04T13:36:12","guid":{"rendered":"https:\/\/www.europesays.com\/fr\/295834\/"},"modified":"2025-08-04T13:36:12","modified_gmt":"2025-08-04T13:36:12","slug":"le-president-bielorusse-loukachenko-appelle-lue-et-la-russie-a-sunir","status":"publish","type":"post","link":"https:\/\/www.europesays.com\/fr\/295834\/","title":{"rendered":"Le pr\u00e9sident bi\u00e9lorusse\u00a0Loukachenko appelle l&rsquo;UE et la Russie \u00e0 s&rsquo;\u00abunir\u00bb\u00a0"},"content":{"rendered":"<p>Minsk aimerait d\u00e9tourner les Europ\u00e9ens de l\u2019influence am\u00e9ricaine. \u00ab\u00a0Ils ne devraient pas nous combattre, mais plut\u00f4t chercher un terrain d\u2019entente\u00a0\u00bb, a plaid\u00e9 Alexandre Loukachenko, lors d\u2019un point presse \u00e0 l\u2019occasion d\u2019une rencontre avec <a href=\"https:\/\/www.lejdd.fr\/Tags\/Vladimir-Poutine\" target=\"_blank\" rel=\"nofollow noopener\">Vladimir Poutine<\/a>, le 1er\u00a0ao\u00fbt sur l\u2019\u00eele russe de Valaam. Le pr\u00e9sident bi\u00e9lorusse a vant\u00e9 les atouts d\u2019une union allant de Brest \u00e0 Vladivostok, selon des propos rapport\u00e9s par l\u2019agence de presse officielle <a href=\"https:\/\/eng.belta.by\/president\/view\/lukashenko-reiterates-call-for-eu-to-re-engage-with-russia-170137-2025\/\" target=\"_blank\" rel=\"nofollow noopener\">BelTa<\/a>\u00a0: \u00ab\u00a0L\u2019Union europ\u00e9enne et la Russie, unies, deviendraient une force irr\u00e9sistible. Bien s\u00fbr, les Am\u00e9ricains ne laisseraient jamais cela se produire. Ils sont terrifi\u00e9s par cette perspective. Cela les effraierait plus que la coop\u00e9ration avec la Chine\u00a0\u00bb. Et d\u2019enfoncer le clou\u00a0: \u00ab\u00a0Unis, (Europ\u00e9ens et Russes) constitueraient une force irr\u00e9sistible. Mais les responsables politiques de l\u2019UE ne le comprennent pas.\u00a0\u00bb<\/p>\n<blockquote class=\"exergue\">\n<p>\u00ab\u00a0Les Am\u00e9ricains ne laisseraient jamais cela se produire. Ils sont terrifi\u00e9s par cette perspective\u00a0\u00bb<\/p>\n<\/blockquote>\n<p>Commentant l\u2019accord commercial r\u00e9cemment conclu entre\u00a0les \u00c9tats-Unis et l\u2019UE &#8211; <a href=\"https:\/\/www.lejdd.fr\/politique\/droits-de-douane-le-silence-coupable-de-lexecutif-160721\" target=\"_blank\" rel=\"nofollow noopener\">fonci\u00e8rement d\u00e9savantageux pour cette derni\u00e8re<\/a>\u00a0-, le pr\u00e9sident bi\u00e9lorusse a assur\u00e9 qu\u2019il acc\u00e9l\u00e9rerait la d\u00e9sindustrialisation de l\u2019Europe, rejoignant sur ce sujet l\u2019analyse des autorit\u00e9s russes. \u00ab\u00a0Ce processus est d\u00e9j\u00e0 en cours. (Les Am\u00e9ricains) d\u00e9truiront l\u2019Europe, l\u2019UE elle-m\u00eame. Il a \u00e9t\u00e9 dit que l\u2019Am\u00e9rique cherchait \u00e0 affaiblir ce centre de pouvoir. Apr\u00e8s tout, l\u2019Union europ\u00e9enne n\u2019\u00e9tait pas vraiment faible. Eh bien, c\u2019est d\u00e9sormais chose faite\u00a0\u00bb, a assur\u00e9 Loukachenko.<\/p>\n<p>    La suite apr\u00e8s cette publicit\u00e9<\/p>\n<p>Minsk impliqu\u00e9\u00a0aux c\u00f4t\u00e9s de Moscou dans la guerre en Ukraine<\/p>\n<p>Cet appel \u00e0 l\u2019unit\u00e9 entre l\u2019UE et la Russie para\u00eet incongru dans le contexte extr\u00eamement tendu entre les deux blocs. Apr\u00e8s l\u2019annexion de la Crim\u00e9e en 2014 puis le lancement de la guerre d\u2019invasion de l\u2019Ukraine en 2022, les \u00c9tats membres de l\u2019Union europ\u00e9enne ont multipli\u00e9 les sanctions \u00e9conomiques et diplomatiques contre la Russie. De nombreux dirigeants europ\u00e9ens <a href=\"https:\/\/www.lejdd.fr\/International\/guerre-contre-leurope-lallemagne-va-faire-exploser-ses-depenses-militaires-face-a-la-menace-russe-156100\" target=\"_blank\" rel=\"nofollow noopener\">accusent Moscou de mener une guerre hybride contre l\u2019UE<\/a>, et certains services de renseignement occidentaux consid\u00e8rent m\u00eame que <a href=\"https:\/\/www.lejdd.fr\/International\/la-russie-pourrait-lancer-une-guerre-a-grande-echelle-en-europe-dici-cinq-ans-alerte-copenhague-154960\" target=\"_blank\" rel=\"nofollow noopener\">Moscou envisage une confrontation militaire de grande ampleur<\/a> dans les ann\u00e9es \u00e0 venir.<\/p>\n<p>    La suite apr\u00e8s cette publicit\u00e9<\/p>\n<p>De leur c\u00f4t\u00e9, les autorit\u00e9s russes reprochent \u00e0 l\u2019UE de favoriser l\u2019expansion de l\u2019OTAN \u00e0 ses fronti\u00e8res, de livrer \u00e0 Kiev <a href=\"https:\/\/www.lejdd.fr\/international\/la-russie-menace-de-frapper-les-pays-dont-les-armes-sont-utilisees-par-lukraine-contre-elle-151982\" target=\"_blank\" rel=\"nofollow noopener\">des armes repr\u00e9sentant une menace pour leur territoire<\/a>\u00a0et, globalement, de se soumettre aux int\u00e9r\u00eats am\u00e9ricains. R\u00e9cemment, la Russie a fustig\u00e9 l\u2019accroissement des d\u00e9penses militaires de plusieurs nations europ\u00e9ennes, y voyant <a href=\"https:\/\/www.lejdd.fr\/International\/euphorie-militariste-la-russie-promet-de-reagir-au-rearmement-de-leurope-160384\" target=\"_blank\" rel=\"nofollow noopener\">une \u00ab\u00a0euphorie militariste\u00a0\u00bb<\/a> dirig\u00e9e contre elle.<\/p>\n<p>La Bi\u00e9lorussie est quant \u00e0 elle accus\u00e9e d\u2019avoir jou\u00e9 un r\u00f4le cl\u00e9 dans la guerre en Ukraine, en soutenant directement les actions militaires russes. Ainsi, Bruxelles a adopt\u00e9 en\u00a0mars\u00a02022 <a href=\"https:\/\/www.consilium.europa.eu\/fr\/policies\/sanctions-against-belarus\/\" target=\"_blank\" rel=\"nofollow noopener\">un train de sanctions<\/a> contre Minsk, pour avoir autoris\u00e9 la Russie \u00ab\u00a0\u00e0 tirer des missiles balistiques\u00a0\u00bb\u00a0depuis son territoire, permis \u00ab\u00a0le transport de militaires et d\u2019armes lourdes \u00bb\u00a0ou encore\u00a0stock\u00e9 \u00ab\u00a0des armes et du mat\u00e9riel militaire russes\u00a0\u00bb. Ces sanctions s\u2019ajoutent \u00e0 celles <a href=\"https:\/\/www.consilium.europa.eu\/fr\/policies\/sanctions-against-belarus\/\" target=\"_blank\" rel=\"nofollow noopener\">d\u00e9j\u00e0 prises par l\u2019UE<\/a>\u00a0pour\u00a0condamner\u00a0les\u00a0violations\u00a0des droits de l\u2019Homme et les \u00e9lections jug\u00e9es frauduleuses en Bi\u00e9lorussie.<\/p>\n<p>    La suite apr\u00e8s cette publicit\u00e9<\/p>\n<p>    La suite apr\u00e8s cette publicit\u00e9<\/p>\n<p>Pour autant, le pr\u00e9sident\u00a0Alexandre Loukachenko, qui a pr\u00eat\u00e9 serment en d\u00e9but d\u2019ann\u00e9e pour un septi\u00e8me mandat cons\u00e9cutif, souhaiterait r\u00e9chauffer ses relations avec l\u2019Ouest\u00a0: comme le relevait r\u00e9cemment\u00a0<a href=\"https:\/\/fr.euronews.com\/my-europe\/2025\/03\/26\/belarus-le-president-loukachenko-investi-pour-un-septieme-mandat\" target=\"_blank\" rel=\"nofollow noopener\">Euronews<\/a>, le chef d\u2019\u00c9tat entendrait r\u00e9duire sa d\u00e9pendance \u00e0 la Russie\u2026 et adoucir les sanctions occidentales \u00e0 l\u2019encontre de son pays.<\/p>\n","protected":false},"excerpt":{"rendered":"Minsk aimerait d\u00e9tourner les Europ\u00e9ens de l\u2019influence am\u00e9ricaine. \u00ab\u00a0Ils ne devraient pas nous combattre, mais plut\u00f4t chercher un&hellip;\n","protected":false},"author":2,"featured_media":295835,"comment_status":"","ping_status":"","sticky":false,"template":"","format":"standard","meta":{"footnotes":""},"categories":[1591],"tags":[11,1887,12,1885,1886,132],"class_list":{"0":"post-295834","1":"post","2":"type-post","3":"status-publish","4":"format-standard","5":"has-post-thumbnail","7":"category-russie","8":"tag-actualites","9":"tag-federation-de-russie","10":"tag-news","11":"tag-russia","12":"tag-russian-federation","13":"tag-russie"},"share_on_mastodon":{"url":"https:\/\/pubeurope.com\/@fr\/114970767198288762","error":""},"_links":{"self":[{"href":"https:\/\/www.europesays.com\/fr\/wp-json\/wp\/v2\/posts\/295834","targetHints":{"allow":["GET"]}}],"collection":[{"href":"https:\/\/www.europesays.com\/fr\/wp-json\/wp\/v2\/posts"}],"about":[{"href":"https:\/\/www.europesays.com\/fr\/wp-json\/wp\/v2\/types\/post"}],"author":[{"embeddable":true,"href":"https:\/\/www.europesays.com\/fr\/wp-json\/wp\/v2\/users\/2"}],"replies":[{"embeddable":true,"href":"https:\/\/www.europesays.com\/fr\/wp-json\/wp\/v2\/comments?post=295834"}],"version-history":[{"count":0,"href":"https:\/\/www.europesays.com\/fr\/wp-json\/wp\/v2\/posts\/295834\/revisions"}],"wp:featuredmedia":[{"embeddable":true,"href":"https:\/\/www.europesays.com\/fr\/wp-json\/wp\/v2\/media\/295835"}],"wp:attachment":[{"href":"https:\/\/www.europesays.com\/fr\/wp-json\/wp\/v2\/media?parent=295834"}],"wp:term":[{"taxonomy":"category","embeddable":true,"href":"https:\/\/www.europesays.com\/fr\/wp-json\/wp\/v2\/categories?post=295834"},{"taxonomy":"post_tag","embeddable":true,"href":"https:\/\/www.europesays.com\/fr\/wp-json\/wp\/v2\/tags?post=295834"}],"curies":[{"name":"wp","href":"https:\/\/api.w.org\/{rel}","templated":true}]}}