{"id":295842,"date":"2025-08-04T13:40:11","date_gmt":"2025-08-04T13:40:11","guid":{"rendered":"https:\/\/www.europesays.com\/fr\/295842\/"},"modified":"2025-08-04T13:40:11","modified_gmt":"2025-08-04T13:40:11","slug":"un-passeur-somalien-soupconne-de-tortures-en-libye-interpelle-en-allemagne","status":"publish","type":"post","link":"https:\/\/www.europesays.com\/fr\/295842\/","title":{"rendered":"Un passeur somalien soup\u00e7onn\u00e9 de tortures en Libye interpell\u00e9 en Allemagne"},"content":{"rendered":"<p class=\"ap-StoryElement ap-StoryElement--mb ap-StoryText\">L&rsquo;homme a \u00e9t\u00e9 appr\u00e9hend\u00e9 mercredi dans le sud de la Rh\u00e9nanie-Palatinat sur la base d&rsquo;un mandat d&rsquo;arr\u00eat europ\u00e9en.<\/p>\n<p class=\"ap-StoryElement ap-StoryElement--mb ap-StoryText\">Selon la police italienne, il aurait tu\u00e9 un mineur somalien en Libye, o\u00f9 il op\u00e9rait dans un camp de d\u00e9tention de la ville de Bani Walid (nord-ouest du pays). Le jeune gar\u00e7on aurait \u00e9t\u00e9 tu\u00e9 alors qu&rsquo;il r\u00e9sistait \u00e0 une agression sexuelle, que le suspect esp\u00e9rait filmer pour faire chanter sa famille. L&rsquo;homme ainsi que plusieurs complices, qui n&rsquo;ont pas encore pu \u00eatre identifi\u00e9s, sont soup\u00e7onn\u00e9s d&rsquo;avoir emprisonn\u00e9 et tortur\u00e9 des migrants pour extorquer de l&rsquo;argent \u00e0 leurs familles, somm\u00e9es de payer pour la suite du voyage vers l&rsquo;Europe de leurs proches.<\/p>\n","protected":false},"excerpt":{"rendered":"L&rsquo;homme a \u00e9t\u00e9 appr\u00e9hend\u00e9 mercredi dans le sud de la Rh\u00e9nanie-Palatinat sur la base d&rsquo;un mandat d&rsquo;arr\u00eat europ\u00e9en.&hellip;\n","protected":false},"author":2,"featured_media":2837,"comment_status":"","ping_status":"","sticky":false,"template":"","format":"standard","meta":{"footnotes":""},"categories":[1587],"tags":[11,672,10443,1804,1805,1803,1777,674,1801,1061,452,8639,12,1802],"class_list":{"0":"post-295842","1":"post","2":"type-post","3":"status-publish","4":"format-standard","5":"has-post-thumbnail","7":"category-allemagne","8":"tag-actualites","9":"tag-allemagne","10":"tag-asile","11":"tag-bundesrepublik-deutschland","12":"tag-de","13":"tag-deutschland","14":"tag-eu","15":"tag-europe","16":"tag-germany","17":"tag-immigration","18":"tag-italie","19":"tag-judiciaire","20":"tag-news","21":"tag-republique-federale-dallemagne"},"share_on_mastodon":{"url":"https:\/\/pubeurope.com\/@fr\/114970782926780991","error":""},"_links":{"self":[{"href":"https:\/\/www.europesays.com\/fr\/wp-json\/wp\/v2\/posts\/295842","targetHints":{"allow":["GET"]}}],"collection":[{"href":"https:\/\/www.europesays.com\/fr\/wp-json\/wp\/v2\/posts"}],"about":[{"href":"https:\/\/www.europesays.com\/fr\/wp-json\/wp\/v2\/types\/post"}],"author":[{"embeddable":true,"href":"https:\/\/www.europesays.com\/fr\/wp-json\/wp\/v2\/users\/2"}],"replies":[{"embeddable":true,"href":"https:\/\/www.europesays.com\/fr\/wp-json\/wp\/v2\/comments?post=295842"}],"version-history":[{"count":0,"href":"https:\/\/www.europesays.com\/fr\/wp-json\/wp\/v2\/posts\/295842\/revisions"}],"wp:featuredmedia":[{"embeddable":true,"href":"https:\/\/www.europesays.com\/fr\/wp-json\/wp\/v2\/media\/2837"}],"wp:attachment":[{"href":"https:\/\/www.europesays.com\/fr\/wp-json\/wp\/v2\/media?parent=295842"}],"wp:term":[{"taxonomy":"category","embeddable":true,"href":"https:\/\/www.europesays.com\/fr\/wp-json\/wp\/v2\/categories?post=295842"},{"taxonomy":"post_tag","embeddable":true,"href":"https:\/\/www.europesays.com\/fr\/wp-json\/wp\/v2\/tags?post=295842"}],"curies":[{"name":"wp","href":"https:\/\/api.w.org\/{rel}","templated":true}]}}