{"id":295843,"date":"2025-08-04T13:41:10","date_gmt":"2025-08-04T13:41:10","guid":{"rendered":"https:\/\/www.europesays.com\/fr\/295843\/"},"modified":"2025-08-04T13:41:10","modified_gmt":"2025-08-04T13:41:10","slug":"le-canada-allie-racines-europeennes-et-ancrage-nord-americain","status":"publish","type":"post","link":"https:\/\/www.europesays.com\/fr\/295843\/","title":{"rendered":"\u00abLe Canada allie racines europ\u00e9ennes et ancrage nord-am\u00e9ricain\u00bb"},"content":{"rendered":"<p><strong>ENTRETIEN &#8211;<\/strong> L\u2019ambassadeur du Canada en France revient sur la culture historique du pays ainsi que sur les atouts pour les entrepreneurs et investisseurs \u00e9trangers.<\/p>\n<p class=\"fig-paragraph\">Cet article est extrait du Figaro Hors-S\u00e9rie Canada\u00a0<a href=\"https:\/\/boutique.lefigaro.fr\/produit\/140540-d-est-en-ouest-vivre-au-canada-n-4\" target=\"_blank\" rel=\"sponsored noopener\" data-gtm-custom-categorie=\"navigation\" data-gtm-custom-action=\"crossclick\" data-gtm-custom-label=\"Contextuel\" data-gtm-event=\"customEventSPE\">\u00abD\u2019Est en Ouest &#8211; Vivre au Canada n\u00b04\u00bb<\/a>.<\/p>\n<p class=\"fig-paragraph\">St\u00e9phane Dion est ambassadeur du Canada en France et \u00e0 Monaco, envoy\u00e9 sp\u00e9cial du Premier ministre pour l\u2019Europe et l\u2019Union Europ\u00e9enne.\u00a0<\/p>\n<p>                                    <a class=\"fig-a11y-skip a11y-hidden\" href=\"#fig-a11y-skip-main-inarticle\"><br \/>\n        Passer la publicit\u00e9<br \/>\n    <\/a><\/p>\n<p class=\"fig-paragraph\"><strong>Le FIGARO. &#8211; Le Premier ministre Mark Carney a d\u00e9clar\u00e9 que le Canada est \u00ab le plus europ\u00e9en des pays non europ\u00e9ens\u00a0\u00bb. Que voulait-il dire\u00a0?\u00a0<\/strong><\/p>\n<p class=\"fig-paragraph\"><strong>St\u00e9phane DION. &#8211;<\/strong> Cette affirmation refl\u00e8te une r\u00e9alit\u00e9 historique. Le Canada a des racines autochtones, mais aussi europ\u00e9ennes &#8211; fran\u00e7aises et britanniques. Nous avons d\u2019ailleurs adopt\u00e9 les institutions britanniques, et deux langues officielles\u00a0: le fran\u00e7ais et l\u2019anglais. \u00c0 cela s\u2019ajoute une immigration venue d\u2019Allemagne, d\u2019Italie, de Pologne, d\u2019Ukraine&#8230; Mais au-del\u00e0, nos politiques et notre mode de vie sont marqu\u00e9s par la conception sociale du mod\u00e8le europ\u00e9en, de la vie en soci\u00e9t\u00e9, de l\u2019appui de la collectivit\u00e9.<\/p>\n<p class=\"fig-body-link\">\n            \u00c0 lire aussi<br \/>\n        <a class=\"fig-body-link__link fig-premium-mark\" href=\"https:\/\/www.lefigaro.fr\/vox\/culture\/meditation-sur-l-identite-et-le-destin-du-quebec-20211012\" data-fig-type=\"Article\" data-gtm-custom-categorie=\"navigation\" data-gtm-custom-action=\"crossclick\" data-gtm-custom-label=\"Contextuel\" data-gtm-event=\"customEventSPE\" data-fig-domain=\"LEFIGARO\" target=\"_blank\" rel=\"noopener\">M\u00e9ditation sur l\u2019identit\u00e9 et le destin du Qu\u00e9bec<br \/>\n    <\/a>\n<\/p>\n<p class=\"fig-paragraph\"><strong>Quels atouts offre le Canada aux investisseurs et entrepreneurs \u00e9trangers\u00a0?<\/strong><\/p>\n<p class=\"fig-paragraph\">Le pays dispose d\u2019une \u00e9conomie de pointe et d\u2019une main-d\u2019oeuvre parmi les plus instruites de l\u2019OCDE. Son solide syst\u00e8me bancaire a su r\u00e9sister aux crises mondiales et ses 15 accords de libre-\u00e9change lui ouvrent notamment l\u2019Europe, les Am\u00e9riques et l\u2019Asie. Le\u00a0<a href=\"http:\/\/www.lefigaro.fr\/secteur\/high-tech\/le-canada-a-la-fois-leader-et-precurseur-dans-l-intelligence-artificielle-20250731\" data-fig-type=\"Article\" data-gtm-custom-categorie=\"navigation\" data-gtm-custom-action=\"crossclick\" data-gtm-custom-label=\"Contextuel\" data-gtm-event=\"customEventSPE\" data-fig-domain=\"LEFIGARO\" target=\"_blank\" rel=\"noopener\">Canada\u00a0<\/a>est un ami, un alli\u00e9 fiable, respectueux du droit, des trait\u00e9s et de la parole donn\u00e9e. Il est aussi riche en ressources essentielles \u00e0 la transition \u00e9nerg\u00e9tique, num\u00e9rique et industrielle. Et puis, la voie est ouverte par des pr\u00e9curseurs\u00a0: 665 entreprises fran\u00e7aises y sont d\u00e9j\u00e0 pr\u00e9sentes, totalisant 1500 filiales dans des secteurs strat\u00e9giques comme le transport, l\u2019industrie pharmaceutique, les services financiers, les infrastructures, etc.<\/p>\n<p class=\"fig-paragraph\"><strong>Et qu\u2019en est-il pour les familles\u00a0?\u00a0<\/strong><\/p>\n<p>                                    <a class=\"fig-a11y-skip a11y-hidden\" href=\"#fig-a11y-skip-main-inarticle_mtf\"><br \/>\n        Passer la publicit\u00e9<br \/>\n    <\/a><\/p>\n<p class=\"fig-paragraph\">Le Canada offre une qualit\u00e9 de vie exceptionnelle gr\u00e2ce \u00e0 une combinaison rare\u00a0: libert\u00e9 individuelle, esprit de solidarit\u00e9, accueil chaleureux, qualit\u00e9 des services publics et paysages f\u00e9eriques. Pour les familles, il s\u2019agit d\u2019un environnement s\u00e9curitaire, avec un syst\u00e8me d\u2019\u00e9ducation parmi les meilleurs au monde.<\/p>\n<blockquote class=\"fig-quote&#10;    \">\n<p class=\"fig-quote__text\">Peu de pays sont mieux plac\u00e9s que le Canada pour faire valoir que la guerre des tarifs est nocive pour tout le monde<\/p>\n<p>            St\u00e9phane Dion\n    <\/p><\/blockquote>\n<p class=\"fig-paragraph\"><strong>Quel message adresser aux futurs expatri\u00e9s dans le contexte d\u2019incertitude li\u00e9 aux \u00e9lections am\u00e9ricaines\u00a0?<\/strong><\/p>\n<p class=\"fig-paragraph\">Si le Canada est le plus europ\u00e9en des pays non europ\u00e9ens, il est aussi profond\u00e9ment nord-am\u00e9ricain. Nous avons des relations \u00e9troites, de peuple \u00e0 peuple avec la civilisation \u00e9tats-unienne. C\u2019est un atout \u00e9norme, car, en d\u00e9finitive, c\u2019est le peuple am\u00e9ricain qui pourra infl\u00e9chir la politique de son gouvernement dans le bon sens. Peu de pays sont mieux plac\u00e9s que le Canada pour faire valoir que la guerre des tarifs est nocive pour tout le monde, y compris pour les Am\u00e9ricains, car nos \u00e9conomies sont totalement imbriqu\u00e9es. Les \u00c9tats-Unis exportent plus au Canada qu\u2019en Chine, au Japon, au Royaume-Uni et en France&#8230; r\u00e9unis\u00a0! Le Canada joue donc un r\u00f4le cl\u00e9 pour influencer positivement les relations transatlantiques et d\u00e9fendre un commerce ouvert qui profite \u00e0 tous.<\/p>\n<p class=\"fig-body-link\">\n            \u00c0 lire aussi<br \/>\n        <a class=\"fig-body-link__link fig-premium-mark\" href=\"http:\/\/www.lefigaro.fr\/finances-perso\/la-vie-est-moins-chere-qu-en-france-ces-expatries-ont-choisi-de-s-installer-en-italie-voici-pourquoi-20250529\" data-fig-type=\"Article\" data-gtm-custom-categorie=\"navigation\" data-gtm-custom-action=\"crossclick\" data-gtm-custom-label=\"Contextuel\" data-gtm-event=\"customEventSPE\" data-fig-domain=\"LEFIGARO\" target=\"_blank\" rel=\"noopener\">\u00abLa vie est moins ch\u00e8re qu\u2019en France\u00bb\u00a0: ces expatri\u00e9s qui ont choisi de s\u2019installer en Italie<br \/>\n    <\/a>\n<\/p>\n<p class=\"fig-paragraph\"><strong>Quelles sont les perspectives pour les Fran\u00e7ais int\u00e9ress\u00e9s par l\u2019expatriation au vu de la r\u00e9vision des seuils d\u2019immigration\u00a0?<\/strong><\/p>\n<p class=\"fig-paragraph\">Les r\u00e9visions r\u00e9centes visent \u00e0 pr\u00e9server la solidit\u00e9 du syst\u00e8me afin de garantir un accueil digne. Pour les r\u00e9sidents permanents, les nouvelles cibles sont de 395.000 en 2025 et 380.000 en 2026, tandis que pour les r\u00e9sidents temporaires, elles sont fix\u00e9es \u00e0 673.000 pour 2025 et 516.000 en 2026. Les candidats venus de France continueront d\u2019\u00eatre bienvenus et recherch\u00e9s, comme en t\u00e9moignent les objectifs ambitieux d\u2019immigration francophone hors Qu\u00e9bec (lequel a ses propres objectifs de recrutement francophone)\u00a0: 8,5 % d\u00e8s 2025, 9,5 % en 2026, et une volont\u00e9 d\u2019atteindre 12 %. Un Canadien sur quatre est n\u00e9 \u00e0 l\u2019\u00e9tranger, nous sommes et resterons tr\u00e8s ouverts \u00e0 l\u2019immigration.<\/p>\n<p>                                    <a class=\"fig-a11y-skip a11y-hidden\" href=\"#fig-a11y-skip-main-inarticle_btf\"><br \/>\n        Passer la publicit\u00e9<br \/>\n    <\/a><\/p>\n<p class=\"fig-paragraph\"><strong>Quelle est la valeur canadienne qui vous est la plus ch\u00e8re\u00a0?\u00a0<\/strong><\/p>\n<p class=\"fig-paragraph\">Je crois que la libert\u00e9 est la valeur la plus fondamentale. Mais aucune valeur ne peut \u00eatre absolue en soci\u00e9t\u00e9. Il faut prot\u00e9ger la libert\u00e9 tout en la conciliant avec l\u2019\u00e9galit\u00e9, la solidarit\u00e9 et la fraternit\u00e9 &#8211; des valeurs profond\u00e9ment canadiennes qu\u2019on retrouve aussi dans la devise de la\u00a0<a href=\"http:\/\/www.lefigaro.fr\/livres\/une-republique-francaise-1870-1940-de-jean-noel-jeanneney-plaidoyer-pour-la-gueuse-20241114\" data-fig-type=\"Article\" data-gtm-custom-categorie=\"navigation\" data-gtm-custom-action=\"crossclick\" data-gtm-custom-label=\"Contextuel\" data-gtm-event=\"customEventSPE\" data-fig-domain=\"LEFIGARO\" target=\"_blank\" rel=\"noopener\">R\u00e9publique fran\u00e7aise<\/a>.<\/p>\n","protected":false},"excerpt":{"rendered":"ENTRETIEN &#8211; L\u2019ambassadeur du Canada en France revient sur la culture historique du pays ainsi que sur les&hellip;\n","protected":false},"author":2,"featured_media":295844,"comment_status":"","ping_status":"","sticky":false,"template":"","format":"standard","meta":{"footnotes":""},"categories":[1586],"tags":[11,574,2956,1777,674,1011,27,12,25],"class_list":{"0":"post-295843","1":"post","2":"type-post","3":"status-publish","4":"format-standard","5":"has-post-thumbnail","7":"category-europe","8":"tag-actualites","9":"tag-canada","10":"tag-entretien","11":"tag-eu","12":"tag-europe","13":"tag-fr","14":"tag-france","15":"tag-news","16":"tag-republique-francaise"},"share_on_mastodon":{"url":"https:\/\/pubeurope.com\/@fr\/114970786816521046","error":""},"_links":{"self":[{"href":"https:\/\/www.europesays.com\/fr\/wp-json\/wp\/v2\/posts\/295843","targetHints":{"allow":["GET"]}}],"collection":[{"href":"https:\/\/www.europesays.com\/fr\/wp-json\/wp\/v2\/posts"}],"about":[{"href":"https:\/\/www.europesays.com\/fr\/wp-json\/wp\/v2\/types\/post"}],"author":[{"embeddable":true,"href":"https:\/\/www.europesays.com\/fr\/wp-json\/wp\/v2\/users\/2"}],"replies":[{"embeddable":true,"href":"https:\/\/www.europesays.com\/fr\/wp-json\/wp\/v2\/comments?post=295843"}],"version-history":[{"count":0,"href":"https:\/\/www.europesays.com\/fr\/wp-json\/wp\/v2\/posts\/295843\/revisions"}],"wp:featuredmedia":[{"embeddable":true,"href":"https:\/\/www.europesays.com\/fr\/wp-json\/wp\/v2\/media\/295844"}],"wp:attachment":[{"href":"https:\/\/www.europesays.com\/fr\/wp-json\/wp\/v2\/media?parent=295843"}],"wp:term":[{"taxonomy":"category","embeddable":true,"href":"https:\/\/www.europesays.com\/fr\/wp-json\/wp\/v2\/categories?post=295843"},{"taxonomy":"post_tag","embeddable":true,"href":"https:\/\/www.europesays.com\/fr\/wp-json\/wp\/v2\/tags?post=295843"}],"curies":[{"name":"wp","href":"https:\/\/api.w.org\/{rel}","templated":true}]}}