{"id":295845,"date":"2025-08-04T13:42:09","date_gmt":"2025-08-04T13:42:09","guid":{"rendered":"https:\/\/www.europesays.com\/fr\/295845\/"},"modified":"2025-08-04T13:42:09","modified_gmt":"2025-08-04T13:42:09","slug":"pour-meta-leurope-est-coincee-dans-le-passe-a-cause-de-sa-surreglementation","status":"publish","type":"post","link":"https:\/\/www.europesays.com\/fr\/295845\/","title":{"rendered":"Pour Meta, l\u2019Europe est coinc\u00e9e dans le pass\u00e9 \u00e0 cause de sa \u00ab surr\u00e8glementation \u00bb"},"content":{"rendered":"<p>Meta continue sa <a href=\"https:\/\/about.fb.com\/news\/2025\/08\/how-eu-over-regulation-is-stifling-business-growth-and-innovation\/\" target=\"_blank\" rel=\"noreferrer noopener nofollow\">charge contre l\u2019Union europ\u00e9enne et sa r\u00e9glementation<\/a>. \u00ab\u00a0L\u2019Union europ\u00e9enne (UE) affirme vouloir \u00eatre comp\u00e9titive \u00e0 l\u2019\u00e9chelle mondiale, mais une r\u00e9glementation trop complexe et lourde emp\u00eache l\u2019innovation technologique qui stimule la croissance des concurrents mondiaux\u00a0\u00bb, fustige l\u2019entreprise.<\/p>\n<p>L\u2019Europe serait en retard sur les \u00ab\u00a0messageries d\u2019entreprise\u00a0\u00bb<\/p>\n<p>Pour Meta, l\u2019Europe serait particuli\u00e8rement en retard sur les messageries d\u2019entreprise. La soci\u00e9t\u00e9 am\u00e9ricaine ne parle pas de solutions comme Slack, Teams ou Mattermost, mais de celles faisant le lien entre les entreprises et leurs clients.<\/p>\n<p>Sont ainsi mises en avant les plateformes WhatsApp, Messenger et Instagram Direct. Selon Meta, Il y aurait chaque jour 600 millions de conversations entre les particuliers et les soci\u00e9t\u00e9s sur les trois plateformes. 80 % des personnes dans le monde enverraient m\u00eame au moins un message par semaine aux entreprises concern\u00e9es.<\/p>\n<p>Meta \u00e9voque un boum dans ce type de communication, notamment au Br\u00e9sil, en Inde et en Indon\u00e9sie. Mais l\u2019Europe passerait compl\u00e8tement \u00e0 c\u00f4t\u00e9 de ces opportunit\u00e9s. Selon l\u2019entreprise, il y a en Union europ\u00e9enne des limitations inh\u00e9rentes aux produits en activit\u00e9 dans l\u2019espace \u00e9conomique \u00e0 cause des r\u00e9glementations. \u00c0 cause de ce cadre, \u00ab\u00a0la disponibilit\u00e9 et l\u2019adoption de la messagerie commerciale dans l\u2019UE sont nettement inf\u00e9rieures \u00e0 la concurrence mondiale\u00a0\u00bb, indique Meta.<\/p>\n<p>Charge directe contre la protection des donn\u00e9es<\/p>\n<p>\u00ab\u00a0Lorsque des entreprises en dehors de l\u2019UE souhaitent partager de nouveaux produits ou fonctionnalit\u00e9s avec des clients, ou entrer en contact avec des acheteurs potentiels, elles disposent d\u2019outils qui les aident \u00e0 comprendre qui est int\u00e9ress\u00e9 par leur produit ou service et \u00e0 discuter rapidement avec eux\u00a0\u00bb, indique Meta.<\/p>\n<p>Et dans l\u2019Union europ\u00e9enne\u00a0? Les entreprises n\u2019auraient \u00ab\u00a0pas ce luxe\u00a0\u00bb. Meta s\u2019en prend directement \u00e0 la protection des donn\u00e9es en Europe\u00a0: la directive ePrivacy est accus\u00e9e de nuire aux entreprises, car elles ne peuvent pas avoir acc\u00e8s aux m\u00eames donn\u00e9es ou informations sur les clients que dans le reste du monde.<\/p>\n<p>La communication de Meta se fait m\u00eame brutale\u00a0: \u00ab\u00a0Les technologies num\u00e9riques qui pourraient \u00eatre transformatrices sont encore \u00e0 peine plus avanc\u00e9es que les bulletins d\u2019information papier et les communications par courrier \u00e9lectronique\u00a0\u00bb.<\/p>\n<p>Deux facteurs sont cruciaux selon Meta\u00a0: une surr\u00e8glementation et des interpr\u00e9tations parfois extr\u00eames, en plus de varier selon les pays membres de l\u2019Union. Ces interpr\u00e9tations porteraient \u00ab\u00a0sur des capacit\u00e9s cruciales telles que la segmentation, les informations sur l\u2019audience et les taux de clics\u00a0\u00bb. Les entreprises europ\u00e9ennes seraient ainsi coinc\u00e9es dans le pass\u00e9, selon la firme am\u00e9ricaine. Sans surprise, cette situation serait \u00e9tendue \u00e0 l\u2019IA, qui accuserait \u00ab\u00a0un retard de plusieurs mois par rapport \u00e0 d\u2019autres pays, ce qui a un impact sur le monde r\u00e9el\u00a0\u00bb.<\/p>\n<p>Militantisme paroissial<\/p>\n<p>Meta aligne ses arguments pour faire avancer ses lignes de produits. Sa communication se fait plus agressive, la soci\u00e9t\u00e9 insistant sur le danger pour l\u2019Europe de se retrouver dans un \u00e2ge de pierre num\u00e9rique.<\/p>\n<p>L\u2019entreprise a \u00e9t\u00e9 condamn\u00e9e \u00e0 plusieurs reprises en Europe pour ses manquements aux r\u00e9glementations en vigueur. La derni\u00e8re, <a href=\"https:\/\/next.ink\/182056\/dma-apple-ecope-dune-amende-de-500-millions-deuros-meta-de-200-millions\/\" target=\"_blank\" rel=\"noreferrer noopener nofollow\">de 200 millions d\u2019euros<\/a>, concerne les fameux abonnements mis en place par Meta pour supprimer la publicit\u00e9. Une solution que n\u2019a pas appr\u00e9ci\u00e9e la Commission europ\u00e9enne, puisqu\u2019elle ne r\u00e9pondait pas \u00e0 la critique initiale. Ces abonnements ne respectent en effet pas le RGPD selon l\u2019instance, les internautes n\u2019ayant pas le choix sur le traitement des donn\u00e9es\u00a0: ils doivent l\u2019accepter ou payer un abonnement pour ne plus afficher les publicit\u00e9s, sans savoir si cette formule payante arr\u00eate le traitement des donn\u00e9es personnelles.<\/p>\n<p>Meta a donc une revanche \u00e0 prendre sur un espace \u00e9conomique contraignant pour ses desseins, notamment l\u2019intelligence artificielle. On se rappelle que la soci\u00e9t\u00e9 a voulu d\u00e9clencher l\u2019aspiration des donn\u00e9es personnelles des comptes europ\u00e9ens pour l\u2019entrainement de ses mod\u00e8les. Elle y a <a href=\"https:\/\/next.ink\/139781\/11-plaintes-contre-lutilisation-abusive-des-donnees-personnelles-par-les-ia-de-meta\/\" target=\"_blank\" rel=\"noreferrer noopener nofollow\">ensuite renonc\u00e9<\/a>, pour <a href=\"https:\/\/next.ink\/180850\/meta-va-de-nouveau-entrainer-ses-ia-sur-les-donnees-des-utilisateurs-europeens\/\" target=\"_blank\" rel=\"noreferrer noopener nofollow\">finalement relancer l\u2019op\u00e9ration<\/a>. Nous avons d\u2019ailleurs publi\u00e9 un guide pour d\u00e9sactiver ces traitements.<\/p>\n<p>La firme traite les r\u00e8glementations comme ePrivacy et le RGPD comme des barri\u00e8res emp\u00eachant les entreprises europ\u00e9ennes de s\u2019\u00e9vanouir. Mais leurs b\u00e9n\u00e9fices sur la vie priv\u00e9e sont pass\u00e9s sous silence. La communication de Meta est d\u2019autant plus visible qu\u2019\u00e0 l\u2019exception d\u2019Apple, qui <a href=\"https:\/\/next.ink\/186567\/dma-apple-ne-veut-rien-savoir-et-fait-appel-de-sa-condamnation\/\" target=\"_blank\" rel=\"noreferrer noopener nofollow\">peste r\u00e9guli\u00e8rement contre le DMA<\/a>, les concurrents ont une approche plus discr\u00e8te.<\/p>\n<p>On a pu ainsi voir r\u00e9cemment que Meta se retrouvait isol\u00e9e sur le terrain de l\u2019IA face \u00e0 la charte europ\u00e9enne des bonnes pratiques europ\u00e9enne. Peu contraignante, elle n\u2019a pas trouv\u00e9 gr\u00e2ce \u00e0 ses yeux. Depuis deux semaines, <a href=\"https:\/\/next.ink\/194223\/ia-google-va-signer-le-code-de-bonnes-pratiques-de-lunion-europeenne\/\" rel=\"nofollow noopener\" target=\"_blank\">les annonces se sont cependant enchai<\/a><a href=\"https:\/\/next.ink\/194223\/ia-google-va-signer-le-code-de-bonnes-pratiques-de-lunion-europeenne\/\" target=\"_blank\" rel=\"noreferrer noopener nofollow\">n<\/a><a href=\"https:\/\/next.ink\/194223\/ia-google-va-signer-le-code-de-bonnes-pratiques-de-lunion-europeenne\/\" rel=\"nofollow noopener\" target=\"_blank\">\u00e9es<\/a> chez Google, Anthropic, Mistral, OpenAI ou encore Microsoft pour annoncer la signature de cette charte.<\/p>\n","protected":false},"excerpt":{"rendered":"Meta continue sa charge contre l\u2019Union europ\u00e9enne et sa r\u00e9glementation. \u00ab\u00a0L\u2019Union europ\u00e9enne (UE) affirme vouloir \u00eatre comp\u00e9titive \u00e0&hellip;\n","protected":false},"author":2,"featured_media":295846,"comment_status":"","ping_status":"","sticky":false,"template":"","format":"standard","meta":{"footnotes":""},"categories":[1586],"tags":[11,1777,674,1779,1011,27,12,25,1778,364],"class_list":{"0":"post-295845","1":"post","2":"type-post","3":"status-publish","4":"format-standard","5":"has-post-thumbnail","7":"category-europe","8":"tag-actualites","9":"tag-eu","10":"tag-europe","11":"tag-european-union","12":"tag-fr","13":"tag-france","14":"tag-news","15":"tag-republique-francaise","16":"tag-ue","17":"tag-union-europeenne"},"share_on_mastodon":{"url":"https:\/\/pubeurope.com\/@fr\/114970790643510361","error":""},"_links":{"self":[{"href":"https:\/\/www.europesays.com\/fr\/wp-json\/wp\/v2\/posts\/295845","targetHints":{"allow":["GET"]}}],"collection":[{"href":"https:\/\/www.europesays.com\/fr\/wp-json\/wp\/v2\/posts"}],"about":[{"href":"https:\/\/www.europesays.com\/fr\/wp-json\/wp\/v2\/types\/post"}],"author":[{"embeddable":true,"href":"https:\/\/www.europesays.com\/fr\/wp-json\/wp\/v2\/users\/2"}],"replies":[{"embeddable":true,"href":"https:\/\/www.europesays.com\/fr\/wp-json\/wp\/v2\/comments?post=295845"}],"version-history":[{"count":0,"href":"https:\/\/www.europesays.com\/fr\/wp-json\/wp\/v2\/posts\/295845\/revisions"}],"wp:featuredmedia":[{"embeddable":true,"href":"https:\/\/www.europesays.com\/fr\/wp-json\/wp\/v2\/media\/295846"}],"wp:attachment":[{"href":"https:\/\/www.europesays.com\/fr\/wp-json\/wp\/v2\/media?parent=295845"}],"wp:term":[{"taxonomy":"category","embeddable":true,"href":"https:\/\/www.europesays.com\/fr\/wp-json\/wp\/v2\/categories?post=295845"},{"taxonomy":"post_tag","embeddable":true,"href":"https:\/\/www.europesays.com\/fr\/wp-json\/wp\/v2\/tags?post=295845"}],"curies":[{"name":"wp","href":"https:\/\/api.w.org\/{rel}","templated":true}]}}