{"id":295847,"date":"2025-08-04T13:43:11","date_gmt":"2025-08-04T13:43:11","guid":{"rendered":"https:\/\/www.europesays.com\/fr\/295847\/"},"modified":"2025-08-04T13:43:11","modified_gmt":"2025-08-04T13:43:11","slug":"gaza-israel-veut-mettre-le-sort-des-otages-au-coeur-de-lagenda-international-actualites","status":"publish","type":"post","link":"https:\/\/www.europesays.com\/fr\/295847\/","title":{"rendered":"Gaza: Isra\u00ebl veut mettre le sort des otages au coeur de l&rsquo;agenda international : Actualit\u00e9s"},"content":{"rendered":"<p class=\"lead \">Isra\u00ebl a annonc\u00e9 lundi vouloir mettre la question des otages retenus depuis 22 mois \u00e0 Gaza \u00ab\u00a0au centre de l&rsquo;agenda mondial\u00a0\u00bb, apr\u00e8s la publication de vid\u00e9os montrant deux d&rsquo;entre eux tr\u00e8s affaiblis, qui ont choqu\u00e9 le pays et accru la pression de l&rsquo;opinion publique sur le Premier ministre Benjamin Netanyahu.<\/p>\n<p class=\"lead \">\u00ab\u00a0Cela doit \u00eatre au premier plan sur la sc\u00e8ne mondiale\u00a0\u00bb, a d\u00e9clar\u00e9 \u00e0 la presse le ministre des Affaires \u00e9trang\u00e8res, Gideon Saar, avant de partir pour New York o\u00f9 il doit participer mardi \u00e0 une session du Conseil de s\u00e9curit\u00e9 des Nations unies, initi\u00e9e par Isra\u00ebl et consacr\u00e9e \u00e0 la situation des otages.<\/p>\n<p class=\"lead \">\u00ab\u00a0C&rsquo;est pourquoi j&rsquo;ai contact\u00e9 mes coll\u00e8gues et leur ai demand\u00e9 de placer d&rsquo;urgence les questions des otages au centre de l&rsquo;agenda mondial\u00a0\u00bb, a-t-il expliqu\u00e9.<\/p>\n<p class=\"lead \"> Sur les 251 personnes enlev\u00e9es pendant l&rsquo;attaque du Hamas en Isra\u00ebl le 7 octobre 2023, 49 restent retenues \u00e0 Gaza, dont 27 d\u00e9clar\u00e9es mortes par l&rsquo;arm\u00e9e isra\u00e9lienne, apr\u00e8s deux tr\u00eaves ayant permis la lib\u00e9ration des autres.<\/p>\n<p class=\"lead \">La publication depuis jeudi par le Hamas et le Jihad islamique de trois vid\u00e9os montrant deux otages isra\u00e9liens, Rom Breslevski et Evyatar David, tr\u00e8s affaiblis et d\u00e9charn\u00e9s, ont provoqu\u00e9 un vif \u00e9moi et raviv\u00e9 en Isra\u00ebl le d\u00e9bat sur la n\u00e9cessit\u00e9 d&rsquo;arriver au plus vite \u00e0 un accord pour lib\u00e9rer les captifs.<\/p>\n<p class=\"lead \">Benjamin Netanyahu s&rsquo;est dit dimanche \u00ab\u00a0choqu\u00e9\u00a0\u00bb par ces \u00ab\u00a0vid\u00e9os d&rsquo;horreur\u00a0\u00bb et a sollicit\u00e9 l&rsquo;aide du Comit\u00e9 international de la Croix-Rouge (CICR) pour fournir \u00ab\u00a0nourriture\u00a0\u00bb et \u00ab\u00a0traitement m\u00e9dical\u00a0\u00bb aux otages.<\/p>\n<p class=\"lead \">Le Hamas a exig\u00e9 en retour l&rsquo;ouverture de \u00ab\u00a0couloirs humanitaires (&#8230;) pour le passage de nourriture et de m\u00e9dicaments\u00a0\u00bb dans le territoire palestinien assi\u00e9g\u00e9 et menac\u00e9 de \u00ab\u00a0famine g\u00e9n\u00e9ralis\u00e9e\u00a0\u00bb, selon l&rsquo;ONU.<\/p>\n<p class=\"lead \">&#8211; \u00ab\u00a0Mille ans d&rsquo;exp\u00e9rience\u00a0\u00bb &#8211;<\/p>\n<p class=\"lead \">Sous pression de son opinion publique, M. Netanyahu r\u00e9unit mardi son gouvernement, selon la presse isra\u00e9lienne, alors qu&rsquo;un cabinet restreint de la s\u00e9curit\u00e9 doit faire des annonces formelles ces prochains jours quant \u00e0 la poursuite de la guerre. <\/p>\n<p class=\"lead \">Le Hamas \u00ab\u00a0veut nous briser, par le biais de cette propagande abominable, mensong\u00e8re et atroce qu&rsquo;il diffuse dans le monde entier\u00a0\u00bb, a-t-il dit.<\/p>\n<p class=\"lead \">\u00ab\u00a0Mais nous ne c\u00e9derons pas. Je suis encore plus r\u00e9solu \u00e0 lib\u00e9rer nos otages, \u00e0 \u00e9radiquer le Hamas, \u00e0 garantir que Gaza ne repr\u00e9sentera plus une menace pour l&rsquo;Etat d&rsquo;Isra\u00ebl\u00a0\u00bb.<\/p>\n<p class=\"lead \">Pr\u00e8s de 600 anciens responsables de l&rsquo;appareil s\u00e9curitaire en Isra\u00ebl, du Mossad et du Shin Bet notamment, ont appel\u00e9 le pr\u00e9sident am\u00e9ricain Donald Trump \u00e0 faire pression sur M. Netanyahu pour mettre fin \u00e0 la guerre et ainsi ramener \u00ab\u00a0les otages chez eux\u00a0\u00bb. \u00ab\u00a0Arr\u00eatez la guerre \u00e0 Gaza!\u00a0\u00bb, exhorte ce courrier.<\/p>\n<p class=\"lead \">Accompagn\u00e9e d&rsquo;une vid\u00e9o, la lettre est sign\u00e9e des principaux ma\u00eetres-espions isra\u00e9liens, d&rsquo;une cohorte d&rsquo;ex-g\u00e9n\u00e9raux et de responsables s\u00e9curitaires, au coeur de tous les secrets d&rsquo;Isra\u00ebl depuis trois d\u00e9cennies, forts \u00e0 eux seuls de \u00ab\u00a0mille ans d&rsquo;exp\u00e9rience dans la s\u00e9curit\u00e9 nationale et la diplomatie\u00a0\u00bb du pays.<\/p>\n<p class=\"lead \">M. Netanyahu \u00ab\u00a0m\u00e8ne Isra\u00ebl \u00e0 sa ruine et les otages \u00e0 leur mort\u00a0\u00bb, a accus\u00e9 le Forum des familles, la principale organisation de familles de captifs.<\/p>\n<p class=\"lead \">\u00ab\u00a0La poursuite de la guerre met en danger la vie des otages, qui sont d\u00e9j\u00e0 en danger mortel imm\u00e9diat. Nous avons vu leurs images gla\u00e7antes dans les tunnels; ils ne survivront pas \u00e0 de nombreux jours de supplice suppl\u00e9mentaires\u00a0\u00bb, s&rsquo;alarme le Forum.<\/p>\n<p class=\"lead \">\u00ab\u00a0Depuis 22 mois, on vend au public l&rsquo;illusion que la pression militaire et les combats intenses ram\u00e8neront les otages\u00a0\u00bb, mais ces discours \u00ab\u00a0ne sont que mensonge et tromperie du public\u00a0\u00bb, estiment les proches des otages. <\/p>\n<p class=\"lead \">&#8211; \u00ab\u00a0Enorme erreur\u00a0\u00bb &#8211;<\/p>\n<p class=\"lead \">Lundi, M. Saar s&rsquo;en est pris une nouvelle fois aux pays comme la France, la Grande-Bretagne et le Canada, qui ont annonc\u00e9 leur intention de reconna\u00eetre un Etat de Palestine, faisant ainsi un \u00ab\u00a0\u00e9norme cadeau au Hamas\u00a0\u00bb, a-t-il d\u00e9nonc\u00e9.<\/p>\n<p class=\"lead \">\u00ab\u00a0Ces pays doivent comprendre les cons\u00e9quences de leurs actions. J&rsquo;avais d\u00e9j\u00e0 averti (&#8230;) que reconna\u00eetre un Etat palestinien virtuel conduirait \u00e0 tuer les chances de conclure un accord sur les otages et le cessez-le-feu. C&rsquo;est exactement ce qui s&rsquo;est pass\u00e9\u00a0\u00bb, a-t-il assur\u00e9.<\/p>\n<p class=\"lead \">\u00ab\u00a0Ces d\u00e9marches n&rsquo;ont fait qu&rsquo;affermir la position du Hamas. Pendant des jours critiques dans les n\u00e9gociations pour un accord sur les otages et le cessez-le-feu, elles les ont r\u00e9compens\u00e9s pour leur terreur. C&rsquo;est une \u00e9norme erreur\u00a0\u00bb, selon M. Saar.<\/p>\n<p class=\"lead \">Plusieurs journaux isra\u00e9liens citent lundi un m\u00eame responsable gouvernemental anonyme, affirmant que le gouvernement est \u00ab\u00a0engag\u00e9 dans un dialogue avec les Am\u00e9ricains, et la compr\u00e9hension qui \u00e9merge est que le Hamas ne veut pas d&rsquo;accord\u00a0\u00bb.<\/p>\n<p class=\"lead \">\u00ab\u00a0C&rsquo;est pourquoi le Premier ministre pousse maintenant \u00e0 lib\u00e9rer les otages tout en obtenant une victoire militaire, combin\u00e9e \u00e0 l&rsquo;entr\u00e9e d&rsquo;aide humanitaire dans des zones en dehors des zones de combat et, dans la mesure du possible, des zones hors du contr\u00f4le du Hamas\u00a0\u00bb, explique cette source.<\/p>\n<p class=\"lead \">L&rsquo;attaque du 7 octobre 2023 a entra\u00een\u00e9 du c\u00f4t\u00e9 isra\u00e9lien la mort de 1.219 personnes, en majorit\u00e9 des civils, selon un d\u00e9compte de l&rsquo;AFP r\u00e9alis\u00e9 \u00e0 partir de donn\u00e9es officielles.<\/p>\n<p class=\"lead \">Les repr\u00e9sailles isra\u00e9liennes ont fait au moins 60.933 morts \u00e0 Gaza, en majorit\u00e9 des civils, selon les donn\u00e9es du minist\u00e8re de la Sant\u00e9 du Hamas, jug\u00e9es fiables par l&rsquo;ONU.<\/p>\n","protected":false},"excerpt":{"rendered":"Isra\u00ebl a annonc\u00e9 lundi vouloir mettre la question des otages retenus depuis 22 mois \u00e0 Gaza \u00ab\u00a0au centre&hellip;\n","protected":false},"author":2,"featured_media":295848,"comment_status":"","ping_status":"","sticky":false,"template":"","format":"standard","meta":{"footnotes":""},"categories":[2],"tags":[11,2120,312,1011,27,3819,12,7621,25],"class_list":{"0":"post-295847","1":"post","2":"type-post","3":"status-publish","4":"format-standard","5":"has-post-thumbnail","7":"category-actualites","8":"tag-actualites","9":"tag-conflit","10":"tag-diplomatie","11":"tag-fr","12":"tag-france","13":"tag-isral","14":"tag-news","15":"tag-palestiniens","16":"tag-republique-francaise"},"share_on_mastodon":{"url":"https:\/\/pubeurope.com\/@fr\/114970794628031883","error":""},"_links":{"self":[{"href":"https:\/\/www.europesays.com\/fr\/wp-json\/wp\/v2\/posts\/295847","targetHints":{"allow":["GET"]}}],"collection":[{"href":"https:\/\/www.europesays.com\/fr\/wp-json\/wp\/v2\/posts"}],"about":[{"href":"https:\/\/www.europesays.com\/fr\/wp-json\/wp\/v2\/types\/post"}],"author":[{"embeddable":true,"href":"https:\/\/www.europesays.com\/fr\/wp-json\/wp\/v2\/users\/2"}],"replies":[{"embeddable":true,"href":"https:\/\/www.europesays.com\/fr\/wp-json\/wp\/v2\/comments?post=295847"}],"version-history":[{"count":0,"href":"https:\/\/www.europesays.com\/fr\/wp-json\/wp\/v2\/posts\/295847\/revisions"}],"wp:featuredmedia":[{"embeddable":true,"href":"https:\/\/www.europesays.com\/fr\/wp-json\/wp\/v2\/media\/295848"}],"wp:attachment":[{"href":"https:\/\/www.europesays.com\/fr\/wp-json\/wp\/v2\/media?parent=295847"}],"wp:term":[{"taxonomy":"category","embeddable":true,"href":"https:\/\/www.europesays.com\/fr\/wp-json\/wp\/v2\/categories?post=295847"},{"taxonomy":"post_tag","embeddable":true,"href":"https:\/\/www.europesays.com\/fr\/wp-json\/wp\/v2\/tags?post=295847"}],"curies":[{"name":"wp","href":"https:\/\/api.w.org\/{rel}","templated":true}]}}