{"id":29585,"date":"2025-04-16T16:44:18","date_gmt":"2025-04-16T16:44:18","guid":{"rendered":"https:\/\/www.europesays.com\/fr\/29585\/"},"modified":"2025-04-16T16:44:18","modified_gmt":"2025-04-16T16:44:18","slug":"entre-la-gare-saint-jean-et-la-garonne-le-projet-canopia-demarre-sa-construction","status":"publish","type":"post","link":"https:\/\/www.europesays.com\/fr\/29585\/","title":{"rendered":"entre la gare Saint-Jean et la Garonne, le projet Canopia d\u00e9marre sa construction"},"content":{"rendered":"<p>La premi\u00e8re pierre du projet Canopia a \u00e9t\u00e9 pos\u00e9e, vendredi 11 avril, \u00e0 proximit\u00e9 de la gare de Bordeaux. Des logements et des commerces vont \u00eatre construits dans le quartier, autour d\u2019une grande place v\u00e9g\u00e9talis\u00e9e.<\/p>\n<p class=\"fig-paragraph\">C\u2019est l\u2019un des plus grands chantiers de la\u00a0<a href=\"https:\/\/www.lefigaro.fr\/bordeaux\/bordeaux-l-ex-enseignant-de-l-ecole-catholique-saint-genes-accuse-d-agressions-sexuelles-desormais-mis-en-examen-pour-viols-aggraves-20250414?msockid=258c4318a154643d05395665a0ed65f9\" target=\"_blank\" data-fig-type=\"NewsFlash\" rel=\"noopener\" data-gtm-custom-categorie=\"navigation\" data-gtm-custom-action=\"crossclick\" data-gtm-custom-label=\"Contextuel\" data-gtm-event=\"customEventSPE\" data-fig-domain=\"LEFIGARO\">ville de Bordeaux<\/a>\u00a0dans les cinq prochaines ann\u00e9es. Apr\u00e8s sept mois de travaux de d\u00e9construction qui ont m\u00e9tamorphos\u00e9 le quartier de la\u00a0<a href=\"https:\/\/www.lefigaro.fr\/bordeaux\/a-bordeaux-un-chantier-a-100-millions-d-euros-pour-transformer-la-gare-saint-jean-en-grande-gare-europeenne-20240528?msockid=258c4318a154643d05395665a0ed65f9\" target=\"_blank\" data-fig-type=\"NewsFlash\" rel=\"noopener\" data-gtm-custom-categorie=\"navigation\" data-gtm-custom-action=\"crossclick\" data-gtm-custom-label=\"Contextuel\" data-gtm-event=\"customEventSPE\" data-fig-domain=\"LEFIGARO\">gare Saint-Jean<\/a>, la premi\u00e8re pierre du\u00a0<a href=\"https:\/\/www.lefigaro.fr\/bordeaux\/347-millions-d-euros-leves-pour-canopia-future-artere-commercante-et-vegetalisee-pres-de-la-gare-de-bordeaux-20240808?msockid=258c4318a154643d05395665a0ed65f9\" target=\"_blank\" data-fig-type=\"NewsFlash\" rel=\"noopener\" data-gtm-custom-categorie=\"navigation\" data-gtm-custom-action=\"crossclick\" data-gtm-custom-label=\"Contextuel\" data-gtm-event=\"customEventSPE\" data-fig-domain=\"LEFIGARO\">projet Canopia men\u00e9 par l\u2019am\u00e9nageur immobilier Apsys, qui a lev\u00e9 347 millions d\u2019euros pour cela,\u00a0<\/a>a \u00e9t\u00e9 pos\u00e9e. L\u2019objectif est de cr\u00e9er une nouvelle art\u00e8re commer\u00e7ante et v\u00e9g\u00e9talis\u00e9e, qui deviendrait \u00abla porte d\u2019entr\u00e9e de Bordeaux\u00bb, selon les porteurs du projet. Cette nouvelle \u00abrue-parc\u00bb entre la gare Saint-Jean et les quais de Bordeaux devrait comprendre 70.000 m\u00b2 de commerces, bureaux et logements, 140 boutiques et deux hectares de parc.<\/p>\n<p class=\"fig-paragraph\">Canopia comportera 12.000 m\u00b2 d\u2019h\u00f4tellerie, 10.000 m\u00b2 de restauration et 6400 m\u00b2 de logements, ainsi que des bureaux, des espaces de loisirs et des rooftops. Le futur quartier r\u00e9unira \u00e9galement 13.000 m\u00b2 d\u2019espaces publics ext\u00e9rieurs. Choix notable, la pierre ancienne iconique de Bordeaux sera conserv\u00e9e sur les b\u00e2timents.<\/p>\n<p>    Visuel 3D du projet.<br \/>\n                APSYS CANOPIA<\/p>\n<p class=\"fig-paragraph\">Alain Jupp\u00e9, l\u2019ancien maire de Bordeaux, \u00e9tait \u00e0 l\u2019origine du projet \u00abRue Bordelaise\u00bb, qui a \u00e9t\u00e9 verdi et rebaptis\u00e9 \u00abCanopia\u00bb par la municipalit\u00e9 actuelle de Pierre Hurmic. Les deux hommes \u00e9taient d\u2019ailleurs pr\u00e9sents, ce vendredi sur les lieux pour marquer le grand d\u00e9but du chantier. Le maire \u00e9cologiste a salu\u00e9 un \u00abprojet majeur de construction de la ville sur la ville\u00bb. \u00abLe r\u00e9emploi massif de pierres bordelaises et le recours \u00e0 des \u00e9nergies renouvelables innovantes sont \u00e0 saluer. C\u2019est un projet que nous avons fait \u00e9voluer depuis notre arriv\u00e9e en 2020\u00a0: une v\u00e9g\u00e9talisation plus dense, une part de logements plus importante, une r\u00e9duction des parkings voiture au profit des mobilit\u00e9s douces&#8230; Nous attendons l\u2019\u00e9mergence d\u2019un quartier vivant et solidaire, ouvert sur la ville, riche de commerces \u00e9thiques et novateurs\u00bb, a-t-il d\u00e9velopp\u00e9.<\/p>\n<p>    Alain Jupp\u00e9 \u00e9tait pr\u00e9sent ce vendredi \u00e0 Bordeaux pour la pose de la premi\u00e8re pierre du projet Canopia.<br \/>\n                APSYS CANOPIA<\/p>\n<p class=\"fig-paragraph\">De son c\u00f4t\u00e9, la pr\u00e9sidente de la M\u00e9tropole Christine Bost a d\u00e9crit le chantier comme \u00abun projet embl\u00e9matique qui illustre la capacit\u00e9 de la M\u00e9tropole \u00e0 transformer un quartier en un v\u00e9ritable symbole du renouveau urbain. Ici nous dessinons l\u2019am\u00e9nagement de demain qui coche toutes les cases\u00a0: durabilit\u00e9, inclusion, attractivit\u00e9 et mobilit\u00e9.\u00bb<\/p>\n<p class=\"fig-paragraph\">L\u2019apparition des premiers b\u00e2timents aura lieu cet \u00e9t\u00e9. L\u2019ouverture du site, elle, est pr\u00e9vue au deuxi\u00e8me semestre 2027.<\/p>\n","protected":false},"excerpt":{"rendered":"La premi\u00e8re pierre du projet Canopia a \u00e9t\u00e9 pos\u00e9e, vendredi 11 avril, \u00e0 proximit\u00e9 de la gare de&hellip;\n","protected":false},"author":2,"featured_media":29586,"comment_status":"","ping_status":"","sticky":false,"template":"","format":"standard","meta":{"footnotes":""},"categories":[2817],"tags":[1111,11,7394,10285,1997,2916,2911,2910,2915,2909,2904,2913,2912,2914,2906,2907,1777,674,1011,27,2905,2908,12,2219,4860,25],"class_list":{"0":"post-29585","1":"post","2":"type-post","3":"status-publish","4":"format-standard","5":"has-post-thumbnail","7":"category-bordeaux","8":"tag-actu","9":"tag-actualites","10":"tag-alain-juppe","11":"tag-amenagement-du-territoire","12":"tag-bordeaux","13":"tag-bordeaux-cauderan","14":"tag-bordeaux-centre-ville","15":"tag-bordeaux-chartrons-grand-parc-jardin-public","16":"tag-bordeaux-la-bastide","17":"tag-bordeaux-maritime","18":"tag-bordeaux-metropole","19":"tag-bordeaux-nansouty-st-genes","20":"tag-bordeaux-st-augustin-tauzin-alphonse-dupeux","21":"tag-bordeaux-sud","22":"tag-capitale-de-gaule","23":"tag-cathedrale-gothique-de-saint-andre","24":"tag-eu","25":"tag-europe","26":"tag-fr","27":"tag-france","28":"tag-gironde","29":"tag-girondins-de-bordeaux","30":"tag-news","31":"tag-nouvelle-aquitaine","32":"tag-pierre-hurmic","33":"tag-republique-francaise"},"share_on_mastodon":{"url":"","error":"Validation failed: Text character limit of 500 exceeded"},"_links":{"self":[{"href":"https:\/\/www.europesays.com\/fr\/wp-json\/wp\/v2\/posts\/29585","targetHints":{"allow":["GET"]}}],"collection":[{"href":"https:\/\/www.europesays.com\/fr\/wp-json\/wp\/v2\/posts"}],"about":[{"href":"https:\/\/www.europesays.com\/fr\/wp-json\/wp\/v2\/types\/post"}],"author":[{"embeddable":true,"href":"https:\/\/www.europesays.com\/fr\/wp-json\/wp\/v2\/users\/2"}],"replies":[{"embeddable":true,"href":"https:\/\/www.europesays.com\/fr\/wp-json\/wp\/v2\/comments?post=29585"}],"version-history":[{"count":0,"href":"https:\/\/www.europesays.com\/fr\/wp-json\/wp\/v2\/posts\/29585\/revisions"}],"wp:featuredmedia":[{"embeddable":true,"href":"https:\/\/www.europesays.com\/fr\/wp-json\/wp\/v2\/media\/29586"}],"wp:attachment":[{"href":"https:\/\/www.europesays.com\/fr\/wp-json\/wp\/v2\/media?parent=29585"}],"wp:term":[{"taxonomy":"category","embeddable":true,"href":"https:\/\/www.europesays.com\/fr\/wp-json\/wp\/v2\/categories?post=29585"},{"taxonomy":"post_tag","embeddable":true,"href":"https:\/\/www.europesays.com\/fr\/wp-json\/wp\/v2\/tags?post=29585"}],"curies":[{"name":"wp","href":"https:\/\/api.w.org\/{rel}","templated":true}]}}