{"id":295853,"date":"2025-08-04T13:48:11","date_gmt":"2025-08-04T13:48:11","guid":{"rendered":"https:\/\/www.europesays.com\/fr\/295853\/"},"modified":"2025-08-04T13:48:11","modified_gmt":"2025-08-04T13:48:11","slug":"transferts-pro-d2-cest-fait-pour-alban-placines-a-biarritz-ca-ne-se-fera-pas-pour-fritz-lee","status":"publish","type":"post","link":"https:\/\/www.europesays.com\/fr\/295853\/","title":{"rendered":"Transferts. Pro D2\u00a0: C\u2019est fait pour Alban Placines \u00e0 Biarritz, \u00e7a ne se fera pas pour Fritz Lee"},"content":{"rendered":"<p>\n                Transfert marquant pour le BO\u00a0: l\u2019ex-Toulousain Alban Placines fait son retour \u00e0 Biarritz, cinq Brennus en poche. Un renfort d\u2019exp\u00e9rience alors que la piste Fritz Lee s\u2019\u00e9loigne.\n            <\/p>\n<p>Alban Placines fait son grand retour au Biarritz olympique. Le club basque a officialis\u00e9 vendredi l\u2019engagement de l\u2019ancien troisi\u00e8me ligne du Stade Toulousain, \u00e2g\u00e9 de 32 ans. Placines avait quitt\u00e9 Biarritz en 2018 pour rejoindre Toulouse, o\u00f9 il a connu une p\u00e9riode faste, remportant cinq Boucliers de Brennus avec le club haut-garonnais. Sa riche exp\u00e9rience et son profil de leader devraient constituer un atout majeur pour le BO. \u00c0 noter que Dax s\u2019\u00e9tait \u00e9galement positionn\u00e9 pour recruter le joueur, sans succ\u00e8s.<\/p>\n<p>Lee s\u2019\u00e9loigne<\/p>\n<p>Par ailleurs, une autre piste envisag\u00e9e par Biarritz ne se concr\u00e9tisera pas\u00a0: celle menant \u00e0 Fritz Lee. Le troisi\u00e8me ligne n\u00e9o-z\u00e9landais de 36 ans, fort de 13 s\u00e9lections avec les Samoa, ne rejoindra finalement ni Biarritz ni Nice, \u00e9galement int\u00e9ress\u00e9. Selon les derni\u00e8res informations, il pourrait retourner en Nouvelle-Z\u00e9lande.<\/p>\n","protected":false},"excerpt":{"rendered":"Transfert marquant pour le BO\u00a0: l\u2019ex-Toulousain Alban Placines fait son retour \u00e0 Biarritz, cinq Brennus en poche. Un&hellip;\n","protected":false},"author":2,"featured_media":295854,"comment_status":"","ping_status":"","sticky":false,"template":"","format":"standard","meta":{"footnotes":""},"categories":[1416],"tags":[1011,27,479,1468,60],"class_list":{"0":"post-295853","1":"post","2":"type-post","3":"status-publish","4":"format-standard","5":"has-post-thumbnail","7":"category-rugby","8":"tag-fr","9":"tag-france","10":"tag-rugby","11":"tag-rugby-football","12":"tag-sports"},"share_on_mastodon":{"url":"https:\/\/pubeurope.com\/@fr\/114970814245451373","error":""},"_links":{"self":[{"href":"https:\/\/www.europesays.com\/fr\/wp-json\/wp\/v2\/posts\/295853","targetHints":{"allow":["GET"]}}],"collection":[{"href":"https:\/\/www.europesays.com\/fr\/wp-json\/wp\/v2\/posts"}],"about":[{"href":"https:\/\/www.europesays.com\/fr\/wp-json\/wp\/v2\/types\/post"}],"author":[{"embeddable":true,"href":"https:\/\/www.europesays.com\/fr\/wp-json\/wp\/v2\/users\/2"}],"replies":[{"embeddable":true,"href":"https:\/\/www.europesays.com\/fr\/wp-json\/wp\/v2\/comments?post=295853"}],"version-history":[{"count":0,"href":"https:\/\/www.europesays.com\/fr\/wp-json\/wp\/v2\/posts\/295853\/revisions"}],"wp:featuredmedia":[{"embeddable":true,"href":"https:\/\/www.europesays.com\/fr\/wp-json\/wp\/v2\/media\/295854"}],"wp:attachment":[{"href":"https:\/\/www.europesays.com\/fr\/wp-json\/wp\/v2\/media?parent=295853"}],"wp:term":[{"taxonomy":"category","embeddable":true,"href":"https:\/\/www.europesays.com\/fr\/wp-json\/wp\/v2\/categories?post=295853"},{"taxonomy":"post_tag","embeddable":true,"href":"https:\/\/www.europesays.com\/fr\/wp-json\/wp\/v2\/tags?post=295853"}],"curies":[{"name":"wp","href":"https:\/\/api.w.org\/{rel}","templated":true}]}}