{"id":295855,"date":"2025-08-04T13:49:09","date_gmt":"2025-08-04T13:49:09","guid":{"rendered":"https:\/\/www.europesays.com\/fr\/295855\/"},"modified":"2025-08-04T13:49:09","modified_gmt":"2025-08-04T13:49:09","slug":"atp-toronto-andrey-rublev-se-confie-au-sujet-de-son-coach-notre-relation-va-bien-au-dela-de-celle-dun-entraineur-et-dun-joueur-il-fait-partie-de-ma-famille","status":"publish","type":"post","link":"https:\/\/www.europesays.com\/fr\/295855\/","title":{"rendered":"ATP &#8211; Toronto > Andrey Rublev se confie au sujet de son coach : \u00ab\u00a0Notre relation va bien au-del\u00e0 de celle d&rsquo;un entra\u00eeneur et d&rsquo;un joueur. Il fait partie de ma famille.\u00a0\u00bb"},"content":{"rendered":"<p>On conna\u00eet le Russe pour son temp\u00e9\u00adra\u00adment volca\u00adnique, parfois limite sur le court. En revanche, on sait qu\u2019il est l\u2019un des joueurs pr\u00e9f\u00e9r\u00e9s des fans sur le circuit, de par sa sinc\u00e9rit\u00e9.<\/p>\n<p>Interrog\u00e9 en conf\u00e9\u00adrence de presse apr\u00e8s sa victoire sur abandon au 3e set contre Davidovich Fokina (6\u00f77, 7\u20446, 3\u20440), le Russe est revenu sur sa rela\u00adtion avec Fernando Vicente\u00a0:<\/p>\n<p><strong>\u00ab\u202fNotre rela\u00adtion va bien au\u2010del\u00e0 de celle d\u2019un entra\u00ee\u00adneur et d\u2019un joueur. Il fait partie de ma famille et le restera toute ma vie, quoi qu\u2019il arrive. Il a sacrifi\u00e9 toute sa vie pour \u00eatre \u00e0 mes c\u00f4t\u00e9s quand j\u2019en avais le plus besoin, quand j\u2019\u00e9tais seul. C\u2019est un excellent entra\u00ee\u00adneur, mais surtout, c\u2019est la meilleure personne que j\u2019au\u00adrais pu rencon\u00adtrer dans le monde du tennis. Nous avons une connexion incroyable, nous rions beau\u00adcoup ensemble. \u00a0Il ne travaille pas pour l\u2019argent, il n\u2019a d\u2019autre int\u00e9r\u00eat que de m\u2019aider parce qu\u2019il le veut. Il a fait pour moi des choses qu\u2019aucun autre entra\u00ee\u00adneur ne ferait\u202f; il a des valeurs humaines exceptionnelles.\u202f\u00bb<\/strong><\/p>\n<p>Une rela\u00adtion avec son coach que le Russe n\u2019h\u00e9site pas \u00e0 mettre en avant. On sait que les joueurs du circuit ont parfois du mal \u00e0 trouver une rela\u00adtion stable avec leur entra\u00eeneur.<\/p>\n<p>Accompagn\u00e9 par l\u2019Espagnol Fernando Vicente depuis plusieurs saisons, le Russe ne semble pas pr\u00e8s de mettre fin \u00e0 cette colla\u00adbo\u00adra\u00adtion avec le coach ib\u00e9rique.<\/p>\n<p>On le retrou\u00advera en quart de finale du c\u00f4t\u00e9 du tournoi de Toronto, o\u00f9 il affron\u00adtera l\u2019Am\u00e9ricain Taylor Fritz. Leur bilan est actuel\u00adle\u00adment de 5 victoires pour Fritz contre 4 pour Andrey.<\/p>\n<p class=\"post-published-date\" style=\"color: silver; font-size: 75%; text-align: left;\">Publi\u00e9 le lundi 4 ao\u00fbt 2025 \u00e0 14:15<\/p>\n","protected":false},"excerpt":{"rendered":"On conna\u00eet le Russe pour son temp\u00e9\u00adra\u00adment volca\u00adnique, parfois limite sur le court. En revanche, on sait qu\u2019il&hellip;\n","protected":false},"author":2,"featured_media":295856,"comment_status":"","ping_status":"","sticky":false,"template":"","format":"standard","meta":{"footnotes":""},"categories":[1415],"tags":[1011,27,60,1467],"class_list":{"0":"post-295855","1":"post","2":"type-post","3":"status-publish","4":"format-standard","5":"has-post-thumbnail","7":"category-tennis","8":"tag-fr","9":"tag-france","10":"tag-sports","11":"tag-tennis"},"share_on_mastodon":{"url":"https:\/\/pubeurope.com\/@fr\/114970818177375261","error":""},"_links":{"self":[{"href":"https:\/\/www.europesays.com\/fr\/wp-json\/wp\/v2\/posts\/295855","targetHints":{"allow":["GET"]}}],"collection":[{"href":"https:\/\/www.europesays.com\/fr\/wp-json\/wp\/v2\/posts"}],"about":[{"href":"https:\/\/www.europesays.com\/fr\/wp-json\/wp\/v2\/types\/post"}],"author":[{"embeddable":true,"href":"https:\/\/www.europesays.com\/fr\/wp-json\/wp\/v2\/users\/2"}],"replies":[{"embeddable":true,"href":"https:\/\/www.europesays.com\/fr\/wp-json\/wp\/v2\/comments?post=295855"}],"version-history":[{"count":0,"href":"https:\/\/www.europesays.com\/fr\/wp-json\/wp\/v2\/posts\/295855\/revisions"}],"wp:featuredmedia":[{"embeddable":true,"href":"https:\/\/www.europesays.com\/fr\/wp-json\/wp\/v2\/media\/295856"}],"wp:attachment":[{"href":"https:\/\/www.europesays.com\/fr\/wp-json\/wp\/v2\/media?parent=295855"}],"wp:term":[{"taxonomy":"category","embeddable":true,"href":"https:\/\/www.europesays.com\/fr\/wp-json\/wp\/v2\/categories?post=295855"},{"taxonomy":"post_tag","embeddable":true,"href":"https:\/\/www.europesays.com\/fr\/wp-json\/wp\/v2\/tags?post=295855"}],"curies":[{"name":"wp","href":"https:\/\/api.w.org\/{rel}","templated":true}]}}